{"id":1064,"date":"2009-09-27T22:13:39","date_gmt":"2009-09-27T20:13:39","guid":{"rendered":"http:\/\/www.nedsblog.de\/?p=1064"},"modified":"2009-09-27T22:13:39","modified_gmt":"2009-09-27T20:13:39","slug":"bundesliga-7-spieltag","status":"publish","type":"post","link":"http:\/\/www.nedsblog.de\/?p=1064","title":{"rendered":"Bundesliga, 7. Spieltag"},"content":{"rendered":"<p><strong>oder:<\/strong> So zieht man dem diesj\u00e4hrigem Bayernjahrgang die Lederhosen aus.<br \/>\nMein Wort zum Spiel: clever.<\/p>\n<h2>Wie war&#8217;s?<\/h2>\n<p>Ein Spitzenspiel! Volles Haus, Superwetter, was will das Fanherz mehr? Lustigerweise wollte ich gerade pleitegeiger auf dem Handy anrufen um zu Fragen wo sie steht, da steht sie nur drei Pl\u00e4tze von mir entfernt! Also schonmal Probe stehen f\u00fcr Berlin. Hat ja sehr gut geklappt. Leider mu\u00dfte dann ein Zug erwischt werden, so da\u00df die letzten Minuten ohne Pleitegeiger \u00fcber die B\u00fchne gebracht werden mu\u00dften.<\/p>\n<p>Das Spiel fing gleich mit einer lustigen Aufstellung der Bayern an. Ivica als Mittelst\u00fcrmer. Das haben schon andere versucht. Dann noch die 3er Abwehrkette Breno-van(wirwerdendichimmerauspfeifen)Buyten-Badstuber. Unser Trainer versucht auch den Gegner zu verwirren: Boateng spielt den Linksverteidiger. Darauf mu\u00df man erst mal kommen. Aogo ist ja zur Zeit nicht so gut drauf, steht gerne mal zu weit weg vom Mann. Und das Ergebnis davon? Robben und auch Ribery kommen nicht zur Geltung. Ausschalten kann man die beiden nie, aber richtige Gefahr ging selten von denen aus. Ivica hat mit dem Fu\u00dfballgott gesprochen und kein Tor geschossen. Danke Ivica.<\/p>\n<p>Mal ein Einwurf: Warum spielt ein Schweinsteiger kontinuierlich in der Nationalelf w\u00e4hrend ein Boateng das nicht tut? Warum werden die M\u00fcllers und Badstubers hoch gelobt und man denkt dar\u00fcber nach sie in die N11 einzuladen und Boateng spielt keine Rolle. Leistungsprinzip sieht anders aus&#8230;<\/p>\n<p>Wie wichtig unser Kapit\u00e4n doch ist. Das merkt man immer erst, wenn er mal nicht auf dem Platz ist (Osnabr\u00fcck). Zu Z\u00e9 Roberto will ich garnichts mehr sagen. Das macht echt mal Spa\u00df. Und die Vorlage zum Treffer von Petric gibt er auch noch. Gott m\u00fcssen die Bayernfans jetzt kotzen.<\/p>\n<p>Sorgen macht es mir aber, da\u00df wir immer am Limit spielen m\u00fcssen um gut zu spielen. Das wird so in der gesamten Saison nicht gut gehen. Vielleicht ist es der Plan der Spieler gewesen, einen Wettbewerb abzuschenken, damit die K\u00f6rner die Saison reichen. Die Europa League ist es hoffentlich nicht. Immerhin ist das Finale in meinem Wohnzimmer. Mal sehen, was in der Winterpause noch gemacht wird. Einen St\u00fcrmer jetzt zu verpflichten halte ich f\u00fcr keine gute Alternative. Die Jungs aus der zweiten Mannschaft k\u00f6nnen ja auch mal ausprobiert werden.<\/p>\n<blockquote><p>Matze sagt:<br \/>\nWarum k\u00f6nnen wir nur gegen gute Mannschaften ordentlich Fu\u00dfball spielen? Wie auch immer, tolles Spiel von beiden Mannschaften. Wir standen prima in der defensive. Was w\u00fcrden wir blo\u00df ohne Z\u00e9 machen? Der Typ ist der Wahnsinn, erledigt auch noch seinen Ex-Club. Boateng geh\u00f6rt zu Jogi!\n<\/p><\/blockquote>\n<h2>Was bleibt?<\/h2>\n<p><strong>Tor<\/strong><br \/>\nZweimal gut reagiert, ansonsten nicht viel zu tun. Trotzdem habe ich immer noch ein mulmiges Gef\u00fchl, wenn ein Ball auf unser Tor kommt.<br \/>\n<strong>Abwehr<\/strong><br \/>\nSolide gegen die Bayernoffensive. Aber immer noch nicht stabil.<br \/>\n<strong>Mittelfeld<\/strong><br \/>\nStark. Sehr sogar.<br \/>\n<strong>Sturm<\/strong><br \/>\nPetric war ne Wucht.<br \/>\n<strong>Spieler des Spiels:<\/strong><br \/>\nBoateng. Gegen solch Weltklassegegner eine Spitzenpartie geliefert!<\/p>\n<h2>Was sagt die Statistik?<\/h2>\n<p>Einzelleistung<br \/>\n<a href=\"http:\/\/www.nedsblog.de\/wp-content\/uploads\/BL07.jpg\"><img loading=\"lazy\" decoding=\"async\" src=\"http:\/\/www.nedsblog.de\/wp-content\/uploads\/BL07-300x150.jpg\" alt=\"BL07\" title=\"BL07\" width=\"300\" height=\"150\" class=\"alignnone size-medium wp-image-1067\" srcset=\"http:\/\/www.nedsblog.de\/wp-content\/uploads\/BL07-300x150.jpg 300w, http:\/\/www.nedsblog.de\/wp-content\/uploads\/BL07.jpg 647w\" sizes=\"auto, (max-width: 300px) 100vw, 300px\" \/><\/a><br \/>\nGesamt<br \/>\n<iframe width='275' height='200' frameborder='0' src='http:\/\/spreadsheets.google.com\/pub?key=tPaK-hC0UySNUkz_ZCgVZ6w&#038;single=true&#038;gid=0&#038;range=A1%3AB10&#038;output=html'><\/iframe><\/p>\n<h2>Die Anderen?<\/h2>\n<p><em>BVB-S04<\/em><br \/>\nManuel und Kevin m\u00fc\u00dfen wohl zur Kindergartenleitung. Haben sich daneben benommen die beiden.<\/p>\n<p><em>SCF-MGL<\/em><br \/>\n3-0. Eindeutig. Freiburg gut gestartet.<\/p>\n<p><em>FCN-BOC<\/em><br \/>\nImmer noch 35 Punkte. Solche Spiele m\u00fcssen zu Hause gewonnen werden.<\/p>\n<p><em>WOB-H96<\/em><br \/>\nDer Meister kommt auf Touren. Gut, da\u00df wir die schon ausw\u00e4rts besiegt haben.<\/p>\n<p><em>Wer da?-M05<\/em><br \/>\nWie schlecht ist denn die Mainer Offensive bitte? Ich meine die Pr\u00e4hma Abwehr ist l\u00f6chrig wie die Abwehr des HSV gegen unterklassige Gegner.<\/p>\n<p><em>FC Poldi-LEV<\/em><br \/>\nWieder ein Derby. Vizekusen weiter auf Platz 2. Der FC denkbar schlecht gestartet. Ich w\u00fcrde mich totlachen, wenn Prinz Poldi absteigt.<\/p>\n<p><em>FRA-VFB<\/em><br \/>\nDer VfB mal h\u00fc mal hott, erinnert mich an uns. Aber bisher haben wir es in der Liga noch gebogen.<\/p>\n<p><em>15,88-BSC<\/em><br \/>\nGegen Hoffenheim kann man verlieren ausw\u00e4rts. F\u00fcr die Berliner ist es mal echt beschissen gelaufen bisher. Das wird hoffentlich so bleiben.<\/p>\n<h2>Was war sonst noch?<\/h2>\n<p>Helge war mit im Stadion. Gegen Bayern wird er wohl nun immer mitkommen m\u00fcssen.<br \/>\n<a href=\"http:\/\/www.nedsblog.de\/wp-content\/uploads\/Bayern-Helge.jpg\"><img loading=\"lazy\" decoding=\"async\" src=\"http:\/\/www.nedsblog.de\/wp-content\/uploads\/Bayern-Helge-300x225.jpg\" alt=\"Bayern-Helge\" title=\"Bayern-Helge\" width=\"300\" height=\"225\" class=\"alignnone size-medium wp-image-1070\" srcset=\"http:\/\/www.nedsblog.de\/wp-content\/uploads\/Bayern-Helge-300x225.jpg 300w, http:\/\/www.nedsblog.de\/wp-content\/uploads\/Bayern-Helge-1024x768.jpg 1024w, http:\/\/www.nedsblog.de\/wp-content\/uploads\/Bayern-Helge.jpg 2048w\" sizes=\"auto, (max-width: 300px) 100vw, 300px\" \/><\/a><br \/>\nN\u00e4chster Stopp: Berlin. Und ich bin dabei!<\/p>\n<p>In diesem Sinne: <strong>Nur der HSV!<\/strong><\/p>\n<p style=\"font-size: x-small\">Heute mal keine Gebete an den Fu\u00dfballgott. Heute pa\u00dft es.<\/p>\n","protected":false},"excerpt":{"rendered":"<p>oder: So zieht man dem diesj\u00e4hrigem Bayernjahrgang die Lederhosen aus. Mein Wort zum Spiel: clever. Wie war&#8217;s? Ein Spitzenspiel! Volles Haus, Superwetter, was will das Fanherz mehr? Lustigerweise wollte ich gerade pleitegeiger auf dem Handy anrufen um zu Fragen wo sie steht, da steht sie nur drei Pl\u00e4tze von mir entfernt! Also schonmal Probe stehen [&hellip;]<\/p>\n","protected":false},"author":2,"featured_media":0,"comment_status":"open","ping_status":"open","sticky":false,"template":"","format":"standard","meta":{"footnotes":""},"categories":[23,4],"tags":[642,35,639,14],"class_list":["post-1064","post","type-post","status-publish","format-standard","hentry","category-bundesliga","category-hsv","tag-bundesliga","tag-heimspiel","tag-hsv","tag-saison-20092010"],"_links":{"self":[{"href":"http:\/\/www.nedsblog.de\/index.php?rest_route=\/wp\/v2\/posts\/1064","targetHints":{"allow":["GET"]}}],"collection":[{"href":"http:\/\/www.nedsblog.de\/index.php?rest_route=\/wp\/v2\/posts"}],"about":[{"href":"http:\/\/www.nedsblog.de\/index.php?rest_route=\/wp\/v2\/types\/post"}],"author":[{"embeddable":true,"href":"http:\/\/www.nedsblog.de\/index.php?rest_route=\/wp\/v2\/users\/2"}],"replies":[{"embeddable":true,"href":"http:\/\/www.nedsblog.de\/index.php?rest_route=%2Fwp%2Fv2%2Fcomments&post=1064"}],"version-history":[{"count":5,"href":"http:\/\/www.nedsblog.de\/index.php?rest_route=\/wp\/v2\/posts\/1064\/revisions"}],"predecessor-version":[{"id":1073,"href":"http:\/\/www.nedsblog.de\/index.php?rest_route=\/wp\/v2\/posts\/1064\/revisions\/1073"}],"wp:attachment":[{"href":"http:\/\/www.nedsblog.de\/index.php?rest_route=%2Fwp%2Fv2%2Fmedia&parent=1064"}],"wp:term":[{"taxonomy":"category","embeddable":true,"href":"http:\/\/www.nedsblog.de\/index.php?rest_route=%2Fwp%2Fv2%2Fcategories&post=1064"},{"taxonomy":"post_tag","embeddable":true,"href":"http:\/\/www.nedsblog.de\/index.php?rest_route=%2Fwp%2Fv2%2Ftags&post=1064"}],"curies":[{"name":"wp","href":"https:\/\/api.w.org\/{rel}","templated":true}]}}