{"id":1465,"date":"2010-01-06T19:27:36","date_gmt":"2010-01-06T18:27:36","guid":{"rendered":"http:\/\/www.nedsblog.de\/?p=1465"},"modified":"2010-01-06T15:28:23","modified_gmt":"2010-01-06T14:28:23","slug":"bundesliga-hinrunde-20092010-teil-ii","status":"publish","type":"post","link":"http:\/\/www.nedsblog.de\/?p=1465","title":{"rendered":"Bundesliga Hinrunde 2009\/2010 Teil II"},"content":{"rendered":"<p>Im <a href=\"http:\/\/www.nedsblog.de\/?p=1441\">ersten Teil<\/a> meines R\u00fcckblickes auf die Hinrunde habe ich ein bi\u00dfchen Zahlenkram durchgenommen.<\/p>\n<p>Der zweite Teil widmet sich den Spielern im Tor und in der Abwehr.<\/p>\n<p>Es ist meine pers\u00f6nliche Bewertung, die gerne kommentiert, zerrissen, best\u00e4tigt, etc. werden kann.<\/p>\n<h2>Tor<\/h2>\n<p><strong>Rost<\/strong><br \/>\nkicker Note 2,88 im Schnitt. Damit auf Rang 7 aller Torh\u00fcter. Einmal wurde er in die Elf des Tages bei kicker gew\u00e4hlt (9. Spieltag gegen Leverkusen). Wen es interessiert, der schaue sich diese <a href=\"http:\/\/www.nedsblog.de\/wp-content\/uploads\/Hinrunde_0910-Torh\u00fcter-Noten.gif\" target=\"_blank\">Grafik<\/a> an.<br \/>\n(Grafische Darstellung der vom kicker vergebenen Noten der Torh\u00fcter. Auffallend dabei: Frank Rost hat wenig Ausschl\u00e4ge nach oben oder unten.)<\/p>\n<p>Ich pers\u00f6nlich finde ihn zu gut bewertet. Gerade am Anfang der Saison waren seine Leistungen meiner Meinung nach nicht so gut. Ein paar der Tore h\u00e4tte er vor 2 oder 3 Jahren gehalten.<br \/>\nUnd: Ich glaube ich habe F\u00e4ustel ein paar mal erwischt: Gerade bei hohen Flanken wirkte er z\u00f6gerlich. Er als alter Haudegen kann aber sein fehlerhaftes Z\u00f6gern so gut einsch\u00e4tzen, da\u00df er ein paar mal wieder halbherzig zur\u00fcck Richtung Torlinie schritt. Ein Tor ist so nicht gefallen. Aber: Er konnte den Abwehrspieler anschreien, weil der ja den Zweikampf nicht gewonnen hat, nicht zum Ball gegangen ist, etc. <\/p>\n<p>Andere Torh\u00fcter h\u00e4tten das rauslaufen durchgezogen. Der Fehler w\u00e4re aufgefallen, Kritik w\u00e4re eingesteckt worden, Lehren daraus gezogen worden und gut ist. Nicht so aber F\u00e4ustel. Er wei\u00df, wie das Gesch\u00e4ft l\u00e4uft.<\/p>\n<p>Eure Bewertung: 2,23. Damit Platz 7.<br \/>\nBesser also als ich oder der kicker ihn sieht.<\/p>\n<p>Ich glaube wir werden keine Spiele wegen F\u00e4ustel verlieren. Aber gewinnen werden wir wegen ihm auch keine. Wir haben einen guten Erstligatorh\u00fcter. Aber er ist eben auch schon 36. Und wenn sein Vertrag nun verl\u00e4ngert wird, verpassen wir einen \u00dcbergang zu einem j\u00fcngeren Torh\u00fcter. Schade. Ich traue es Labbadia n\u00e4mlich nicht zu, da\u00df er ihn aus der Elf schmei\u00dft, wenn seine Leistungen schlechter werden sollten.<\/p>\n<p>Und meiner Meinung nach, hat er sich nicht in der \u00d6ffentlichkeit zu einem potentiellen Sportchef zu \u00e4u\u00dfern. Warum sollte das ein Angstellter tun, wenn ein neuer Chef gesucht wird? M\u00fcndiger Profi, klar! Aber da geht es um <del datetime=\"2009-12-28T09:54:03+00:00\">firmen<\/del>vereinsinternes, was an in der \u00d6ffentlichkeit nichts zu suchen hat. Klar m\u00f6chte ich m\u00fcndige Profis, aber internes hat intern zu bleiben!<\/p>\n<p><strong>Hesl<\/strong><br \/>\nWofgang Hesl hat 4mal f\u00fcr uns in dieser Saison gespielt. Allesamt Spiele um denen es um nichts so richtig ging. Ok, gegen die Franzosen aus Guingamp ging es um die Qualifikation f\u00fcr die Playoffs der Vorrundenspiele zur Gruppenphasenauscheidungsspielvorrunde der Europa League oder so.<\/p>\n<p>Schwer ist es seine Leistung einzusch\u00e4tzen. Ich w\u00fcrde ihn tats\u00e4chlich gerne mal in der Bundesliga spielen sehen. Weil sonst m\u00fc\u00dfen wir uns einen anderen suchen, wenn unsere Nummer 1 irgendwann nicht mehr spielt.<\/p>\n<p><strong>Mickel<\/strong><br \/>\n16 Gegentore in 17 Spielen. Ich habe noch kein Spiel unserer zweiten gesehen, kann also nicht einsch\u00e4tzen, wie viel Anteil Tom Mickel an diesen Leistungen hatte. U Nationalspieler ist er. <\/p>\n<h2>Abwehr<\/h2>\n<p><strong>Silva<\/strong><br \/>\nBrauchen wir ihn noch? Also die Innenverteidigung steht, ein Backup ist da (Rozehnal). Wenn er lernt IV zu spielen, dann w\u00fcrde ich ihn gerne im Kader zur\u00fcck sehen. Im DM sehe ich ihn nicht.<\/p>\n<p><strong>Rozehnal<\/strong><br \/>\nAls der Tscheche verpflichtet wurde, habe ich mich gefreut. Gefreut, da\u00df wir f\u00fcr Jerome und Mahijsen einen <a href=\"http:\/\/www.nedsblog.de\/?p=585\">Backup<\/a> verpflichtet haben. Das freut mich auch immer noch. In der ersten Elf sehe ich ihn erstmal nicht mehr, solange Boateng und Mathijsen gesund sind und dem Trainer nicht einf\u00e4llt, Boateng wieder sonstwo aufzustellen.<br \/>\nJa, er hat einige B\u00f6cke geschossen. Er ist auch nicht der schnellste. Sein Zweikampfverhalten ist auch nicht so gut. Ja, ich wei\u00df das. Aber man wird nicht umsonst tschechischer Nationalspieler. Er ist ein erfahrener IV. Als Backup m\u00f6chte ich so einen gerne in unserer Mannschaft wissen.<\/p>\n<p>Eure Note: 4,63. Seine beste Note ist eine 3 und die bekam er auch nur ein mal. Er belegt den letzten Platz. <\/p>\n<p><strong>Reinhardt<\/strong><br \/>\nLangzeitverletzt. Ich hoffe er kann noch ein Spiel f\u00fcr uns machen. W\u00fcrde mich freuen. Mal sehen, vielleicht bleibt er danach weiter im Verein. Seine ersten Gehversuche macht er ja als Kolumnenschreiber bei <a href=\"http:\/\/www.hsv.de\/news\/basti-backstage\" target=\"_blank\">hsv.de<\/a> (Klickbefehl!).<\/p>\n<p><strong>Mathijsen<\/strong><br \/>\nUnser Joris. Super Hinrunde. Von euch zurecht mit der Durschnittsnote 2,44 bewertet.<br \/>\nAber: Er ist nicht der schnellste. Das ist gegen Mannschaften, die gegen uns Kontern nicht gut. Manchmal l\u00e4\u00dft mir die Konzentration am Ende des Spiels all zu sehr nach (Schalke, 3-3).<br \/>\nMit Boateng an der Seite aber haben wir eine sehr gute Innenverteidigung.<\/p>\n<p><strong>Aogo<\/strong><br \/>\nHinten links nicht mehr wegzudenken. Gesetzt. Tolle Leistung in der Hinrunde.<br \/>\nDer offensivste Abwehrspieler: 28 Torschu\u00dfvorlagen, damit Platz 2 aller Spieler! Erst zwei Vorlagen, aber da er immer mehr auch die Ecken schie\u00dft, kommen da wohl noch welche dazu.<br \/>\nDefensiv finde ich hat er noch einen Schritt nach vorne gemacht. Der dritte Platz bei den Zweik\u00e4mpfen belegt das. Ich kann mich in dieser Saison nur an ein schlechtes Spiel erinnern (gegen Stuttgart) und da war es auch nur die erste H\u00e4lfte. Jansen im linken Mittelfeld vor ihm, da\u00df sieht nach einer guten R\u00fcckrunde aus.<\/p>\n<p>Eurer Notenschnitt: 2,56<\/p>\n<p>Der kicker hat in seiner allhalbj\u00e4hrlichen Rangliste den guten Aogo einfach vergessen. St\u00fcmper!<\/p>\n<p><strong>Boateng<\/strong><br \/>\nEine Perle in unserem Team. Jung, dynamisch, tolles Auge.<br \/>\nOK, manchmal auch etwas \u00fcberheblich, zu dynamisch. Macht halt Fehler, ist ja auch noch jung. Schl\u00e4gt P\u00e4sse, wo ich mich immer Frage, wo er die herholt.<br \/>\nSeine Daten sprechen f\u00fcr ihn: 62,67% seiner Zweik\u00e4mpfe gewonnen, 80% seiner P\u00e4sse kommen an, 56 Ballkontakte pro Spiel. Eure Note: 2,12 (Platz 5).<\/p>\n<p>Ein wenig mehr Konzentration am Ende eines Spiels, die \u00dcberheblichkeit abstellen dann wird die R\u00fcckrunde ein Fest mit ihm. St\u00f6rger\u00e4usche wie die abgebrochene Verhandlung bez\u00fcglich einer Vetrags\u00e4nderung (im Sommer kann er wohl f\u00fcr 12 Mio. Euro gehen) sollten abgestellt werden.<\/p>\n<p>Einer der besten in der Vorrunde.<\/p>\n<p><strong>Demel<\/strong><br \/>\nMein Guy. Ja, ist einer meiner Lieblingsspieler. Deswegen f\u00e4llt mir ein objektive Betrachtung sehr schwer.<br \/>\nDie Fakten: Ihr habt ihm eine 2,84 gegeben. Er liegt damit nur knapp \u00fcber dem Schnitt aller HSV Spieler (2,80). Zweik\u00e4mpfe gewinnt er knapp \u00fcber die H\u00e4lfte (54%), 79% seiner P\u00e4sse kommen an. Da vorne rechts mittlerweile mit Elia, Trochowski und Torun vermeintlich potentere Flankengeber spielen, sind seine offensiven Vorst\u00f6\u00dfe deutlich weniger geworden. Die Dynamik fehlt mittlerweile auch ein wenig.<br \/>\nEr wird aber immer mein Guy bleiben!<\/p>\n<p><strong>Benjamin<\/strong><br \/>\nNoch so ein Langzeitverletzter. Hat in der Qualifikation zur PlayOff Phase der Vorrunde der EuropaLeaugue gegen Randers und Guingamp gespielt. Danach nicht mehr.<br \/>\nIst aber wohl sehr wichtig in der Mannschaft. Dienst\u00e4ltester Profi. Ich hoffe, ich kann ihn nochmal spielen sehen. Ich mag Collo. Ohne Bewertung<\/p>\n<p><strong>Stepanek<\/strong><br \/>\nLangzeitverletzter. (das HSV-Unwort des Jahres 2009?)<br \/>\nJetzt im Trainingslager dabei. Ohne Bewertung<\/p>\n<p><strong>Schulz<\/strong><br \/>\nProfi, der haupts\u00e4chlich in der zweiten Mannschaft spielt. 11 Spiele hat er dort gemacht. Sa\u00df auf der Reservebank, durfte sich aufw\u00e4rmen, wegen der vielen Verletzten. In der Europa League (2 x Glasgow, 1 x Wien). Zweimal davon zu Hause. Ohne Bewertung.<\/p>\n<h2>Zwischenfazit<\/h2>\n<p>Aogo und Boateng.<br \/>\nDas sind meine Spieler der Vorrunde in diesem Teil.<\/p>\n<p>Ich gebe unserer Defensive insgesamt aber nur eine 3+. Zu viele unn\u00f6tige Gegentore, nachlassende Konzentration am Ende eines Spieles, teilweise Stellungsfehler bei ruhenden B\u00e4llen. Das Plus ist verdient, weil wir mit 17 Gegentoren nur eins pro Spiel erhalten, damit in der Gegentortabelle auf Platz 6 sind.<\/p>\n<p>Ich w\u00fcrde mich freuen, wenn ihr eure Meinung in die Kommentare schreiben w\u00fcrdet.<\/p>\n<p>In diesem Sinne: <strong>Nur der HSV!<\/strong><\/p>\n","protected":false},"excerpt":{"rendered":"<p>Im ersten Teil meines R\u00fcckblickes auf die Hinrunde habe ich ein bi\u00dfchen Zahlenkram durchgenommen. Der zweite Teil widmet sich den Spielern im Tor und in der Abwehr. Es ist meine pers\u00f6nliche Bewertung, die gerne kommentiert, zerrissen, best\u00e4tigt, etc. werden kann. Tor Rost kicker Note 2,88 im Schnitt. Damit auf Rang 7 aller Torh\u00fcter. Einmal wurde [&hellip;]<\/p>\n","protected":false},"author":2,"featured_media":0,"comment_status":"open","ping_status":"open","sticky":false,"template":"","format":"standard","meta":{"footnotes":""},"categories":[23,4],"tags":[82,80,642,79,639,14,81],"class_list":["post-1465","post","type-post","status-publish","format-standard","hentry","category-bundesliga","category-hsv","tag-abwehr","tag-bewertung","tag-bundesliga","tag-hinrunde","tag-hsv","tag-saison-20092010","tag-tor"],"_links":{"self":[{"href":"http:\/\/www.nedsblog.de\/index.php?rest_route=\/wp\/v2\/posts\/1465","targetHints":{"allow":["GET"]}}],"collection":[{"href":"http:\/\/www.nedsblog.de\/index.php?rest_route=\/wp\/v2\/posts"}],"about":[{"href":"http:\/\/www.nedsblog.de\/index.php?rest_route=\/wp\/v2\/types\/post"}],"author":[{"embeddable":true,"href":"http:\/\/www.nedsblog.de\/index.php?rest_route=\/wp\/v2\/users\/2"}],"replies":[{"embeddable":true,"href":"http:\/\/www.nedsblog.de\/index.php?rest_route=%2Fwp%2Fv2%2Fcomments&post=1465"}],"version-history":[{"count":37,"href":"http:\/\/www.nedsblog.de\/index.php?rest_route=\/wp\/v2\/posts\/1465\/revisions"}],"predecessor-version":[{"id":1673,"href":"http:\/\/www.nedsblog.de\/index.php?rest_route=\/wp\/v2\/posts\/1465\/revisions\/1673"}],"wp:attachment":[{"href":"http:\/\/www.nedsblog.de\/index.php?rest_route=%2Fwp%2Fv2%2Fmedia&parent=1465"}],"wp:term":[{"taxonomy":"category","embeddable":true,"href":"http:\/\/www.nedsblog.de\/index.php?rest_route=%2Fwp%2Fv2%2Fcategories&post=1465"},{"taxonomy":"post_tag","embeddable":true,"href":"http:\/\/www.nedsblog.de\/index.php?rest_route=%2Fwp%2Fv2%2Ftags&post=1465"}],"curies":[{"name":"wp","href":"https:\/\/api.w.org\/{rel}","templated":true}]}}