{"id":1467,"date":"2010-01-12T12:00:19","date_gmt":"2010-01-12T11:00:19","guid":{"rendered":"http:\/\/www.nedsblog.de\/?p=1467"},"modified":"2010-01-14T10:32:00","modified_gmt":"2010-01-14T09:32:00","slug":"bundesliga-hinrunde-20092010-teil-iii","status":"publish","type":"post","link":"http:\/\/www.nedsblog.de\/?p=1467","title":{"rendered":"Bundesliga Hinrunde 2009\/2010 Teil III"},"content":{"rendered":"<p>Nach <a href=\"http:\/\/www.nedsblog.de\/?p=1441\" target=\"_blank\">Zahlenkram<\/a> und der <a href=\"http:\/\/www.nedsblog.de\/?p=1465\" target=\"_blank\">Defensive<\/a> folgt nun Mittelfeld und Sturm.<\/p>\n<p>Wie immer bitte beachten: Das ist meine Meinung. Gerne k\u00f6nnte ihr anderer sein und diese \u00e4u\u00dfern!<\/p>\n<h2>Mittelfeld<\/h2>\n<p><strong>Jansen<\/strong><br \/>\nDie Winterpause kam f\u00fcr ihn wohl nicht zum richtigen Zeitpunkt. Seine letzten Spiele waren echt grossartig. Nach seiner Verletzung kam er immer besser ins Spiel. Leider habe ich keine Statistik \u00fcber die Laufleistung der Spieler gefunden, aber mein Eindruck von den Spielen war immer, da\u00df er einer der Spieler mit den meisten gelaufenen Metern war. <\/p>\n<p>Als offensiver Mittelfeldspieler ist seine Passgenauigkeit nicht gut (nur 65% der P\u00e4sse kommen an, somit vorletzter in der Kategorie.) Er spielt auch wenig P\u00e4sse (19 pro Spiel, Platz 14). Im von mir kreierten Ranking &#8222;Offensiv Faktor&#8220; steht er auf Platz 6, obwohl er nur 9 Spiele gemacht hat. Er hat einen OF von 3,44 pro Spiel, steht damit auch auf Platz 6.<\/p>\n<blockquote><p>Exkurs Offensiv Faktor<br \/>\nIch habe einfach die Tore, Torvorlagen, Torsch\u00fc\u00dfe und Torschu\u00dfvorlagen (Quellen kicker.de und bundesliga.de) addiert. Pro Spiel dann einfach die Summe durch die Spiele. Tabelle dazu <a href=\"http:\/\/spreadsheets.google.com\/ccc?key=0Av4ETf833YNgdG9jTmxwdUdzcW54RkdnNlFzWHlhS1E&#038;hl=en\" target=\"_blank\">hier<\/a>.\n<\/p><\/blockquote>\n<p>Eure Note f\u00fcr ihn: Eine glatte 2. Zurecht wie ich finde. Einer der Kandidaten f\u00fcr Nationalmannschaft. Bleibt er ohne Verletzungen, dann wird er ein wesentlicher Bestandteil f\u00fcr eine erfolgreiche R\u00fcckrunde. Er ist ein sehr guter Fu\u00dfballer. Wenn er lernt etwas robuster zu werden, dann wird ein ein ganz gro\u00dfer Fu\u00dfballer.<\/p>\n<p><strong>Z\u00e9 Roberto<\/strong><br \/>\nAls er verpflichtet wurde, war ich ein wenig skeptisch. Aber nach den ersten Spielen war ich begeistert. Einer der St\u00fctzen der erfolgreichen Hinrunde. 5 Tore, 5 Vorlagen in 12 Spielen (nur Elia hat mehr Scorerpunkte). Er schie\u00dft einmal pro Spiel aufs Tor (Damit Platz 6 in der internen Rangliste) und gibt eine Torschu\u00dfvorlage pro Spiel. Seine Mitspieler passen ihm h\u00e4ufig den Ball zu (58 Ballkontakte pro Spiel, Platz 5). Sein Offensiv Faktor: 3,83 pro Spiel, damit Platz 5.<\/p>\n<p>Er gewinnt 56% seiner Zweik\u00e4mpfe. Damit bester Mittelfeldspieler. 21 Zweik\u00e4mpfe bestreitet er pro Spiel. Drittbester Passgeber im Team (84%). Als defensiver Mittelfeldspieler m\u00fcssten meiner Meinung nach die Zweikampfwerte besser sein. Auch w\u00fcrde ich erwarten, da\u00df er den Ball mehr noch aus der defensive nach vorne tr\u00e4gt und dort \u00fcbergibt. Ich mag es nicht, wenn Joris oder Jerome f\u00fcr den Aufbau des Spieles verantwortlich gemacht werden.<\/p>\n<p>Ein richtig guter Fu\u00dfballer. Macht seine Nebenleute besser. Ich hoffe er wird schnell wieder gesund, er hebt das spielerische Niveau. Mir ist von ihm tats\u00e4chlich kein schlechtes Spiel von ihm h\u00e4ngen geblieben. Ich meine ihn in den letzten beiden Spielen vor seiner Verletzung als nicht so auff\u00e4llig in Erinnerung zu haben, aber wirklich schlecht war er nicht. Das Hickhack um seinen verl\u00e4ngerten Urlaub h\u00e4tte ich nicht erwartet, aber mir ist so, als wenn das in Leverkusen auch mal so war. Kann mich aber auch irren. Tja, die Brasilianer m\u00f6gen den Winter selbst dann nicht, wenn sie ihn schon so lange kennen wie er.<\/p>\n<p>Eure Note f\u00fcr ihn: 1,30. Damit Platz 1.<br \/>\n24 Einsen, 8 Zweien und eine Drei. Hat euch wohl durchgehend \u00fcberzeugt, mich auch. Aber mein Spieler der Vorrunde ist er nicht. Hoffen wir, da\u00df das Theater um seine R\u00fcckkehr nach Deutschland hat keinen Riss im Mannschaftsgef\u00fcge zur Folge. <\/p>\n<p><strong>Elia<\/strong><br \/>\nIch glaube ich spreche hier f\u00fcr viele: Bombentransfer! 9, 10, 11.5 Mio Euro? Mir egal, jeder Cent gut investiert. Ich hatte eigentlich erwartet, da\u00df er ein wenig l\u00e4nger braucht, um in der Bundesliga mithalten zu k\u00f6nnen. Aber angekommen ist er schon in der Hinrunde. Seine Werte 5 Tore (1), 8 Vorlagen (1), 23 Torsch\u00fc\u00dfe (3) und 37 Torschu\u00dfvorlagen (1). Elia kann viel laufen (das wer da? Spiel war unglaublich: Fu\u00df kaputt, Boden kn\u00fcppelhart und dann nur noch zu 10. auf dem Platz! Tolle Leistung.) UND den Ball mitnehmen. Sein Offensiv Faktor ist absolut gesehen der beste (73), pro Spiel ist er vierter. Noch erw\u00e4hnenswert: Er bestreitet die meisten Zweik\u00e4mpfe aller Spieler: 419 (24,6 pro Spiel).<\/p>\n<p>Eure Note: 1,53. Platz 2.<br \/>\nEiner der, wenn nicht der, Spieler der Hinrunde. Ich freue mich auf die R\u00fcckrunde mit ihm. Wenn er weiter die Leistungen bringt und noch eine gute WM spielt, dann werden die Sportdirektoren der gro\u00dfen Vereine bei B.H. (oder unserem neuen Sportdirektor) Schlange stehen mit den gro\u00dfen Geldkoffern in der Hand. Wir m\u00fcssen also eine sehr gute R\u00fcckrunde spielen, alleine schon um Elia halten zu k\u00f6nnen.<\/p>\n<p><strong>Tesche<\/strong><br \/>\nZwei Spiele von Beginn (Bochum und TSG). In beiden Bundesligaspielen nicht unbedingt \u00fcberzeugt. Seine Spiel von Beginn gegen Rapid in der Europa League war da besser. Er mu\u00df wohl noch seinen Platz in der Mannschaft finden. Ich meine in Bielefeld war er eher offensiv eingesetzt, bei uns habe ich ihn irgendwie defensiver gesehen. <\/p>\n<p>In der Hinrunde ein Erg\u00e4nzungsspieler, wird sich in der R\u00fcckrunde wohl auch nicht \u00e4ndern.<\/p>\n<p>Eure Note: 3,4.<\/p>\n<p><strong>Jarolim<\/strong><br \/>\nUnser Kapit\u00e4n. Bekommt jeden Spieltag eine Flei\u00dfbienchen in sein Heftchen vom Trainer geklebt. Gef\u00fchlt \u00fcberall auf dem Platz. Vorbild was Einsatz, Laufbereitschaft und Kampfeswillen angeht. Seine Werte: 90% seiner P\u00e4sse kommen an. Er spielt mit Abstand die meisten P\u00e4sse (993 total, 58 pro Spiel). Kein Wunder, da\u00df er den Ball so h\u00e4ufig passt, er bekommt ihn ja auch immer (72 mal pro Spiel, Platz 1). Von den gef\u00fchrten Zweik\u00e4mpfe gewinnt er nur knapp \u00fcber die H\u00e4lfte.<br \/>\nSein Offensiv Faktor ist 1,76 pro Spiel. Platz 10. Woran erkennt man, da\u00df er offensiv gesehen der Right Fielder des Teams ist (f\u00fcr die zahlreichen nicht Baseballkenner: Der Right Fielder ist immer der schlechteste Spieler auf dem Platz, wenn es um die defensive im Aussenfeld geht. Warum? Weil dort fast nie ein Ball hinkommt, der irgendwie verarbeitet werden mu\u00df)? Bei Eckb\u00e4llen sichert er immer nach hinten ab. Das mu\u00df ja jemand machen, also nimmt man den, der am wenigsten offensive Gefahr ausstrahlt. Das ist unser Jaro. <\/p>\n<p>W\u00fcrde er auch noch Tore schie\u00dfen oder wenigstens mal aufs Tor schie\u00dfen, ja dann &#8230;<\/p>\n<p>Eure Note: 2,36 (Platz 8 )<br \/>\nEine solide Hinrunde von ihm. Er ist reifer geworden. Meiner Meinung nach h\u00e4lt er den Ball noch zu lange, mu\u00df schneller passen. In einigen Spielen, wenn Z\u00e9, Elia, Petric und Guerrero den Ball kreiseln lie\u00dfen, wirkte er wie ein Klotz am Bein: Die Geschwindigkeit des Spieles mit dem Ball war ihm dann zu hoch.<br \/>\nAus der Mannschaft  nicht wegzudenken. <\/p>\n<p><strong>Trochowski<\/strong><br \/>\nPuh. Erstmal: Hamburg Billstedt rockt! Troche kommt nunmal aus dem gleichen Stadtteil wie ich, da mu\u00df man auch mal Stolz drauf sein!<\/p>\n<p>Er hat in dieser Saison das erste Mal die Chance gehabt zu gl\u00e4nzen. Also sich weiter zu entwickeln und das Team zu f\u00fchren.<br \/>\nDer Trainer stellt ihn in der Regel aussen auf. Was soll man dort wohl machen? Mal die Aussenlinie runter und Flanken ist so was. Aber nein, er zieht mit dem Ball immer in die Mitte. Das geht vielleicht 2, 3 mal gut, aber dann hat das der Gegner verstanden. Ich \u00e4rgerte mich diese Hinrunde sehr h\u00e4ufig \u00fcber genau das. Ebenfalls: Er mu\u00df den Ball mehr fordern! Gerade in Situationen, wo niemand wei\u00df, was zu tun ist, da fordere ich von ihm mehr Verantwortung zu \u00fcbernehmen. Ecken und Freist\u00f6\u00dfe werden auch pl\u00f6tzlich von anderen geschossen. Woran das wohl liegt? <\/p>\n<p>Laut <a href=\"http:\/\/www.kicker.de\/news\/fussball\/bundesliga\/startseite\/518711\/artikel_Vukcevic-kommt-nur-von-der-Bank.html\" target=\"_blank\">kicker<\/a> wurde Trochowski 11 mal ausgewechselt, beim HSV ist das der Spitzenwert. Irgendwie bezeichnend f\u00fcr seine Hinrunde.<\/p>\n<p>Seine Werte lesen sich so schlecht aber garnicht: 3 Tore, 4 Vorlagen, 43 Torsch\u00fcsse (1) und 19 Torschu\u00dfvorlagen (3). Sein Offensiv Faktor ist der zweitbeste (69), pro Spiel steht er auf Platz 3 mit 4,31. Er bekommt (oder fordert zu wenig?) nur 54 mal pro Spiel den Ball. Diesen bringt er aber zu 82% an den Mann, wenn er dann passen sollte. <\/p>\n<p>Die letzten beiden Spiele von der Bank und das Trainingslager haben ihm hoffentlich deutlich gemacht, da\u00df von ihm sehr viel mehr kommen mu\u00df.<\/p>\n<p>Eure Note: 3,50. (der kicker gibt 3,82. Da ist er wohl auf unserer Seite.)<\/p>\n<p>Die R\u00fcckrunde ist sehr entscheidend f\u00fcr ihn. Wenn er mit nach S\u00fcdafrika will, dann mu\u00df er noch zulegen. Ich hoffe er hat das verstanden, irgendwie glaube ich immer noch an ihn (liegt wohl daran, da\u00df wir beide aus HH-Billstedt sind&#8230;)<\/p>\n<p><strong>Castelen<\/strong><br \/>\nOhne Bewertung. Er hat 31 Minuten gespielt. Er soll erstmal nur eines: Gesund werden. Rechts vorne bestimmt eine Alternative. Aber, kommt er diese Saison nochmal zur\u00fcck?<\/p>\n<p><strong>Arslan<\/strong><br \/>\nAus der U19 von Dortmund gekommen. War wohl eher f\u00fcr die zweite Mannschaft verpflichtet worden, aber die Verletztenmisere sp\u00fclte ihn in den Kader und sogar zweimal in die Startelf (gegen Bochum und Leverkusen). Viel produziert hat er in den Minuten nicht. Aber in Ans\u00e4tzen konnte man erkennen, was noch in ihm steckt. Aufbauen, ausbauen, schnuppern lassen. Sind alle gesund, sitzt er aber nicht mal auf der Bank. <\/p>\n<p>Eure Note: 3,46.<\/p>\n<p><strong>Pitroipa<\/strong><br \/>\nUnser Pitroipa. Was soll ich zu ihm sagen? Ich denke er ist ein guter Spieler. Ein guter Zweitligaspieler, aber in der Bundesliga fehlt es irgendwie. Offensiv Faktor 13. Selbst Boateng hat 14. Und der ist Abwehrspieler. Ich denke mal, wenn er vom Africa Cup wieder kommt, wird er meistens auf der Bank sitzen und auf seine Einwechslung warten. Er ist schnell, vergisst aber oft den Ball. Wenn er ihn dann noch hat, dann sind seine weiteren Aktionen selten gef\u00e4hrlich. <\/p>\n<p>Eure Note: 3,60. (Der kicker hat ihm eine 3,50 gegeben)<br \/>\nDie R\u00fcckrunde fing gut an (Tor in Freiburg) danach hat er mich aber zu keiner Zeit \u00fcberzeugt. Gegen Union Berlin oder FC Augsburg w\u00e4re er bestimmt bester Mann auf dem Platz. Aber in Bundesliga&#8230;<\/p>\n<p><strong>Gro\u00df<\/strong><br \/>\n15 Spiele in der Regionalliga. Im Trainingslager hat er ein Testspiel gemacht. Ohne Bewertung.<\/p>\n<p><strong>Rinc\u00f3n<\/strong><br \/>\nWer h\u00e4tte das gedacht. Im letzten Winter kam er mit 6 anderen. Brachte es gerade auf 3 Minuten. F\u00fcr mich sah es so aus, als wenn im Dezember 2009 ein Abschied so gut wie sicher ist. Aber da war wohl was im Training, was dem Trainer aufgefallen ist. Anscheinend hat er niemals im Training nachgelassen, hat sich immer angeboten. Er durfte mal ran. Ein paar Spielminuten. Es folgte dann seine (letzte?) Chance, doch noch einen Vertrag zu bekommen: Z\u00e9 Roberto verletzte sich. Und ich finde er diese Chance sehr gut genutzt. Wenn man bedenkt, da\u00df er erst 21 Jahre ist, hat er die ganze Wartezeit gut \u00fcberstanden und genutzt. Gegen wer da? folgte dann sein bisheriges Meisterst\u00fcck: Ein tolles Spiel von ihm!<\/p>\n<p>Sein auff\u00e4lligster Statisikwert: er f\u00fchrt 22 Zweik\u00e4mpfe pro Spiel, ist damit 4. <\/p>\n<p>Im defensiven Mittelfeld sehe ich ihn als ein Mann f\u00fcr die Zukunft. Z\u00e9 wird nicht j\u00fcnger. Er kann ihn also aufbauen! Ihm was beibringen. Das hat wohl auch der Verein erkannt und ihm einen Vertrag bis 2014 gegeben. Gut so!<\/p>\n<p>Eure Note: 2,52. Hat wohl auch bei euch einen sehr guten Eindruck hinterlassen.<br \/>\nZum Start der R\u00fcckrunde wird er wohl hinten rechts gebraucht. Danach sehe ich ihn eher im defensiven Mittelfeld. Aber was passiert, wenn Z\u00e9 wieder gesund ist?<\/p>\n<p><strong>Tavares<\/strong><br \/>\nEine gro\u00dfe Entt\u00e4uschung. 30 Minuten in der Bundesliga. Und das bei den vielen Verletzten. Eine Verpflichtung der ber\u00fchmt ber\u00fcchtigten 6 aus dem letztem Winter. Will gehen. Bitte, wenn jemand Geld gibt. N\u00fcrnberg hat Geld geboten. Wir haben aber wohl abgelehnt.<br \/>\nWenn es noch was werden soll, dann in den ersten Spielen der R\u00fcckrunde. Sonst wird er im Sommer gehen m\u00fcssen.<\/p>\n<p><strong>Behrens<\/strong><br \/>\nIch will garnich viel hier schreiben. Lest lieber bei 18mal18.de was ich \u00fcber ihn geschrieben habe: <a href=\"http:\/\/www.18mal18.de\/2010\/01\/12\/mit-den-profis-trainiert\/\" target=\"_blank\">Mit den Profis trainiert.<\/a><\/p>\n<h2>Sturm<\/h2>\n<p><strong>Guerrero<\/strong><br \/>\nMal nur die Zahlen: 60 Ballkontakte pro Spiel (Platz 3), 86% seiner P\u00e4sse kommen an (Platz 2), Offensiv Faktor pro Spiel 7,5 (Platz 1: mit einem gro\u00dfen Vorsprung). Gegner unter anderem Dortmund und Wolfsburg. Und dann leider seine Verletzung nach dem 4. Spieltag. WM-Qualifikationsspiel.<\/p>\n<p>Mein Eindruck von den ersten 4 Spielen: Das wird eine starke Saison von Paolo: Er wirkte fit und seine Aktionen im Spiel wirkten noch, wie soll ich sagen, reifer. <\/p>\n<p>Wer wei\u00df, wo wir stehen w\u00fcrden, wenn Paolo nicht verletzt w\u00e4re. Aber h\u00e4tte, werde, k\u00f6nnte&#8230;<\/p>\n<p>Ich hoffe wir werden ihn nochmal f\u00fcr den HSV spielen sehen. Der Vertrag l\u00e4uft aus und es sieht nach sehr z\u00e4hen Verhandlungen aus. Bernd Hoffmann macht nur, was wirtschaftlich f\u00fcr den Verein zu stemmen ist. <\/p>\n<p>Eure Note: 2,18.<br \/>\nMeine Hoffnung: Er spielt in der R\u00fcckrunde nochmal f\u00fcr uns.<\/p>\n<p><strong>Petric<\/strong><br \/>\nH\u00e4tte, w\u00e4re, k\u00f6nnte Part zwei. Warum? Na hier steht&#8217;s geschrieben:<br \/>\n<iframe width='140' height='180' frameborder='0' src='http:\/\/spreadsheets.google.com\/pub?key=tSlLV5PKs4WDwAGGEGYpxcw&#038;single=true&#038;gid=7&#038;range=A1%3AC9&#038;output=html'><\/iframe><br \/>\nAls er weg war lief es nicht mehr. Nun ist er wieder da und es l\u00e4uft wieder.<br \/>\nSein Offensiv Faktor: 54 (Platz 3), pro Spiel 4,91 (Platz 2). <\/p>\n<p>Er ist nicht unbedingt der &#8222;arbeitende&#8220; St\u00fcrmer. Das ist aber auch nicht unbedingt notwendig, denn er ist zum Tore schie\u00dfen da. Neben ihn werden die Elias, Bergs und Toruns wachsen, lernen und besser werden.<\/p>\n<p>Eure Note: 1,68. Zu recht.<br \/>\nDie R\u00fcckrunde mit ihm wird gut. Er zieht die Jungen mit gro\u00df und wenn Guerrero nochmal spielen sollte, dann haben wir ein Topduo vorne drin.<\/p>\n<p><strong>Berg<\/strong><br \/>\nSchlechtester St\u00fcrmer, wenn man nach meinem Offensiv Faktor geht. 2,00 ist wenig. Auch wenn man die anderen &#8222;normalen&#8220; Statistiken nimmt, belegt er immer die letzten Pl\u00e4tze: Zweik\u00e4mpfe (28%), Ballkontakte (20 pro Spiel), Passgenauigkeit (75%), keine Torvorlage. Immerhin ist er zweitbester &#8222;Aufs-Tor-Schiesser&#8220; von den St\u00fcrmern, wobei Petric mit 5 Spielen weniger 9 Torsch\u00fcsse mehr auf dem Konto hat.<\/p>\n<p>So viel negatives, wo ist denn das positive?<br \/>\nIn Ans\u00e4tzen konnte man oft sehen, da\u00df er gute Anlagen hat. Ich bin gewillt ihm noch Zeit zu geben. Meiner Meinung nach mu\u00df er sich noch nicht mal in der R\u00fcckrunde beweisen. Er wurde ja als Backup gekauft, sollte von den Gro\u00dfen lernen. Das gestehe ich im auch weiterhin zu: La\u00dft den Burschen lernen. Ich glaube, er kann noch ein echt guter werden.<\/p>\n<p>Eure Note: 3,31<br \/>\nEr mu\u00df weiter lernen. Die R\u00fcckrunde kann nur besser werden. Ich gebe ihm aber die Zeit zu lernen.<\/p>\n<p><strong>Beister<\/strong><br \/>\nEin Kurzeinsatz gegen Bochum. Erkl\u00e4rt mir bitte irgendwann mal jemand, was es hilft, einen hoffnungsvollen Jungspieler in der 89. Minute einzuwechseln, wenn wir 0:1 hinten liegen? Wem oder was soll das helfen? Um Auflaufpr\u00e4mie kann es da wohl nicht gehen, oder?<br \/>\nAnsonsten hat er in der Regionalliga Nord viel gespielt. In 14 Spielen 4 Tore. Nur Rafael Kazior hat mehr Tore geschossen.<\/p>\n<p>Er gilt als einer der n\u00e4chsten, der den Sprung schaffen k\u00f6nnte. Ich bin gespannt.<\/p>\n<p>Eure Note: 3,83<\/p>\n<p><strong>Torun<\/strong><br \/>\nTolle Entwicklung in der Hinrunde. Unter Martin Jol in der letzten Saison immer mal auf der Bank, aber mit gerade mal 7 Minuten Spielzeit in der Bundesliga und 10 Minuten im UEFA Cup (ja, damals hie\u00df der noch so) war von einem echten Einsatz bei den Profis nichts zu sehen. In der Regionalliga hat er getroffen und vorbereitet (7 Tore\/5 Vorlagen).<br \/>\nDiese Hinrunde dann seine Chance. Ich lasse es mal im Raum stehen, ob er die bekommen h\u00e4tte, wenn wir nicht so viele Verletzte gehabt h\u00e4tten. Er hat eine Chance bekommen und hat diese genutzt. 8 Bundesligaspiele, 5 von Beginn an. 2 Tore, eine Vorlage. Offensiv Faktor 2,25. Damit drittbester St\u00fcrmer. Er hat teilweise anstelle von Trochowski gespielt. Er kann also auch hinter den Spitzen spielen. Ich finde man hat in allen Spielen gesehen, da\u00df er seine Chance nutzen will. Kein Ausruhen auf den Lorbeeren, sonder immer mit  vollem Einsatz. <\/p>\n<p>Eure Note: 2,78<br \/>\nHoffentlich h\u00e4lt er die Spannung und schafft es sein Spielniveau weiter zu steigern. Er ist erst 19, das darf man dabei nicht vergessen! Halten, Spielen lassen, Erfahrungen sammeln lassen, dann werden wir viel Spa\u00df an ihm haben. Und das beste: Ein Hamburger Jung ist er auch noch.<\/p>\n<h2>Fazit<\/h2>\n<p>Auch hier nur ein Zwischenfazit: Im dritten Teil sind meine Spieler der Hinrunde Elia und Petric. Im f\u00fcnften Teil ziehe ich mein abschlie\u00dfendes Fazit. Als n\u00e4chstes folgt ein Blick auf die Leihspieler.<\/p>\n<p>In diesem Sinne: <strong>Nur der HSV!<\/strong><\/p>\n","protected":false},"excerpt":{"rendered":"<p>Nach Zahlenkram und der Defensive folgt nun Mittelfeld und Sturm. Wie immer bitte beachten: Das ist meine Meinung. Gerne k\u00f6nnte ihr anderer sein und diese \u00e4u\u00dfern! Mittelfeld Jansen Die Winterpause kam f\u00fcr ihn wohl nicht zum richtigen Zeitpunkt. Seine letzten Spiele waren echt grossartig. Nach seiner Verletzung kam er immer besser ins Spiel. Leider habe [&hellip;]<\/p>\n","protected":false},"author":2,"featured_media":0,"comment_status":"open","ping_status":"open","sticky":false,"template":"","format":"standard","meta":{"footnotes":""},"categories":[41,23,4],"tags":[644,80,642,42,79,639,10,83,14,84],"class_list":["post-1467","post","type-post","status-publish","format-standard","hentry","category-18mal18","category-bundesliga","category-hsv","tag-18mal18","tag-bewertung","tag-bundesliga","tag-hanno-behrens","tag-hinrunde","tag-hsv","tag-kader","tag-mittelfeld","tag-saison-20092010","tag-sturm"],"_links":{"self":[{"href":"http:\/\/www.nedsblog.de\/index.php?rest_route=\/wp\/v2\/posts\/1467","targetHints":{"allow":["GET"]}}],"collection":[{"href":"http:\/\/www.nedsblog.de\/index.php?rest_route=\/wp\/v2\/posts"}],"about":[{"href":"http:\/\/www.nedsblog.de\/index.php?rest_route=\/wp\/v2\/types\/post"}],"author":[{"embeddable":true,"href":"http:\/\/www.nedsblog.de\/index.php?rest_route=\/wp\/v2\/users\/2"}],"replies":[{"embeddable":true,"href":"http:\/\/www.nedsblog.de\/index.php?rest_route=%2Fwp%2Fv2%2Fcomments&post=1467"}],"version-history":[{"count":57,"href":"http:\/\/www.nedsblog.de\/index.php?rest_route=\/wp\/v2\/posts\/1467\/revisions"}],"predecessor-version":[{"id":1731,"href":"http:\/\/www.nedsblog.de\/index.php?rest_route=\/wp\/v2\/posts\/1467\/revisions\/1731"}],"wp:attachment":[{"href":"http:\/\/www.nedsblog.de\/index.php?rest_route=%2Fwp%2Fv2%2Fmedia&parent=1467"}],"wp:term":[{"taxonomy":"category","embeddable":true,"href":"http:\/\/www.nedsblog.de\/index.php?rest_route=%2Fwp%2Fv2%2Fcategories&post=1467"},{"taxonomy":"post_tag","embeddable":true,"href":"http:\/\/www.nedsblog.de\/index.php?rest_route=%2Fwp%2Fv2%2Ftags&post=1467"}],"curies":[{"name":"wp","href":"https:\/\/api.w.org\/{rel}","templated":true}]}}