{"id":170,"date":"2009-06-25T17:16:01","date_gmt":"2009-06-25T15:16:01","guid":{"rendered":"http:\/\/www.nedsblog.de\/?p=170"},"modified":"2009-06-26T20:04:49","modified_gmt":"2009-06-26T18:04:49","slug":"der-alleinherrscher-und-meine-forderungen","status":"publish","type":"post","link":"http:\/\/www.nedsblog.de\/?p=170","title":{"rendered":"Der Alleinherrscher und meine Forderungen"},"content":{"rendered":"<p style=\"text-align: left;\">Nun sind 3 Tage vergangen, seit dem <del datetime=\"2009-06-25T14:55:01+00:00\">Dukaten-Didi entlassen<\/del> <del datetime=\"2009-06-26T18:03:23+00:00\">Dukaten-Didi gek\u00fcndigt <\/del>der HSV den Vertrag mit dem Sportchef einvernehmlich aufgel\u00f6st hat.<\/p>\n<p style=\"text-align: left;\">Nachdem ich viele Interviews gelesen, gesehen und geh\u00f6rt habe, Kommentare in diversen Blogs verfolgt habe und dem Rauschen des Zwitscherwaldes gefolgt bin habe ich mir die Frage gestellt, was ich jetzt von dem neuen Alleinallumfassendverantwortlichen-megaCEFIOchefpatriarchen des Hamburger  Sport-Verein e.V.  zum Ende der Saison 2009\/2010 erwarte.<\/p>\n<p style=\"text-align: left;\">Das ist dabei rausgekommen:<\/p>\n<ol>\n<li> Mindestens Platz 3 in der Bundesliga<\/li>\n<li> Mindestens 2 Junge Spieler aus der eigenen Jugend in den Kader einbinden<\/li>\n<li> Die Neuverpflichtungen, die mehr als 3 Mio. Euro kosten sind sofort in den Kader integriert und spielen mindestens 20 Pflichtspiele<\/li>\n<li> Aufstieg der HSV U23 in die Regionalliga<\/li>\n<\/ol>\n<p style=\"text-align: left;\">Warum bin ich so dreist und fordere dies?<\/p>\n<p style=\"text-align: left;\">Nunja, in den UEFA Cup haben wir es auch mit Didi geschafft. (1).<br \/>\nDie Jugendarbeit hat uns unter Didi keinen neuen selbst ausgebildeten Spieler in den Kader der Bundesligamannschaft gesp\u00fclt. (2)<br \/>\nB.H. war ja unzufrieden, dass von den elf Profis , die jeweils \u00fcber drei Millionen Euro gekostet haben, nur vier zu festen Gr\u00f6\u00dfen im Kader geworden sind (3)<br \/>\nDie HSV II ist fast abgestiegen, als Didi noch Sportchef war. (4)<\/p>\n<p>Es wird ja nun mit Bernd Hoffmann in der alleinigen Verantwortung alles besser. Immerhin mu\u00dfte ja die Notbremse gezogen werden, um einer negativen Entwicklung rechtzeitig entgegen zu wirken.<br \/>\nIch fordere noch nichtmal eine positive Transferbilanz (Immerhin +21Mio. 08\/09 unter dem ehemaligen Sportchef).<\/p>\n<p style=\"text-align: left;\">Und einen Titel fordere ich auch nicht. Bin nun 22 Jahre ohne Titelgewinn und werden 2010 23 Jahre ohne Titelgewinn sein. Da konnte leider auch Dukaten-Didi nichts daran \u00e4ndern. Und warum sollte genau das durch Bernd Hoffmann ge\u00e4ndert werden?<\/p>\n<p style=\"text-align: left;\">Kleine Frage am Rande:<br \/>\nWer von den HSV Verantwortlichen von heute war 1987 (letzter Titelgewinn) ist heute aktuell im Verein angestellt?<\/p>\n<p style=\"text-align: left;\">Richtig:<br \/>\n<del datetime=\"2009-06-25T14:55:01+00:00\">Dietmar Beiersdorfer<\/del><br \/>\nKeiner.<br \/>\nAber korrigiert mich, wenn ich irre (Bernd Wehmeyer t\u00e4te mir noch einfallen, aber da bin ich nicht sicher.)<\/p>\n<p style=\"text-align: left;\">In diesem Sinne: Nur der HSV!<\/p>\n","protected":false},"excerpt":{"rendered":"<p>Nun sind 3 Tage vergangen, seit dem Dukaten-Didi entlassen Dukaten-Didi gek\u00fcndigt der HSV den Vertrag mit dem Sportchef einvernehmlich aufgel\u00f6st hat. Nachdem ich viele Interviews gelesen, gesehen und geh\u00f6rt habe, Kommentare in diversen Blogs verfolgt habe und dem Rauschen des Zwitscherwaldes gefolgt bin habe ich mir die Frage gestellt, was ich jetzt von dem neuen [&hellip;]<\/p>\n","protected":false},"author":2,"featured_media":0,"comment_status":"open","ping_status":"open","sticky":false,"template":"","format":"standard","meta":{"footnotes":""},"categories":[4],"tags":[18,17,639,14],"class_list":["post-170","post","type-post","status-publish","format-standard","hentry","category-hsv","tag-beiersdorfer","tag-hoffman","tag-hsv","tag-saison-20092010"],"_links":{"self":[{"href":"http:\/\/www.nedsblog.de\/index.php?rest_route=\/wp\/v2\/posts\/170","targetHints":{"allow":["GET"]}}],"collection":[{"href":"http:\/\/www.nedsblog.de\/index.php?rest_route=\/wp\/v2\/posts"}],"about":[{"href":"http:\/\/www.nedsblog.de\/index.php?rest_route=\/wp\/v2\/types\/post"}],"author":[{"embeddable":true,"href":"http:\/\/www.nedsblog.de\/index.php?rest_route=\/wp\/v2\/users\/2"}],"replies":[{"embeddable":true,"href":"http:\/\/www.nedsblog.de\/index.php?rest_route=%2Fwp%2Fv2%2Fcomments&post=170"}],"version-history":[{"count":33,"href":"http:\/\/www.nedsblog.de\/index.php?rest_route=\/wp\/v2\/posts\/170\/revisions"}],"predecessor-version":[{"id":203,"href":"http:\/\/www.nedsblog.de\/index.php?rest_route=\/wp\/v2\/posts\/170\/revisions\/203"}],"wp:attachment":[{"href":"http:\/\/www.nedsblog.de\/index.php?rest_route=%2Fwp%2Fv2%2Fmedia&parent=170"}],"wp:term":[{"taxonomy":"category","embeddable":true,"href":"http:\/\/www.nedsblog.de\/index.php?rest_route=%2Fwp%2Fv2%2Fcategories&post=170"},{"taxonomy":"post_tag","embeddable":true,"href":"http:\/\/www.nedsblog.de\/index.php?rest_route=%2Fwp%2Fv2%2Ftags&post=170"}],"curies":[{"name":"wp","href":"https:\/\/api.w.org\/{rel}","templated":true}]}}