{"id":1903,"date":"2010-02-13T12:22:35","date_gmt":"2010-02-13T11:22:35","guid":{"rendered":"http:\/\/www.nedsblog.de\/?p=1903"},"modified":"2010-02-13T12:45:02","modified_gmt":"2010-02-13T11:45:02","slug":"was-der-gastgeber-sagt","status":"publish","type":"post","link":"http:\/\/www.nedsblog.de\/?p=1903","title":{"rendered":"Was der Gastgeber sagt."},"content":{"rendered":"<p><del datetime=\"2010-02-13T08:10:56+00:00\">Morgen <\/del>Heute steht das n\u00e4chste schwere Ausw\u00e4rtsspiel an: Wir spielen gegen den VfB Stuttgart.<\/p>\n<p>Ich will euch nicht mit Statistiken langweilen (nur kurz sei erw\u00e4hnt: 44 Spiele, 11 Siege, 10 Unentschieden, 23 Niederlagen ist unsere Ausw\u00e4rtsbilanz gegen den VfB). Stattdessen habe ich mit <a href=\"http:\/\/twitter.com\/heinzkamke\" target=\"_blank\">heinzkamke<\/a> ein Interview gef\u00fchrt. Seinen Blog kann ich euch sehr empfehlen, ihr findet diesen <a href=\"http:\/\/angedacht.wordpress.com\/\" target=\"_blank\">hier<\/a>. <\/p>\n<p><strong>nedfuller:<\/strong> Eure Serie seit der Entlassung von Markus Babbel beeindruckt. Nur ein Unentschieden in Mainz ansonsten habt ihr alle Spiele gewonnen. Ist Christian Gross nun so ein guter Trainer?<\/p>\n<p><strong>heinzkamke:<\/strong> Christian Gross ist ein guter Trainer, das glaube ich ganz bestimmt. Die Wende nach dem Trainerwechsel mag zwar auch ein St\u00fcck weit dem &#8222;Neue Besen&#8220;-Effekt (von dem ich nicht wei\u00df, ob er empirisch belegbar ist) geschuldet gewesen sein; inzwischen habe ich aber das Gef\u00fchl, dass er sehr genau wei\u00df, was er tut und was er will, und das setzt er dann auch konsequent um. Bisher funktioniert es. Vielleicht noch ein konkreter Punkt, an dem er sich stark von Markus Babbel abhebt: Gross hat sich auf eine Stammelf festgelegt, der er den R\u00fccken st\u00e4rkt. Zwar gibt es gelegentlich die eine oder andere Ver\u00e4nderung (mal f\u00e4ngt Gebhart an, mal Hilbert), aber insgesamt sorgt er erst einmal f\u00fcr Kontinuit\u00e4t. Ehemalige Wackelkandidaten wie Pogrebnyak oder Marica zahlen ihm das mit Leistung zur\u00fcck; f\u00fcr die aktuelle Nummer 12, Kuzmanovic, ist es indes bitter.<\/p>\n<p><strong>nedfuller dazu:<\/strong> Also hat Babbel den Fehler gemacht, keine Stammelf zu haben. Ich erinnere mich, da\u00df ihm das auch von der \u00d6ffentlichkeit vorgeworfen wurde.<\/p>\n<p><strong>nedfuller:<\/strong> Hleb und Pogrebnyak, auch in Stuttgart scheut man nicht vor grossen Namen. Wie kommt ihr in Stuttgart mit den Topstars so zurecht?<\/p>\n<p><strong>heinzkamke:<\/strong> Pogrebnyak w\u00fcrde ich international nicht zu den ganz gro\u00dfen Namen z\u00e4hlen, verglichen mit van Nistelrooy, Z\u00e9 Roberto oder van der Vaart. Hleb schon eher, aber da spielt die Historie nat\u00fcrlich eine gro\u00dfe Rolle &#8211; er kann hier nicht ernsthaft als internationaler Topstar aus der gro\u00dfen weiten Fu\u00dfballwelt auftreten, nachdem er einst als 19-j\u00e4hriger bei den VfB-Amateuren begann. Wobei man nat\u00fcrlich durchaus den Standpunkt vertreten kann, dass er den Weg zur\u00fcck in die Stuttgarter Fu\u00dfballprovinz untersch\u00e4tzt und zu wenig gearbeitet hat. Wenn man dann noch in einem Interview andeutet, hier ganz anders spielen zu m\u00fcssen, weil die Mitspieler nicht die Klasse derer in London oder Barcelona haben, geht sowas halt auch einmal nach hinten los. Christian Gross und Horst Heldt werden sich in den n\u00e4chsten Wochen sehr genau \u00fcberlegen, ob sie sich bem\u00fchen, ihn \u00fcber den Leihvertrag hinaus zu halten.   <\/p>\n<p><strong>nedfuller:<\/strong> Stell dir vor, du bist der Trainer eures Gegners. Wie w\u00fcrdest du gegen euch Stuttgart spielen?<\/p>\n<p><strong>heinzkamke:<\/strong> In der Vorrunde war diese Frage recht einfach zu beantworten. Wer hinten einigerma\u00dfen massiert und gut organisiert stand, brauchte die VfB-Offensive nicht zu f\u00fcrchten und konnte zudem guter Dinge sein, dass bereits wenige eigene Angriffe gen\u00fcgen w\u00fcrden, um m\u00f6glicherweise spielentscheidende Fehler in der Stuttgarter Defensive zu provozieren. <\/p>\n<p>Mittlerweile sieht das etwas anders aus. Zum einen ist das Angriffsspiel variabler, weil man sowohl \u00fcber die Mitte als auch manchmal \u00fcber au\u00dfen gef\u00e4hrlich werden kann (und viele verschiedene Torsch\u00fctzen in seinen Reihen hat), zum anderen arbeitet der Abwehrverbund zuverl\u00e4ssiger. Speziell die Innenverteidiger wirken selbstbewusster, souver\u00e4ner, was zumindest zum Teil auch an der kompakten &#8222;Doppelsechs&#8220; liegen d\u00fcrfte. <\/p>\n<p>Als gegnerischer Trainer w\u00fcrde ich wohl f\u00fcr die Defensive viel Wert darauf legen, den Stuttgarter Spielaufbau (Khedira) fr\u00fch zu unterbinden und den \u00e4u\u00dferen Mittelfeldspielern k\u00f6rperlich robust zu begegnen. Vorne w\u00fcrde ich meine Chance \u00fcber die Au\u00dfen suchen, wo Celozzi rechts noch zu viele Fehler macht und Molinaro links zwar vor allem nach vorne schon einiges versprochen hat, hinten aber auch schon f\u00fcr einige B\u00f6cke gut war. Beide Au\u00dfenverteidiger haben zudem das Problem, dass die Unterst\u00fctzung aus dem Mittelfeld (Gebhart, Hleb) nicht immer optimal ist.<\/p>\n<p><strong>nedfuller:<\/strong> Von aussen betrachtet ist bei euch in den letzten Jahren immer Achterbahn angesagt. Warum bekommt ihr keine kontinuierliche Arbeit hin? <\/p>\n<p><strong>heinzkamke:<\/strong> Um es mal \u00fcberspitzt zu formulieren: das mit der Achterbahn ist doch ein popul\u00e4rer Mythos &#8211; zumindest wenn man betrachtet, was am Ende jeweils herauskommt: der VfB hat in den letzten 10 Jahren f\u00fcnfmal im Uefa-Cup und dreimal in der Champions League gespielt, was meines Erachtens schon eine gewisse Konstanz zum Ausdruck bringt. Seit der WM 2006 ( ich wei\u00df es zuf\u00e4llig, weil ich k\u00fcrzlich in anderem Kontext <a href=\"http:\/\/angedacht.wordpress.com\/2010\/02\/10\/loew-leverkusen\" target=\"_blank\">ein paar Zahlen ausgegraben habe<\/a> hat man  hinter Bayern und Schalke die drittmeisten Punkte aller Vereine geholt und die Pl\u00e4tze 1, 6 und 3 belegt. Ich bef\u00fcrchte, die Frage nach der Konstanz muss sich der HSV eher stellen, oder?<\/p>\n<p>Was allerdings unstrittig ist: auch wenn h\u00e4ufig am Ende ein achtbares Ergebnis steht, ist der VfB doch so etwas wie eine &#8222;Serien&#8220;-Mannschaft, die gelegentlich starken Schwankungen unterliegt. Paradebeispiel ist nat\u00fcrlich die in den letzten Jahren zur Tradition gewordene schwache Hinserie, die zumindest zweimal durch eine \u00fcberragende R\u00fcckrunde gerettet wurde &#8211; und auch jetzt hat man sich ja durch die letzten 7 Spiele erst mal aus dem tiefsten Abstiegsstrudel befreit. Ich h\u00e4tte nat\u00fcrlich nichts dagegen, wenn der Lauf anhielte&#8230; <\/p>\n<p><strong>nedfuller dazu:<\/strong> Serienmannschaft: Daf\u00fcr beneide ich euch!<\/p>\n<p><strong>nedfuller:<\/strong> Jugendarbeit liegt mir am Herzen. Was k\u00f6nnen wir von Tr\u00e4sch, Ulreich, Celozzi, Tasci, Niedermeier, Gebhart, Khedira, Rudy und Schieber noch erwarten? Wie stehst du zu dem Konflikt: Erfolg, Titel gegen eigenen Nachwuchs f\u00f6rdern?<\/p>\n<p><strong>heinzkamke:<\/strong> Vorweg: ich bin sehr gerne Anh\u00e4nger eines Vereins, der eine gute Jugendarbeit betreibt. Wobei man bei den genannten Namen ein wenig zur\u00fcckrudern muss. Celozzi und Niedermeier kommen aus der Jugend des FC Bayern, Gebhart und Tr\u00e4sch von 1860. Dessen ungeachtet bin ich \u00fcberzeugt, dass man vom Gro\u00dfteil der Genannten noch einiges erwarten darf. \u00dcber allen steht dabei Khedira, aber gerade in Sebastian Rudy (mein Faible ist vielleicht dem einen oder anderen aus <a href=\"http:\/\/www.18mal18.de\" target=\"_blank\">18mal18<\/a> bekannt) setze ich gro\u00dfe Hoffnungen, und Gebhart ist nat\u00fcrlich auch ein Riesentalent, von dem ich hoffe, dass es in Christian Gross den richtigen Trainer zur richtigen Zeit bekommen hat.<\/p>\n<p>Zum Konflikt Titel vs. Nachwuchsf\u00f6rderung: ich glaube, dass der VfB in den letzten Jahren gut daran getan hat, eigene Nachwuchsleute zu integrieren, zumal man bei dem Versuch, auch mal das etwas gr\u00f6\u00dfere Rad zu drehen, den einen oder anderen Schuss vor den Bug bekam (Tomasson, Gr\u00f8nkj\u00e6r, Bast\u00fcrk). Nat\u00fcrlich will man als Fan Titel, was ja auch gelegentlich gelingt, aber man sollte das Pr\u00e4dikat &#8222;Nachwuchsf\u00f6rder&#8220; keinesfalls aufs Spiel setzen. Mit der Kehrseite, dass man Ausnahmespieler wie Gomez oder irgendwann leider auch Khedira nicht halten kann. <\/p>\n<p><strong>nedfuller:<\/strong> Saisonziel damals und heute: Wie sah deine Erwartung vor der Saison aus und wie entt\u00e4uscht bist du von dem tats\u00e4chlichem Verlauf<\/p>\n<p><strong>heinzkamke:<\/strong> Vor der Saison hab ich gesagt: Platz 3-7 ist realistisch, 3-5 ist gut. Heute halte ich 5-16 noch f\u00fcr m\u00f6glich, 6-11 f\u00fcr realistisch, und 6-8 f\u00fcr gut. 5 f\u00fcr \u00fcberragend.<\/p>\n<p>Nat\u00fcrlich bin ich entt\u00e4uscht, weil ich mir erhofft hatte, dass man nicht wieder so schwach starten w\u00fcrde, dass es m\u00f6glich sei, trotz Trainerausbildung mit Babbel erfolgreich weiterarbeiten zu k\u00f6nnen, dass Hleb hier richtig Schwung holen w\u00fcrde f\u00fcr den dann unvermeidlichen nochmaligen Angriff auf Europas Spitze. Aber so macht die aktuelle Serie doch viel mehr Spa\u00df&#8230;<\/p>\n<p>heinzkamke hat es sich dann nicht nehmen lassen, mir ein paar Fragen zu stellen. Die findet ihr <a href=\"http:\/\/angedacht.wordpress.com\/2010\/02\/13\/gross-oder-labbadia\/\" target=\"_blank\">hier<\/a>.<\/p>\n<p>In diesem Sinne:<strong> Nur der HSV!<\/strong><\/p>\n","protected":false},"excerpt":{"rendered":"<p>Morgen Heute steht das n\u00e4chste schwere Ausw\u00e4rtsspiel an: Wir spielen gegen den VfB Stuttgart. Ich will euch nicht mit Statistiken langweilen (nur kurz sei erw\u00e4hnt: 44 Spiele, 11 Siege, 10 Unentschieden, 23 Niederlagen ist unsere Ausw\u00e4rtsbilanz gegen den VfB). Stattdessen habe ich mit heinzkamke ein Interview gef\u00fchrt. Seinen Blog kann ich euch sehr empfehlen, ihr [&hellip;]<\/p>\n","protected":false},"author":2,"featured_media":0,"comment_status":"open","ping_status":"open","sticky":false,"template":"","format":"standard","meta":{"footnotes":""},"categories":[23,4],"tags":[92,44,639,91,14,90],"class_list":["post-1903","post","type-post","status-publish","format-standard","hentry","category-bundesliga","category-hsv","tag-angedacht","tag-auswarts","tag-hsv","tag-keinzkamke","tag-saison-20092010","tag-vfb-stuttgart"],"_links":{"self":[{"href":"http:\/\/www.nedsblog.de\/index.php?rest_route=\/wp\/v2\/posts\/1903","targetHints":{"allow":["GET"]}}],"collection":[{"href":"http:\/\/www.nedsblog.de\/index.php?rest_route=\/wp\/v2\/posts"}],"about":[{"href":"http:\/\/www.nedsblog.de\/index.php?rest_route=\/wp\/v2\/types\/post"}],"author":[{"embeddable":true,"href":"http:\/\/www.nedsblog.de\/index.php?rest_route=\/wp\/v2\/users\/2"}],"replies":[{"embeddable":true,"href":"http:\/\/www.nedsblog.de\/index.php?rest_route=%2Fwp%2Fv2%2Fcomments&post=1903"}],"version-history":[{"count":12,"href":"http:\/\/www.nedsblog.de\/index.php?rest_route=\/wp\/v2\/posts\/1903\/revisions"}],"predecessor-version":[{"id":1915,"href":"http:\/\/www.nedsblog.de\/index.php?rest_route=\/wp\/v2\/posts\/1903\/revisions\/1915"}],"wp:attachment":[{"href":"http:\/\/www.nedsblog.de\/index.php?rest_route=%2Fwp%2Fv2%2Fmedia&parent=1903"}],"wp:term":[{"taxonomy":"category","embeddable":true,"href":"http:\/\/www.nedsblog.de\/index.php?rest_route=%2Fwp%2Fv2%2Fcategories&post=1903"},{"taxonomy":"post_tag","embeddable":true,"href":"http:\/\/www.nedsblog.de\/index.php?rest_route=%2Fwp%2Fv2%2Ftags&post=1903"}],"curies":[{"name":"wp","href":"https:\/\/api.w.org\/{rel}","templated":true}]}}