{"id":2049,"date":"2010-03-22T16:50:01","date_gmt":"2010-03-22T15:50:01","guid":{"rendered":"http:\/\/www.nedsblog.de\/?p=2049"},"modified":"2010-03-22T16:50:01","modified_gmt":"2010-03-22T15:50:01","slug":"bundesliga-27-spieltag","status":"publish","type":"post","link":"http:\/\/www.nedsblog.de\/?p=2049","title":{"rendered":"Bundesliga, 27. Spieltag"},"content":{"rendered":"<p><strong>oder:<\/strong> 5 Tore gegen Schalke und nur 2 Punkte geholt.<br \/>\nDas Wort zum Spiel: Hoch-und-Weit-Gebolze<br \/>\n(copyright dogfood beim <a href=\"http:\/\/www.allesaussersport.de\/archiv\/2010\/03\/21\/bundesliga-200910-27-hamburger-sv-%E2%80%93-schalke-04\/\" target=\"_blank\">livebloggen<\/a> \u00fcber das Spiel)<\/p>\n<h2>Wie war&#8217;s?<\/h2>\n<p>Magath wieder mit einer guten Taktik gegen seine gro\u00dfe Liebe (also uns)<br \/>\nMit gro\u00dfen Leuten gegen unsere rechte Seite. Torun und Rinc\u00f3n sind ja keine Riesen.  <\/p>\n<p><a href=\"http:\/\/view.picapp.com\/default.aspx?term=Schalke HSV&amp;iid=8310569\" target=\"_blank\"><img loading=\"lazy\" decoding=\"async\" src=\"http:\/\/cdn.picapp.com\/ftp\/Images\/e\/7\/d\/7\/Sports_News_2f3e.jpg?adImageId=11528413&amp;imageId=8310569\" border=\"0\" alt=\"Sports News - March 21, 2010\" width=\"234\" height=\"334\" \/><\/a><script src=\"http:\/\/cdn.pis.picapp.com\/IamProd\/PicAppPIS\/JavaScript\/PisV4.js\" type=\"text\/javascript\"><\/script><\/p>\n<p>Ansonsten kam von uns spielerisch erst in der zweiten H\u00e4lfte mehr, auch wenn ich glaube es steckt spielerisch mehr in unserer Mannschaft drin. Aber d\u00fcrfen die nicht mehr zeigen? <\/p>\n<p>Ich bin nach dem Spielverlauf einigerma\u00dfen zufrieden mit dem Punkt. Wir haben erneut teilweise nicht gut gespielt, aber wenigstens aus einem R\u00fcckstand ein Unentschieden gemacht. Die k\u00e4mpferische Einstellung in der zweiten Halbzeit war gut, man darf ja nicht vergessen, da\u00df wir am Donnerstag bereits ein schweres Spiel gegen Anderlecht bestritten hatten.<\/p>\n<p>Der Elfmeter war meiner Meinung nach keiner, Baumjohann f\u00e4llt bevor irgendein K\u00f6rperkontakt mit Ruud van Nistelrooy zustande kommt. Clever gemacht.<\/p>\n<p>Aufgefallen sind mir die Provokationen unserer Jungs gegen Rafinha. Gerade am Anfang wurden die Zweik\u00e4mpfe sehr hart gegen ihn gef\u00fchrt. Es m\u00fcndete in dem Bodycheck von Jansen. Ich w\u00fcrde gerne wissen, was er im Hinspiel unseren Jungs angetan hat. Aber ich mag ihn nicht, also immer rauf da ;-)<\/p>\n<blockquote><p><a href=\"http:\/\/twitter.com\/Matze_sagt\" target=\"_blank\">Matze sagt<\/a>:<br \/>\nBin mit dem Spiel UND dem Ergebnis zufrieden. Einstellung hat gestimmt, phasenweise haben wir sogar richtig guten Fu\u00dfball gespielt. RvN ist eine absolute Granate. Sch\u00f6n, dass er in unserem Team spielt! Na ja, \u00fcber den Elfer brauchen wir nicht reden, St\u00fcrmer haben im eigenen 16er einfach nichts zu suchen. Passiert. Petric braucht mal unbedingt eine Pause. Wieder eine Minusleistung, so deutlich muss man das mal sagen. Da wir aber keine Alternativen haben, wird es schwer ihn drau\u00dfen zu lassen. Mann des Tages ist Rincon. Der absolute Wahnsinn !!! 1000% Einsatz f\u00fcr den HSV. Wie er den Ball auf der Torlinie mit dem Kopf rettet ist weltklasse. Troche muss in dieser Form einfach gesetzt sein. Wirklich gutes Spiel von ihm. Bruno: Gib ihm doch bitte noch eine Chance. Er kann es !!! Armer Pit, dass er mit dem HSV und Bruno durch ist, hat man deutlich gesehen. Nun ist es Gewissheit, dass Pit uns im Sommer verlassen wird. Mach et jut !! So  jetzt weiter machen, und dann ist die EL-Quali kein Thema!<\/p><\/blockquote>\n<h2>Was bleibt?<\/h2>\n<p>Was mich an diesem Unentschieden \u00e4rgert: Wenn wir mal Fu\u00dfballspielen dann wird es f\u00fcr den Gegner gef\u00e4hrlich. Diese &#8222;Lange-B\u00e4lle-nach-vorne&#8220; Taktik kann einfach kein Mittel sein, zu dem der Trainer offiziell die Mannschaft auffordert. Ist dem so, dann mu\u00df er schnell weg, denn damit gewinnen wir keinen Blumentopf.<\/p>\n<p>Schreibt der Trainer vor, da\u00df wir die B\u00e4lle hoch aus der Abwehr rausspielen? Wo ist das Mittelfeld um die B\u00e4lle abzuholen? Was ist genau eigentlich der Job von Z\u00e9 Roberto? Defensiv ist mir eine rettende Gr\u00e4tsche von ihm bei einem Konter in der zweiten Halbzeit viel zu wenig. Ansonsten trabte er lustlos \u00fcber den Rasen. Seine Offensivaktionen wirken auf mich total halbherzig. Sollte er nicht 100%ig fit sein, dann mu\u00df er mal Pause machen. Sollte er keine Lust mehr haben, dann erst recht auf die Bank mit ihm.<\/p>\n<p>Das Loch zwischen Abwehr und Mittelfeld ist in der Vorw\u00e4rts- wie auch in der R\u00fcckw\u00e4rtsbewegung eklatant gro\u00df! David Jarolim rackert und l\u00e4uft, kann aber nicht alles alleine machen. Z\u00e9 Roberto hat sich etwas gesteigert, ist mir aber in der Defensive zu schwach derzeit. Vorschlag: Lasst den alten Mann mal zu Kr\u00e4ften kommen und Rinc\u00f3n wieder zur\u00fcck ins defensive Mittelfeld!<\/p>\n<p>Sorge macht mir ebenfalls die linke Abwehrseite. Wir hatten tats\u00e4chlich keinen Ersatz f\u00fcr Jansen auf der Bank? Was w\u00e4re denn geschehen, wenn er verletzt, ersch\u00f6pft ausgewechselt oder vom Platz gestellt worden w\u00e4re? Wenigstens einen Amateur (Bertram, Dettmann) h\u00e4tte ich auf der Bank erwartet.<\/p>\n<p>Im Sturm mu\u00df auch Petric meiner Meinung nach einmal eine Pause machen. Auch wenn Berg und van Nistelrooy \u00e4hnliche St\u00fcrmertypen sein k\u00f6nnen, braucht der Junge Spielpraxis. Und Mladen vielleicht einfach mal eine Pause.<\/p>\n<p><strong>Tor<\/strong><br \/>\nGute Leistung. Diesmal ist er ohne R\u00fccksicht auf Verluste in die Gegner gegangen.<br \/>\n<strong>Abwehr<\/strong><br \/>\nAlle schimpfen auf Rozehnal. Ich tue es nicht. Ich fand ihn nicht so schlecht. Vielmehr k\u00f6nnten die beiden Innenverteidiger einen ruhigeren Job haben, wenn im Mittelfeld nicht diese riesengro\u00dfen L\u00f6cher vorhanden w\u00e4ren!<br \/>\n<strong>Mittelfeld<\/strong><br \/>\nHat Z\u00e9 Roberto mitgespielt? Torun gef\u00e4llig, mu\u00df aber noch viel lernen.<br \/>\n<strong>Sturm<\/strong><br \/>\nPetric ein wenig besser als zuletzt, aber immer noch nicht so gut, wie er eigentlich sein kann.<br \/>\n<strong>Spieler des Spiels:<\/strong><br \/>\nTrochowski. Ich hoffe der Trainer hat das gesehen und l\u00e4sst ihn gegen Gladbach auch wieder von Beginn an spielen. Ach Quatsch, er mu\u00df so einfach spielen! 8 Torsch\u00fc\u00dfe, 2 Vorlagen, in der Defensive mitgeholfen (ja, gegen einen gleichgro\u00dfen Gegner, aber was soll er denn machen ;-) &#8230; ). Bruno, la\u00df ihn bitte gegen Gladbach wieder von Anfang an spielen. Verbockt er es, hat er selber Schuld!<\/p>\n<h2>Was sagt die Statistik?<\/h2>\n<p>Einzelleistung<\/p>\n<p style=\"font-size: x-small\"><a href=\"http:\/\/www.nedsblog.de\/wp-content\/uploads\/BL27.jpg\"><img loading=\"lazy\" decoding=\"async\" class=\"alignnone size-medium wp-image-2054\" title=\"BL27\" src=\"http:\/\/www.nedsblog.de\/wp-content\/uploads\/BL27-300x126.jpg\" alt=\"BL27\" width=\"300\" height=\"126\" srcset=\"http:\/\/www.nedsblog.de\/wp-content\/uploads\/BL27-300x126.jpg 300w, http:\/\/www.nedsblog.de\/wp-content\/uploads\/BL27.jpg 763w\" sizes=\"auto, (max-width: 300px) 100vw, 300px\" \/><\/a><br \/>\nQuelle: bundesliga.de<\/p>\n<p>Gesamt<br \/>\n<iframe width='315' height='200' frameborder='0' src='http:\/\/spreadsheets.google.com\/pub?key=tb4EjQ_b_w3yoiGn5O5vLWA&#038;single=true&#038;gid=19&#038;range=A1%3AB10&#038;output=html'><\/iframe><\/p>\n<h2>Die Anderen?<\/h2>\n<p><em>FCK-MGL<\/em><br \/>\nKein tolles Derby. Und die K\u00f6lner haben mehr als nur ein Lied gesungen.<br \/>\n<em>wer da?-BOC<\/em><br \/>\nEs gibt also Mannschaften, die gegen Bochum zu Hause gewinnen k\u00f6nnen&#8230;<br \/>\n<em>FCN-3,76<\/em><br \/>\nIst es richtig im Abstiegskampf nur auf einen Punkt zu spielen?<br \/>\n<em>SCF-M05<\/em><br \/>\nSo wird es nichts mit der EuropaLeague f\u00fcr Mainz&#8230;<br \/>\n<em>VFB-H96<\/em><br \/>\nStuttgart erh\u00e4lt sich die Chance auf die EuropaLeague<br \/>\n<em>BVB-B04<\/em><br \/>\nOh Mann, diese Dortmunder. Setzen sich fest und wollen da auch nicht weg&#8230;<br \/>\n<em>FRA-FCB<\/em><br \/>\nDa denken die Bayern, sie k\u00f6nnne mit halber Kraft spielen. Danke Frankfurt! Meine Mutter hatte bestimmt eine Tr\u00e4ne in den Augen.<br \/>\n<em>WOB-BER<\/em><br \/>\nOha. Ich lasse mal alle Wettbetr\u00fcger Witze. Aber was war denn das?<\/p>\n<h2>der BLAF<\/h2>\n<p>Der BLAF nach dem 10. Spieltag der R\u00fcckrunde:<br \/>\n-9 Punkte<br \/>\n-11 Tore<br \/>\n-4 Tabellenpl\u00e4tze<\/p>\n<h2>Was war sonst noch?<\/h2>\n<p>Tomas Rinc\u00f3n mit dem save der Saison! Liegend den Ball mit dem Kopf kl\u00e4ren ist schon klasse!<br \/>\nBild dazu bei Frau <a href=\"http:\/\/www.pleitegeiger.de\/archives\/4432\" target=\"_blank\">Pleitegeiger<\/a>.<br \/>\n<\/p>\n<h2>Leihspielercheck<\/h2>\n<p>Hier ein kurzer Blick auf die verliehenen Spieler.<\/p>\n<p><em>\u00c4nis Ben-Hatira, MSV Dusiburg<\/em><br \/>\nverletzt<br \/>\n<em>Macauley Chrisantus, Karlsruher SC<\/em><br \/>\nSpielte 90 Minuten durch. 2 Torsch\u00fcsse.<br \/>\n<em>Eric-Maxim Choupo-Moting, 1. FC N\u00fcrnberg<\/em><br \/>\nAufgerieben, am Ende gegen einen anderen St\u00fcrmer ausgewechselt.<br \/>\n<em>Sidney Sam, 1. FC Kaiserslautern<\/em><br \/>\nSpielt erst am Montag abend.<br \/>\n<em>Mickael Tavares, 1. FC N\u00fcrnberg<\/em><br \/>\nIn der Halbzeit ausgewechselt. Ich w\u00fcrde es einen taktischen Wechsel nennen. <\/p>\n<p>In diesem Sinne: <strong>Nur der HSV!<\/strong><\/p>\n<p style=\"font-size: x-small\">Collo wieder im Kader! Das freut mich sehr!<\/p>\n","protected":false},"excerpt":{"rendered":"<p>oder: 5 Tore gegen Schalke und nur 2 Punkte geholt. Das Wort zum Spiel: Hoch-und-Weit-Gebolze (copyright dogfood beim livebloggen \u00fcber das Spiel) Wie war&#8217;s? Magath wieder mit einer guten Taktik gegen seine gro\u00dfe Liebe (also uns) Mit gro\u00dfen Leuten gegen unsere rechte Seite. Torun und Rinc\u00f3n sind ja keine Riesen. Ansonsten kam von uns spielerisch [&hellip;]<\/p>\n","protected":false},"author":2,"featured_media":0,"comment_status":"open","ping_status":"open","sticky":false,"template":"","format":"standard","meta":{"footnotes":""},"categories":[23,4],"tags":[642,35,639,14],"class_list":["post-2049","post","type-post","status-publish","format-standard","hentry","category-bundesliga","category-hsv","tag-bundesliga","tag-heimspiel","tag-hsv","tag-saison-20092010"],"_links":{"self":[{"href":"http:\/\/www.nedsblog.de\/index.php?rest_route=\/wp\/v2\/posts\/2049","targetHints":{"allow":["GET"]}}],"collection":[{"href":"http:\/\/www.nedsblog.de\/index.php?rest_route=\/wp\/v2\/posts"}],"about":[{"href":"http:\/\/www.nedsblog.de\/index.php?rest_route=\/wp\/v2\/types\/post"}],"author":[{"embeddable":true,"href":"http:\/\/www.nedsblog.de\/index.php?rest_route=\/wp\/v2\/users\/2"}],"replies":[{"embeddable":true,"href":"http:\/\/www.nedsblog.de\/index.php?rest_route=%2Fwp%2Fv2%2Fcomments&post=2049"}],"version-history":[{"count":19,"href":"http:\/\/www.nedsblog.de\/index.php?rest_route=\/wp\/v2\/posts\/2049\/revisions"}],"predecessor-version":[{"id":2071,"href":"http:\/\/www.nedsblog.de\/index.php?rest_route=\/wp\/v2\/posts\/2049\/revisions\/2071"}],"wp:attachment":[{"href":"http:\/\/www.nedsblog.de\/index.php?rest_route=%2Fwp%2Fv2%2Fmedia&parent=2049"}],"wp:term":[{"taxonomy":"category","embeddable":true,"href":"http:\/\/www.nedsblog.de\/index.php?rest_route=%2Fwp%2Fv2%2Fcategories&post=2049"},{"taxonomy":"post_tag","embeddable":true,"href":"http:\/\/www.nedsblog.de\/index.php?rest_route=%2Fwp%2Fv2%2Ftags&post=2049"}],"curies":[{"name":"wp","href":"https:\/\/api.w.org\/{rel}","templated":true}]}}