{"id":2104,"date":"2010-04-05T14:05:58","date_gmt":"2010-04-05T13:05:58","guid":{"rendered":"http:\/\/www.nedsblog.de\/?p=2104"},"modified":"2010-04-05T14:05:58","modified_gmt":"2010-04-05T13:05:58","slug":"bundesliga-29-spieltag","status":"publish","type":"post","link":"http:\/\/www.nedsblog.de\/?p=2104","title":{"rendered":"Bundesliga, 29. Spieltag"},"content":{"rendered":"<p><strong>oder:<\/strong> Angstgegner l\u00e4hmt Kopf und Beine?<br \/>\nMein Wort zum Spiel: ideenlos<\/p>\n<h2>Wie war&#8217;s?<\/h2>\n<p>Ern\u00fcchternd<\/p>\n<p>Am Donnerstag haben wir kein rauschendes Fu\u00dfballfest gesehen, aber wenigstens stimmten Einsatz und Leistungsbereitschaft. Das fehlte heute komplett.<\/p>\n<p>nullnull. Fast keine Torchancen. Wie auch, wenn wir kein Spiel nach vorne betreiben. Ich habe keine Taktik gesehen, keine Idee das Spiel anzugehen. Wie so h\u00e4ufig in den letzten Spielen.<\/p>\n<p>Trochowski so verletzt, da\u00df er leider nicht von Beginn an spielen konnte. Torun daf\u00fcr auf dem Platz, rechtfertigte seinen erneuten Einsatz wieder nicht. van Nistelrooy erneut fr\u00fch vom Platz genommen, war wohl so vereinbart. Daf\u00fcr Guerrero in der Halbzeit auf dem Platz.<\/p>\n<p>Was mich so sprachlos macht:<br \/>\nEs war heute wieder so eine halbherzige Leistung der Mannschaft. Keine klaren Aktionen, die defensiven Zweik\u00e4mpfe wurden ohne die letzte Konsequenz bestritten, die Laufbereitschaft in der offensive ohne Ball tendierte gegen null.<\/p>\n<p>Wiedermalerneutst\u00e4ndig klafft eine L\u00fccke zwischen Abwehr und Sturm. In anderen Mannschaft machen da Mittefeldspieler ihren Job, bei uns k\u00f6nnte da ein Kasten Holsten stehen! Mal ein paar Zahlen: Die Abwehr hatte 356 Ballkontakte, das Mittelfeld 102 weniger (276). OK, das kann gerade in einem Spiel passieren, in dem man sich oft befreien mu\u00df, das Mittelfeld also nicht zum Zuge kommt. Aber, wir hatten knapp eine Stunde lang den Ball! Wir hatten 59,85 Minuten lang den Ball im Besitz. Wir haben eine Stunde lang den Ball und das Mittelfeld hat 102 Ballkontakte weniger als die Abwehr? Was ist das denn bitte f\u00fcr ein Konzept? Das ist aber eben nicht erst gegen Hannover so, sondern das schleppen wir mindestens seit der R\u00fcckrunde mit uns rum.<\/p>\n<p>Aber selbst nach der roten Karte f\u00fcr Stajner hatte ich zu keiner Zeit das Gef\u00fchl, da\u00df wir heute ein Tor schie\u00dfen werden. Daf\u00fcr war alles so planlos, konzeptlos und kopflos. <\/p>\n<p>Ich finde der Trainer hat nicht viel falsch gemacht, gestern. Wenn Troche und Ruud angeschlagen sind, dann m\u00fcssen wir auch an Donnerstag denken. Berg von Anfang an zu bringen halte ich f\u00fcr eine richtige Entscheidung. Torun war leider die einzige Alternative f\u00fcr vorne rechts. <\/p>\n<p>Er hat fr\u00fch genug gewechselt (67. Minute Tesche und Troche) also ist ihm das auch nicht vorzuwerfen.<\/p>\n<p>Hat er die Mannschaft bereits verloren? Erreicht er sie doch nicht mehr und die Motivation am Donnerstag war der Titel, den die Spieler gewinnen k\u00f6nnen?<\/p>\n<blockquote><p><a href=\"http:\/\/twitter.com\/Matze_sagt\" target=\"_blank\">Matze sagt<\/a>:<br \/>\nTja, absolut sprachlos und geschockt. Konnte die erste Halbzeit nicht sehen, aber daf\u00fcr die Zweite. Alles was am Donnerstag noch prima war, war auf einmal weg. Wie ich schon vor ner Woche schrieb, ist nun die ganze Saison in Gefahr. Na toll. Die ganze super Hinrunde, alles egalisiert! Wenn wir am Donnerstag ausscheiden, will ich nicht wissen, was da \u00fcber die Spieler einbricht. Ja es stimmt, WIR, sprich das Publikum, sind nicht wirklich sehr geduldig, manchmal fordern wir vielleicht auch ein bisschen viel, aber das, was uns die Spieler da anbieten, kann man nicht mehr toppen. Einfach nur noch traurig! Wie soll es weiter gehen? Ich habe keine Ahnung! Die Geschichte mit Guerrero will ich gar nicht kommentieren, das sollen andere machen. Wahrscheinlich nur das I-T\u00fcpfelchen.\n<\/p><\/blockquote>\n<h2>Was bleibt?<\/h2>\n<p>Ersch\u00fctterung.<\/p>\n<p>Nach Donnerstag habe ich wenigstens Einsatz erwartet. Der Kader ist von Verletzungen geplagt, ja, aber die K\u00f6rpersprache der Spieler war so negativ, lustlos, ohne Elan. Das macht mir Sorge. Die Frage ist doch, wie kommen wir da raus? Die Bundesliga abschenken und die EL gewinnen, damit wir n\u00e4chstes Jahr international spielen? Das ist ein zu gro\u00dfes Risiko. Es sind noch 5 Spiele, wir haben noch alles in der eigenen Hand.<\/p>\n<p><strong>Tor<\/strong><br \/>\nHatte nichts zu tun. Wie auch, Hannover war harmlos.<br \/>\n<strong>Abwehr<\/strong><br \/>\nHatte auch wenig zu tun, sah dabei aber noh nicht mal geordnet aus.<br \/>\n<strong>Mittelfeld<\/strong><br \/>\nNichts. Pitroipa vielleicht etwas herauszuheben, aber Bem\u00fchen reicht in der ersten Bundesliga nicht.<br \/>\n<strong>Sturm<\/strong><br \/>\nRvN in der Halbzeit raus, hatte eine Chance, Berg hatte gef\u00fchlte 2 und Guerrero eine. Und das bei 60 Minuten Ballbesitz. Peinlich.<br \/>\n<strong>Spieler des Spiels:<\/strong><br \/>\nNiemand. <\/p>\n<h2>Was sagt die Statistik?<\/h2>\n<p>Einzelleistung<\/p>\n<p style=\"font-size: x-small\">\n<a href=\"http:\/\/www.nedsblog.de\/wp-content\/uploads\/BL29.jpg\"><img loading=\"lazy\" decoding=\"async\" src=\"http:\/\/www.nedsblog.de\/wp-content\/uploads\/BL29-300x126.jpg\" alt=\"BL29\" title=\"BL29\" width=\"300\" height=\"126\" class=\"alignnone size-medium wp-image-2111\" srcset=\"http:\/\/www.nedsblog.de\/wp-content\/uploads\/BL29-300x126.jpg 300w, http:\/\/www.nedsblog.de\/wp-content\/uploads\/BL29.jpg 763w\" sizes=\"auto, (max-width: 300px) 100vw, 300px\" \/><\/a><br \/>\nQuelle: bundesliga.de<\/p>\n<p>Gesamt<br \/>\n<iframe width='275' height='200' frameborder='0' src='http:\/\/spreadsheets.google.com\/pub?key=tb4EjQ_b_w3yoiGn5O5vLWA&#038;single=true&#038;gid=21&#038;range=A1%3AB10&#038;output=html'><\/iframe><\/p>\n<h2>Die Anderen?<\/h2>\n<p><em>S04-FCB<\/em><br \/>\nSchalke ist noch nicht so weit. Gut so, mit nur 2 fu\u00dfballerisch guten Halbzeiten Meister werden, das geht nicht!<br \/>\n<em>SCF-BOC<\/em><br \/>\nHalten den Abstiegskampf spannend.<br \/>\n<em>VFB-MGL<\/em><br \/>\ngrmpf, wenn man mal ein Ausw\u00e4rtssieg der Fohlen braucht, kriegt man ihn nicht.<br \/>\n<em>FCN-M05<\/em><br \/>\nMainz ausw\u00e4rts zu harmlos, der Club 3 Punkte vor der Abstiegszone.<br \/>\n<em>LEV-FRA<\/em><br \/>\nWas ein Spiel, rauf und runter. Aber nochmal: Labbadia ist kein Trainer mehr in Leverkusen, woher kommt dieser Negativlauf? H\u00e4?<br \/>\n<em>FCK-BER<\/em><br \/>\nOMG, was f\u00fcr eine Minusleistung der K\u00f6lner! Unglaublich! Hertha hofft weiter, wieder, wird k\u00fcnstlich am Leben gehalten.<br \/>\n<em>BVB-wer da?<\/em><br \/>\nIch tr\u00f6ste mich damit, da\u00df die Prehmer verloren haben.<br \/>\n<em>WOB-3,92<\/em><br \/>\nJetzt r\u00fccken die Wolfsburger auch noch nach oben auf. Na super, das brauchen wir echt nicht! Naja immerhin kriegen die Kraisgauer Jugendbande eins auf die N\u00fcsse!<\/p>\n<h2>der BLAF<\/h2>\n<p>Der BLAF nach dem 12. Spieltag der R\u00fcckrunde:<br \/>\n-9 Punkte<br \/>\n-11 Tore<br \/>\n-3 Tabellenpl\u00e4tze<br \/>\n<strong><em>Minimalziel EL: +1 Punkte (Frankfurt und Stuttgart) sowie +2 (Wolfsburg)<\/em><\/strong><\/p>\n<p>Die Prognose von <a href=\"http:\/\/www.nedsblog.de\/?p=2072\" target=\"_blank\">hier<\/a> sieht dann in Wirklichkeit so aus:<br \/>\n<iframe width='275' height='175' frameborder='0' src='http:\/\/spreadsheets.google.com\/pub?key=tYekSIPqfQvtLOnC54qgTMQ&#038;single=true&#038;gid=0&#038;range=A1%3AG9&#038;output=html'><\/iframe><\/p>\n<h2>Was war sonst noch?<\/h2>\n<p>Die ersten &#8222;Bruno raus&#8220; Rufe. Und dann auch noch &#8222;Aogo raus&#8220;. Pfiffe zur Halbzeit, Pfiffe w\u00e4hrend des Spiels, Pfiffe am Ende des Spiels.<\/p>\n<p>Wisst ihr was, diese Idioten kann ich im Stadion echt nicht gebrauchen! Raus mit denen, mir egal, ob sie uns Geld bringen, raus mit solchen Vollpfosten, die die eigene Mannschaft auspfeiffen. Ich p\u00f6bel auch mal, fordere mehr Einsatz, \u00e4u\u00dfere meinen Unmut \u00fcber das dargebotene. Aber meine Mannschaft auspfeiffen? Das kann ich nicht, das werde ich nicht. <\/p>\n<p>In der SupportesClub News hat Labbadia gesagt &#8222;Untersch\u00e4tzt euch nicht&#8220;. Genau! Was bringt es denn bitte der Mannschaft, wenn gepfiffen wird? Nichts. <\/p>\n<p>Idioten!<\/p>\n<p>Apropos Idiot: Der Flaschenwurf von Guerrero geht nicht, mu\u00df bestraft werden, Punkt! Gewalt war nie und wird nie eine L\u00f6sung sein! <\/p>\n<p>Der &#8222;Fan&#8220; (VIP Trib\u00fcne, wo auch sonst pffff) mu\u00df ebenfalls zur Rechenschaft gezogen werden, rassistische oder homophobe Beleidigungen geh\u00f6ren ebenfalls bestraft.<\/p>\n<h2>Leihspielercheck<\/h2>\n<p>Hier ein kurzer Blick auf die verliehenen Spieler.<\/p>\n<p><em>\u00c4nis Ben-Hatira, MSV Duisburg<\/em><br \/>\nverletzt<br \/>\n<em>Macauley Chrisantus, Karlsruher SC<\/em><br \/>\nSpielt gegen Union Berlin 65 Minuten.<br \/>\n<em>Eric-Maxim Choupo-Moting, 1. FC N\u00fcrnberg<\/em><br \/>\n4 Tore in 5 Spielen. Sehr gut, das ist sehr gut!<br \/>\n<em>Sidney Sam, 1. FC Kaiserslautern<\/em><br \/>\nSam spielt, wie so oft, 90 Minuten. Der FCK verliert ausw\u00e4rts 2:1<br \/>\n<em>Mickael Tavares, 1. FC N\u00fcrnberg<\/em><br \/>\nNur auf er Bank, wurde nicht eingewechselt. Taktikumstellung? Leistungsabfall?<\/p>\n<p>In diesem Sinne: <strong>Nur der HSV!<\/strong><\/p>\n<p style=\"font-size: x-small\">Und ich hatte so gehofft, da\u00df ich es nicht mehr brauche, da\u00df das alles der Vergangenheit angeh\u00f6rt.<br \/>\nJetzt erst Recht!<\/p>\n","protected":false},"excerpt":{"rendered":"<p>oder: Angstgegner l\u00e4hmt Kopf und Beine? Mein Wort zum Spiel: ideenlos Wie war&#8217;s? Ern\u00fcchternd Am Donnerstag haben wir kein rauschendes Fu\u00dfballfest gesehen, aber wenigstens stimmten Einsatz und Leistungsbereitschaft. Das fehlte heute komplett. nullnull. Fast keine Torchancen. Wie auch, wenn wir kein Spiel nach vorne betreiben. Ich habe keine Taktik gesehen, keine Idee das Spiel anzugehen. [&hellip;]<\/p>\n","protected":false},"author":2,"featured_media":0,"comment_status":"open","ping_status":"open","sticky":false,"template":"","format":"standard","meta":{"footnotes":""},"categories":[23,4],"tags":[642,35,639,14],"class_list":["post-2104","post","type-post","status-publish","format-standard","hentry","category-bundesliga","category-hsv","tag-bundesliga","tag-heimspiel","tag-hsv","tag-saison-20092010"],"_links":{"self":[{"href":"http:\/\/www.nedsblog.de\/index.php?rest_route=\/wp\/v2\/posts\/2104","targetHints":{"allow":["GET"]}}],"collection":[{"href":"http:\/\/www.nedsblog.de\/index.php?rest_route=\/wp\/v2\/posts"}],"about":[{"href":"http:\/\/www.nedsblog.de\/index.php?rest_route=\/wp\/v2\/types\/post"}],"author":[{"embeddable":true,"href":"http:\/\/www.nedsblog.de\/index.php?rest_route=\/wp\/v2\/users\/2"}],"replies":[{"embeddable":true,"href":"http:\/\/www.nedsblog.de\/index.php?rest_route=%2Fwp%2Fv2%2Fcomments&post=2104"}],"version-history":[{"count":10,"href":"http:\/\/www.nedsblog.de\/index.php?rest_route=\/wp\/v2\/posts\/2104\/revisions"}],"predecessor-version":[{"id":2118,"href":"http:\/\/www.nedsblog.de\/index.php?rest_route=\/wp\/v2\/posts\/2104\/revisions\/2118"}],"wp:attachment":[{"href":"http:\/\/www.nedsblog.de\/index.php?rest_route=%2Fwp%2Fv2%2Fmedia&parent=2104"}],"wp:term":[{"taxonomy":"category","embeddable":true,"href":"http:\/\/www.nedsblog.de\/index.php?rest_route=%2Fwp%2Fv2%2Fcategories&post=2104"},{"taxonomy":"post_tag","embeddable":true,"href":"http:\/\/www.nedsblog.de\/index.php?rest_route=%2Fwp%2Fv2%2Ftags&post=2104"}],"curies":[{"name":"wp","href":"https:\/\/api.w.org\/{rel}","templated":true}]}}