{"id":2328,"date":"2010-05-23T21:33:11","date_gmt":"2010-05-23T20:33:11","guid":{"rendered":"http:\/\/www.nedsblog.de\/?p=2328"},"modified":"2010-05-23T21:33:11","modified_gmt":"2010-05-23T20:33:11","slug":"wahlergebnisse","status":"publish","type":"post","link":"http:\/\/www.nedsblog.de\/?p=2328","title":{"rendered":"Wahlergebnisse"},"content":{"rendered":"<p>Das Wahlb\u00fcro ist geschlossen, die Entscheidung ist gefallen.<br \/>\nHier sind die Ergebnisse:<\/p>\n<h2>Spieler der Saison<\/h2>\n<p><em><strong>Marcell Jansen<\/strong><\/em><\/p>\n<p>Wie soll ich das interpretieren? Er hat aufgrund von Verletzungen nur 18 Spiele in der Bundesliga, aufgrund des nichtmeldens f\u00fcr weitere Runden nur 48 Minuten im DFB Pokal gespielt und in der Europa League 8 Spiele gespielt.<\/p>\n<p>Meine Wahl war er nicht, ich habe Tomas Rincon gew\u00e4hlt.<br \/>\nTomas Rincon hat im letzten Jahr um einen neuen Vertrag gek\u00e4mpft, hat dieses Ziel erreicht und danach immer weiter alles gegeben. Ich h\u00e4tte ihn gerne \u00f6fter auf der 6 gesehen. Aber der Trainer hatte andere Ideen&#8230;<\/p>\n<p>Hier das gesamte Ergebnis:<\/p>\n<p style=\"font-size: x-small\"><a href=\"http:\/\/www.nedsblog.de\/wp-content\/uploads\/SpielerderSaison.jpg\"><img loading=\"lazy\" decoding=\"async\" src=\"http:\/\/www.nedsblog.de\/wp-content\/uploads\/SpielerderSaison-300x194.jpg\" alt=\"SpielerderSaison\" title=\"SpielerderSaison\" width=\"300\" height=\"194\" class=\"alignnone size-medium wp-image-2330\" srcset=\"http:\/\/www.nedsblog.de\/wp-content\/uploads\/SpielerderSaison-300x194.jpg 300w, http:\/\/www.nedsblog.de\/wp-content\/uploads\/SpielerderSaison.jpg 814w\" sizes=\"auto, (max-width: 300px) 100vw, 300px\" \/><\/a><br \/>\nKeine Stimme erhalten haben Robert Tesche, Z\u00e9 Roberto, Eljero Elia, Paolo Guerrero, Tunay Torun, Wolfgang Hesl, Guy Demel, Joris Mathijsen, Tolgay-Ali Arslan, S\u00f6ren Bertram, Jonathan Pitroipa<\/p>\n<p>Interessant finde ich, da\u00df weder Z\u00e9 Roberto und Eljero Elia keine Stimmen bekommen haben. Die beiden haben in der Hinrunde die besten Noten von euch erhalten. Und Eljero Elia war mein Spieler der Hinrunde.<\/p>\n<h2>Entt\u00e4uschung der Saison<\/h2>\n<p><strong><em>David Rozehnal<\/em><\/strong><\/p>\n<p>War zu erwarten. Beliebt war er nicht, viele Niederlagen werden ihm angekreidet. Eine tolle Saison hat er nicht gespielt, aber meine Wahl war er nicht.<\/p>\n<p>Das Ergebnis in der \u00dcbersicht.<\/p>\n<p style=\"font-size: x-small\"><a href=\"http:\/\/www.nedsblog.de\/wp-content\/uploads\/Entt\u00e4uschungderSaison.jpg\"><img loading=\"lazy\" decoding=\"async\" src=\"http:\/\/www.nedsblog.de\/wp-content\/uploads\/Entt\u00e4uschungderSaison-300x194.jpg\" alt=\"\" title=\"Entt\u00e4uschungderSaison\" width=\"300\" height=\"194\" class=\"alignnone size-medium wp-image-2350\" srcset=\"http:\/\/www.nedsblog.de\/wp-content\/uploads\/Entt\u00e4uschungderSaison-300x194.jpg 300w, http:\/\/www.nedsblog.de\/wp-content\/uploads\/Entt\u00e4uschungderSaison.jpg 814w\" sizes=\"auto, (max-width: 300px) 100vw, 300px\" \/><\/a><br \/>\nOhne Stimme: Frank Rost, Bastian Reinhardt, Tolgay-Ali Arslan, S\u00f6ren Bertram, David Jarolim, Jonathan Pitroipa, Tomas Rincon, Robert Tesche, Maxi Beister, Eljero Elia, Tunay Torun<\/p>\n<p>Ich habe Piotr Trochowski gew\u00e4hlt.<br \/>\nEr hatte in diesem Jahr genug Chancen das Team zu f\u00fchren, seine bestimmt vorhandene Qualit\u00e4t auf dem Platz unter Beweis zu stellen, hat es aber meiner Meinung nach nur im Spiel gegen die Bayern in der Hinrunde gezeigt.<\/p>\n<p>In diesem Sinne: <strong>Nur der HSV!<\/strong><\/p>\n","protected":false},"excerpt":{"rendered":"<p>Das Wahlb\u00fcro ist geschlossen, die Entscheidung ist gefallen. Hier sind die Ergebnisse: Spieler der Saison Marcell Jansen Wie soll ich das interpretieren? Er hat aufgrund von Verletzungen nur 18 Spiele in der Bundesliga, aufgrund des nichtmeldens f\u00fcr weitere Runden nur 48 Minuten im DFB Pokal gespielt und in der Europa League 8 Spiele gespielt. Meine [&hellip;]<\/p>\n","protected":false},"author":2,"featured_media":0,"comment_status":"open","ping_status":"open","sticky":false,"template":"","format":"standard","meta":{"footnotes":""},"categories":[23,20,33,4],"tags":[642,641,116,643,639,10,114,14,113],"class_list":["post-2328","post","type-post","status-publish","format-standard","hentry","category-bundesliga","category-dfb-pokal","category-europa-league","category-hsv","tag-bundesliga","tag-dfb-pokal","tag-enttauschung-der-saison","tag-europa-league","tag-hsv","tag-kader","tag-ruckblick","tag-saison-20092010","tag-spieler-der-saison"],"_links":{"self":[{"href":"http:\/\/www.nedsblog.de\/index.php?rest_route=\/wp\/v2\/posts\/2328","targetHints":{"allow":["GET"]}}],"collection":[{"href":"http:\/\/www.nedsblog.de\/index.php?rest_route=\/wp\/v2\/posts"}],"about":[{"href":"http:\/\/www.nedsblog.de\/index.php?rest_route=\/wp\/v2\/types\/post"}],"author":[{"embeddable":true,"href":"http:\/\/www.nedsblog.de\/index.php?rest_route=\/wp\/v2\/users\/2"}],"replies":[{"embeddable":true,"href":"http:\/\/www.nedsblog.de\/index.php?rest_route=%2Fwp%2Fv2%2Fcomments&post=2328"}],"version-history":[{"count":8,"href":"http:\/\/www.nedsblog.de\/index.php?rest_route=\/wp\/v2\/posts\/2328\/revisions"}],"predecessor-version":[{"id":2353,"href":"http:\/\/www.nedsblog.de\/index.php?rest_route=\/wp\/v2\/posts\/2328\/revisions\/2353"}],"wp:attachment":[{"href":"http:\/\/www.nedsblog.de\/index.php?rest_route=%2Fwp%2Fv2%2Fmedia&parent=2328"}],"wp:term":[{"taxonomy":"category","embeddable":true,"href":"http:\/\/www.nedsblog.de\/index.php?rest_route=%2Fwp%2Fv2%2Fcategories&post=2328"},{"taxonomy":"post_tag","embeddable":true,"href":"http:\/\/www.nedsblog.de\/index.php?rest_route=%2Fwp%2Fv2%2Ftags&post=2328"}],"curies":[{"name":"wp","href":"https:\/\/api.w.org\/{rel}","templated":true}]}}