{"id":234,"date":"2009-08-05T16:25:15","date_gmt":"2009-08-05T14:25:15","guid":{"rendered":"http:\/\/www.nedsblog.de\/?p=234"},"modified":"2009-08-05T16:25:15","modified_gmt":"2009-08-05T14:25:15","slug":"unser-hsv-20092010","status":"publish","type":"post","link":"http:\/\/www.nedsblog.de\/?p=234","title":{"rendered":"Unser HSV 2009\/2010"},"content":{"rendered":"<p style=\"text-align: left;\">Die Saisonplanung ist nun endlich abgeschlossen. Die folgenden Spieler bestreiten nun also die neue Saison.<\/p>\n<h3 style=\"text-align: left;\">Tor<\/h3>\n<p style=\"text-align: left;\">Frank Rost (36 Jahre\/309 Spiele\/ 1 Tore), Wolfgang Hesl (23\/1\/0), Tom Mikel (20\/0\/0)<\/p>\n<p style=\"text-align: left;\"><em>Durchschnittsalter: 26,33<\/em><br \/>\n<em>Erstligaspiele: 103,3<\/em><\/p>\n<p style=\"text-align: left;\">Huh. Das sieht erstmal gut aus. So auf den ersten Blick. Aber nur dann. Was passiert, wenn F\u00e4ustel sich verletzt? Hesl hatte bisher keine Spielpraxis. Mikel ist U20 Nationalspieler. Hoffen wir mal, dass sich niemand ernsthaft verletzt.<\/p>\n<p style=\"text-align: left;\">Zu den Leistungen von Frank Rost in der letzten Saison habe ich meinen <a href=\"http:\/\/www.nedsblog.de\/?p=87\">Senf <\/a>bereits abgegeben. Ist keine echte Schwachstelle. Aber auch keine St\u00e4rke von uns.<\/p>\n<h3 style=\"text-align: left;\">Abwehr<\/h3>\n<p style=\"text-align: left;\">Alex Silva (24\/17\/0), Joris Mathijsen (29\/96\/3), Dennis Aogo (22\/38\/1), J\u00e9r\u00f4me Boateng (20\/58\/0), Guy Demel (28\/117\/1), Miroslav Stepanek (19\/0\/0), Kai-Fabian Schulz (19\/0\/0), Bastian Reinhardt (33\/146\/11), David Rozehnal (29\/0\/0)<\/p>\n<p style=\"text-align: left;\"><em>Durchschnittsalter: 24,78<\/em><br \/>\n<em>Erstligaspiele: 52,4<\/em><\/p>\n<p style=\"text-align: left;\">Seit Huub nicht mehr da ist, steht die Null nicht so oft. Joris ist ne Bank, J\u00e9r\u00f4me hat bei der U21 bewiesen, dass er IV spielen kann. <del datetime=\"2009-07-29T20:53:01+00:00\">Dann wird die Luft aber d\u00fcnn, da sich a) Alex Silva verletzt hat und b) Alex Silva bisher nicht den Eindruck eines guten IV hinterlassen hat. <\/del>Guy kann ersatzweise IV spielen, aber nur wenn Not am Mann ist. Die Not am Mann ist aber weniger seit David der zweite verpflichtet wurde. Weiterhin dabei ist Basti. Ist nun aber erstmal wieder verletzt, belastet also das Budget nicht. Wenn er wieder spielen kann, haben wir einen guten Ersatz f\u00fcr die IV.<br \/>\nLinks hinten haben wir Aogo und dann zur Not Marcell Jansen. Rechts dann Demel oder Benjamin. Der Rest im Kader sind Talente. Mal sehen, was passiert, wenn sich einer mal verletzt. Vielleicht bekommen die Jungen dann mal eine Chance. Stepanek soll ja ein Riesentalent sein.<\/p>\n<p style=\"text-align: left;\">Bei Leverkusen sah der Abwehrverbund unter Bruno Labbadia nicht sehr stabil aus, hat aber ein Tor weniger gefangen (46) als der HSV (47).<br \/>\nIch bin skeptisch. Negativ voreingenommen, aber optimistisch, dass mich die Spieler \u00fcberzeugen. <del datetime=\"2009-07-29T20:53:01+00:00\">Auch keine St\u00e4rke von uns.<\/del>Nun sollte der Abwehrverbund sich zu einer St\u00e4rke von uns entwickeln. (Ich schrieb dies vor der 1. Runde im DFB Pokal)<\/p>\n<h3 style=\"text-align: left;\">Mittelfeld<\/h3>\n<p style=\"text-align: left;\">Marcell Jansen (23\/106\/8), Z\u00e9 Roberto (35\/172\/20), Robert Tesche (22\/48\/3), David Jarolim (30\/209\/14), Piotr Trochowski (25\/136\/16), Romeo Castelen (26\/13\/0), Tolgay Ali Arslan (18\/0\/0), Jonathan Pitroipa (23\/32\/1), Christian Gro\u00df (20\/0\/0), Tom\u00e1s Rinc\u00f3n (21\/1\/0), Micka\u00ebl Tavares (26\/12\/0), Collin Benjamin (30\/95\/7), \u00c4nis Ben-Hatira (20\/10\/0), Hanno Behrens (19\/0\/0)<\/p>\n<p style=\"text-align: left;\"><em>Durchschnittsalter: 24,69<\/em><br \/>\n<em>Erstligaspiele: 64,2<\/em><\/p>\n<p style=\"text-align: left;\">Mit Z\u00e9 Roberto haben wir einen erfahrenen und sehr guten Spieler verpflichtet. Er hebt das bisher gute Niveau im Mittelfeld nach oben. Marcell Jansen geh\u00f6rt meiner Meinung nach zu einem der besten Spieler auf seiner Position. Junge Nationalspieler (Piotr, \u00c4nis, Pit) haben wir auch in den Reihen. Erfahrung (Collin, David und auch Tavares) mischt sich mit jungen Talenten. Von Trochsowski erhoffe ich mir seinen Durchbruch. Und mit Durchbruch meine ich mal so konstant ein gutes bis hohes Niveau halten.<\/p>\n<p style=\"text-align: left;\">Das Mittelfeld ist definitiv eine St\u00e4rke. K\u00f6nnte gerne defensiv einen Haudegen haben. Und in der neuen Saison mehr Tore schiessen. Ja genau sie, meine Herren!<\/p>\n<h3 style=\"text-align: left;\">Sturm<\/h3>\n<p style=\"text-align: left;\">Paolo Guerrero (25\/99\/27), Mladen Petric (28\/54\/25), Eljero Elia (22\/0\/0), Eric Maxim Choupo-Moting (20\/12\/0), Maximilian Beister (18\/0\/0), Tonay Torun (19\/3\/0), Marcus Berg (22\/0\/0)<\/p>\n<p style=\"text-align: left;\"><em>Durchschnittsalter: 22,00<\/em><br \/>\n<em>Erstligaspiele: 24,0<\/em><\/p>\n<p style=\"text-align: left;\">Petric, Guerrero, Elia. Die drei d\u00fcrften gesetzt sein. Ich w\u00fcrde sagen, 36 Tore schiessen diese drei insgesamt in der Bundesliga. <del datetime=\"2009-07-18T18:52:30+00:00\">Ein 20 Tore St\u00fcrmer haben wir leider nicht in den Reihen. Nach den Dreien wird es aber d\u00fcnner.<\/del> Nun ist Marcus Berg da. Wir haben also 4 St\u00fcrmer. 4 !!! So was habe ich noch nicht erlebt. Das wird Gerangel um die potentiellen 2 Startpl\u00e4tze geben. Wobei Elia auch im linken Mittelfeld spielen kann. Dahinter sitzen dann noch Talente auf der Bank. <del datetime=\"2009-07-18T18:52:30+00:00\">Also darf sich (mal wieder) keiner der Starter verletzen.<\/del><br \/>\nWir brauchen uns mit dem Sturm nicht verstecken. <del datetime=\"2009-07-18T18:52:30+00:00\">So einen, der dem Gegner Angst macht, ist leider nicht dabei. <\/del>Wir k\u00f6nnen variieren und das ist in den letzten Jahren nicht so gewesen.<\/p>\n<p style=\"text-align: left;\">Unseren Sturm w\u00fcrde ich absolut als eine St\u00e4rke bezeichnen.<\/p>\n<h3>Trainer und -team<\/h3>\n<p>Wir haben ein ja nicht nur ein paar neue Spieler in den Reihen, sondern auch einen neuen Trainer mit teilweise neuem Team. Bruno Labbadias Vita hab ich bereits an anderer <a href=\"http:\/\/www.nedsblog.de\/?p=38\">Stelle <\/a>beleuchtet. Mein bisheriger Eindruck: Er identifiziert sich mit der Aufgabe. Ob sein Herz bereits Rautenform hat, kann ich nicht sagen. In Interviews spricht er von &#8218;unserem&#8216; HSV, von &#8217;seiner&#8216; Mannschaft. Das kann ihm aber auch sein Medienberater beigebracht haben. Das Trainerteam gef\u00e4llt allerdings sehr. Eddy S\u00f6zer begleitet Bruno Labbadia nun schon lange. Die Personalie des zweiten Co-Trainers Ricardo Moniz ist hoch interessant: Gekommen ist er mit Martin Jol. Gehen mu\u00dfte er aber nicht. Moniz lernte sein Trainerhandwerk unter dem Techniktrainer-Guru Wiel Coerver. Der Vorstand tat gut daran, ihn zu halten. Warum? Hier steht ein <a href=\"http:\/\/de.wikipedia.org\/wiki\/Wiel_Coerver\">Auszug<\/a>. Solch ein versierten Techniker in den Reihen zu haben kann den Spielern nur helfen. Die Torh\u00fcter werden weiterhin von Claus Reitmaier trainiert. Athletiktrainer bleibt Markus G\u00fcnther und ebenfalls bleibt Leistungsdiagnostiker Manfred D\u00fcring.<\/p>\n<h3 style=\"text-align: left;\">Fazit<\/h3>\n<p style=\"text-align: left;\">Alles in allem haben wir unseren Kader sehr gut verst\u00e4rkt. Der Kader wirkt sehr gut durchmischt. Die Mannschaft der letzten Saison wurde verst\u00e4rkt, die wesentlichen S\u00e4ulen der Mannschaft sind geblieben. Auch ein Novum. Ich hoffe der Trainer gibt den jungen Spielern eine Chance, wenn die arrivierten mal die F\u00fc\u00dfe baumeln lassen. So kann ein Druck aufgebaut werden, der die Spieler insgesamt besser macht.<\/p>\n<p style=\"text-align: left;\">Unser Kader ist mit 24,28 Jahren auf den ersten Blick sehr jung. Bei 34 Spielern im Kader hat jeder im Schnitt 56 Bundesligaspiele bestritten.<\/p>\n<p style=\"text-align: left;\">Eine potentielle erste Elf (Rost-Mathijsen, Aogo, Boateng, Demel-Jansen, Z\u00e9 Roberto, Jarolim, Trochowski-Guerrero, Petric) ist 27,36 Jahre alt und hat je Spieler im Durchschnitt 127 Erstligaspiele auf dem Buckel. Erfahrung wird da gro\u00df geschrieben. Taktisch erwarte ich vor allem den Ballvortrag aus der Abwehr besser und organisierter als letzte Saison. Das Fl\u00fcgelspiel wird meiner Meinung nach auch ein wesentlicher Faktor in der neuen Saison werden.<\/p>\n<p style=\"text-align: left;\">Der Trainer hat als Ziel das erste Drittel der Tabelle ausgegeben. Platz 1 ist meiner Meinung nach ausser Reichweite. Der ist reserviert f\u00fcr den FCB. 2 und 3 sehe ich nicht unbedingt f\u00fcr uns gebucht, aber mit unserem Kader ist die Chance da, diese Pl\u00e4tze anzugreifen. 4 bzw. 5 ist ein Mu\u00df, mit weniger will und kann ich mich nicht zufrieden geben.<\/p>\n<p style=\"text-align: left;\">Pssst, wenn der Fu\u00dfballgott gerade zuh\u00f6rt: Ich t\u00e4te gerne ins Finale der Europa League kommen. So zu Hause ein Finale spielen, das w\u00e4re doch mal was.<\/p>\n<p style=\"text-align: left;\">Im diesem Sinne: <strong>Nur der HSV!<\/strong><\/p>\n","protected":false},"excerpt":{"rendered":"<p>Die Saisonplanung ist nun endlich abgeschlossen. Die folgenden Spieler bestreiten nun also die neue Saison. Tor Frank Rost (36 Jahre\/309 Spiele\/ 1 Tore), Wolfgang Hesl (23\/1\/0), Tom Mikel (20\/0\/0) Durchschnittsalter: 26,33 Erstligaspiele: 103,3 Huh. Das sieht erstmal gut aus. So auf den ersten Blick. Aber nur dann. Was passiert, wenn F\u00e4ustel sich verletzt? Hesl hatte [&hellip;]<\/p>\n","protected":false},"author":2,"featured_media":0,"comment_status":"open","ping_status":"open","sticky":false,"template":"","format":"standard","meta":{"footnotes":""},"categories":[23,20,33,4],"tags":[639,10,14],"class_list":["post-234","post","type-post","status-publish","format-standard","hentry","category-bundesliga","category-dfb-pokal","category-europa-league","category-hsv","tag-hsv","tag-kader","tag-saison-20092010"],"_links":{"self":[{"href":"http:\/\/www.nedsblog.de\/index.php?rest_route=\/wp\/v2\/posts\/234","targetHints":{"allow":["GET"]}}],"collection":[{"href":"http:\/\/www.nedsblog.de\/index.php?rest_route=\/wp\/v2\/posts"}],"about":[{"href":"http:\/\/www.nedsblog.de\/index.php?rest_route=\/wp\/v2\/types\/post"}],"author":[{"embeddable":true,"href":"http:\/\/www.nedsblog.de\/index.php?rest_route=\/wp\/v2\/users\/2"}],"replies":[{"embeddable":true,"href":"http:\/\/www.nedsblog.de\/index.php?rest_route=%2Fwp%2Fv2%2Fcomments&post=234"}],"version-history":[{"count":57,"href":"http:\/\/www.nedsblog.de\/index.php?rest_route=\/wp\/v2\/posts\/234\/revisions"}],"predecessor-version":[{"id":705,"href":"http:\/\/www.nedsblog.de\/index.php?rest_route=\/wp\/v2\/posts\/234\/revisions\/705"}],"wp:attachment":[{"href":"http:\/\/www.nedsblog.de\/index.php?rest_route=%2Fwp%2Fv2%2Fmedia&parent=234"}],"wp:term":[{"taxonomy":"category","embeddable":true,"href":"http:\/\/www.nedsblog.de\/index.php?rest_route=%2Fwp%2Fv2%2Fcategories&post=234"},{"taxonomy":"post_tag","embeddable":true,"href":"http:\/\/www.nedsblog.de\/index.php?rest_route=%2Fwp%2Fv2%2Ftags&post=234"}],"curies":[{"name":"wp","href":"https:\/\/api.w.org\/{rel}","templated":true}]}}