{"id":2354,"date":"2010-06-11T09:14:21","date_gmt":"2010-06-11T08:14:21","guid":{"rendered":"http:\/\/www.nedsblog.de\/?p=2354"},"modified":"2010-06-11T09:14:21","modified_gmt":"2010-06-11T08:14:21","slug":"saisonruckblick-teil-vier","status":"publish","type":"post","link":"http:\/\/www.nedsblog.de\/?p=2354","title":{"rendered":"Saisonr\u00fcckblick, Teil vier"},"content":{"rendered":"<p>In Teil drei habe ich die defensiven Spieler betrachtet, im vierten Teil folgen jetzt die offensiven.<\/p>\n<h2>Mittelfeld<\/h2>\n<p><strong><em>Marcell Jansen<\/em><\/strong><br \/>\nAlter: 24, Vertrag bis 2013<br \/>\nEuer Spieler der Saison. Und das obwohl er nur 18 Spiele in der Bundesliga gemacht hat. Ich habe ihn ins Mittelfeld gestellt, weil er eben kein Abwehrspieler mehr ist. Das hat ihm Jol in der vorherigen Saison ausgetrieben. Ich m\u00f6chte ihn auch hinten links nur dann sehen, wenn ihm jemand defensive Zweik\u00e4mpfe beibringt. Stellungsspiel traue ich ihm zu! Als Abwehrspieler gehen seine offensiven Qualit\u00e4ten verloren, das ist teilweise sehr verschenktes Potential. <\/p>\n<p>Marcell Jansen ist ein 100% Spieler: Nur wenn er absolut fit ist, bringt er seine Topleistung. Ist er leicht angeschlagen, f\u00e4llt sein Leistungspotential sofort ab. Das macht es so schwierig, wenn er sich in der Saison verletzt. Die Anlaufzeit, bis er Topfit und damit auch Topleistung bringen kann, ist einfach zu lang. <\/p>\n<p><strong>Ausblick<\/strong><br \/>\nNicht verkaufen! Ich hoffe im Sommer wird er wieder fit, eine Pause braucht er nach seiner Verletzung ja erstmal nicht. Bin gespannt, wie der neue Trainer ihn sieht und auf welche Position er ihn einsetzen wird.<\/p>\n<p><strong><em>Z\u00e9 Roberto<\/em><\/strong><br \/>\nAlter: 35, Vertrag bis 2011.<br \/>\nAls er damals nach Hamburg kam, habe ich sehr <a href=\"http:\/\/www.nedsblog.de\/?p=226\" target=\"_blank\">positiv und optimistisch<\/a> reagiert. Die ersten Spiele haben dann diesen Eindruck auch best\u00e4tigt, er war dynamisch in der Offensive und abgekl\u00e4rt in der Defensive. Er war der Spieler, der den Unterschied gemacht hat, er hat die Mannschaft mitgezogen. He, selbst die 4 Mio. Euro Abl\u00f6se nach Montevideo oder so waren egal, seine Leistungen waren sehr gut.<\/p>\n<p>Bis zum 12. Spieltag. Dann verletzte er sich, flog nach Brasilien um dort zu regenerieren, verl\u00e4ngerte seinen Aufenthalt  eigenm\u00e4chtig und stand erst am 23. Spieltag wieder auf dem Platz.<\/p>\n<p>Es mu\u00df etwas in dieser Zeit passiert sein.<br \/>\nDie Dynamik war weg, teilweise hatte ich das Gef\u00fchl er verweigert die Leistung. Oft habe ich in den Beitr\u00e4gen zum Spiel \u00fcber ihn gemeckert, weil ich das Gef\u00fchl hatte, er ruft seine Leistung mit Absicht nicht ab. Immer wieder blitzte es defensiv wie offensiv auf, zu was er in der Lage ist. <\/p>\n<p><strong>Ausblick<\/strong><br \/>\nVerkaufen. Ja, im Ernst. Ich glaube nicht daran, da\u00df er in der n\u00e4chsten Saison 34 Spieltag auf Topniveau spielen wird. Es gibt wohl auch Angebote f\u00fcr ihn, so da\u00df wir sogar noch Geld bekommen w\u00fcrden. <\/p>\n<p><strong><em>Eljero Elia<\/strong><\/em><br \/>\nAlter: 23, Vertrag bis 2014.<br \/>\nWas f\u00fcr eine Hinrunde: Schnelligkeit gepaart mit super Ballbehandlung. Vorne links gab es keine Alternative zu ihm. Er spielte sich in die Herzen der Fans, die rechtsverteidiger der Liga hatten Alptr\u00e4ume von seiner Geschwindigkeit. Alles lief sehr gut f\u00fcr ihn.<\/p>\n<p>Dann kam der 28.11.2009. Ein bitterb\u00f6ses Foul von Noveski. Wenn ich daran denke kommt mir jedes Mal die Galle hoch. Und die gelbe Karte von Graefe macht es dann echt nicht besser.<\/p>\n<p>Es gab dann noch ein gutes Spiel von Elia: Am 20.12.2009 (diesen Tag kann ich einfach nicht vergessen!) gegen Bremen lief er sich die Seele aus dem Leib.<\/p>\n<p>Danach war es zu Ende. Also mit den Leistungen. Es mag einmal daran liegen, da\u00df der Trainer ihn pl\u00f6tzlich immer auf rechts aufstellte (einen Fehler, den ich Bruno Labbadia damals immer vorgeworfen habe) zum anderen daran, da\u00df er anscheinend nie richtig fit war (wie kam dann aber das Spiel nach dem Foul von Noveski gegen Prehm zu stande? Drogen?).<br \/>\nDie Leistung der Vorrunde konnte er nie wieder bringen. <\/p>\n<p><strong>Ausblick<\/strong><br \/>\nBin etwas zwiegespalten. Bei einem guten Angebot (keine Ahnung wo meine Schmerzgrenze ist) verkaufen. Spielt er eine gute WM, wird es diese Angebote wohl bald geben. Er ist ein Klassespieler, aber sieht den HSV wohl eben nur als Durchgangsstation. Ich kann das verstehen, also sollte man schauen, da\u00df wir wirtschaftlich das beste aus ihm rausholen.<\/p>\n<p><em><strong>Robert Tesche<\/strong><\/em><br \/>\nAlter: 22, Vertrag bis 2012<br \/>\nWar eine der ersten Verpflichtungen zur neuen Saison. Ein Allrounder im Mittelfeld. Am Anfang dachte man er spielt er den defensiven Part, wurde dann aber in einigen Spielen vorne rechts eingesetzt. 2 Tore in der Saison in der Bundesliga. <\/p>\n<p>So richtig seinen Platz in der Mannschaft hat er noch nicht gefunden. Ich bin froh, da\u00df wir ihn als Erg\u00e4nzungsspieler in unseren Reihen haben. <\/p>\n<p><strong>Ausblick<\/strong><br \/>\nHalten. Mir gef\u00e4llt die Idee von einem tiefen Kader und f\u00fcr die Bundesliga ist er allemal geeignet.<\/p>\n<p><strong><em>David Jarolim<\/em><\/strong><br \/>\nAlter: 30, Vertrag bis 2012<br \/>\nUnser Kapit\u00e4n. Vorbild was Einsatz, Laufbereitschaft und Kampfeswille angeht. <\/p>\n<p>Aber reicht das? Mir fehlt oft die fu\u00dfballerische Qualit\u00e4t. Am Anfang der Saison, als wir noch schnellen Kombinationsfu\u00dfball gespielt haben, hatte ich oft das Gef\u00fchl er schaut staunend zu, was man alles bei hoher Geschwindigkeit mit dem Ball anstellen kann. Offensiv kommt zu wenig: Er h\u00e4lt den Ball zu lange, schie\u00dft nicht aufs Tor (nur 21 Torsch\u00fc\u00dfe in der Bundesligasaison), gibt wenig Torvorlagen (5 in allen Wettbewerben). Er spielt im defensiven Mittelfeld werdet ihr jetzt sagen, ja, aber er die meisten Ballkontakte in der Mannschaft, also mu\u00df er entweder den Ball schnell an einen offensiven Mittelfeldspieler weitergeben oder eben selber in der Offensive aktiv werden.<\/p>\n<p><strong>Ausblick<\/strong><br \/>\nHalten. Klar.<br \/>\nIch bin aber gespannt, welche Rolle er beim neuen Trainer spielt. Bleibt er Kapit\u00e4n? Da Veh eher f\u00fcr Kurzpassspiel bekannt ist, wei\u00df ich nicht, was er dann mit David Jarolim vor hat.<\/p>\n<p><strong><em>Piotr Trochowski<\/em><\/strong><br \/>\nAlter: 26, Vertrag bis 2011<br \/>\nZuerst: Hamburg-Billstedt!<br \/>\nAber danach: Meine Entt\u00e4uschung der Saison.<br \/>\nDiese Saison h\u00e4tte seine werden k\u00f6nnen. Sie wurde es aber nicht. Er hat gerade am Anfang viele Chancen sich als Leader in der Offensive durchzusetzen, hat diese Chancen nicht genutzt. Ich h\u00e4tte mir mal eine Saison mit konstant guten Leistungen, gerne auch ein zwei Ausrutschern nach oben, gew\u00fcnscht. <\/p>\n<p>Bekommen haben wir eine durchschnittliche Saison. Er fiel eher durch Interviews auf, in denen er mehr Respekt und Einsatzzeit fordert, als durch gute Spiele. Dabei kann er es doch. Eigentlich. Wird er ein ewiges Talent bleiben? Fehlt ihm der letzte Schub zum gro\u00dfen Spieler?<\/p>\n<p><strong>Ausblick<\/strong><br \/>\nVerkaufen. Also nicht um jeden Preis, aber bei einem guten Angebot kann er gerne verkauft werden. Ende n\u00e4chster Saison k\u00f6nnte er abl\u00f6sefrei gehen. Es ist schade, weil ich denke, da\u00df er ein sehr guter Fu\u00dfballer werden k\u00f6nnte. Aber wenn es bei uns nicht geht, dann eben das wirtschaftliche in den Vordergrund stellen.<\/p>\n<p><em><strong>Romeo Castelen<\/strong><\/em><br \/>\nAlter: 27, Vertrag bis 2011<br \/>\nDauerverletzt. Nach seinem tollen Comeback gegen Wolfsburg mit einem G\u00e4nsehauttor verletzte er sich erneut schwer. In der Rehaphase gab es einen weiteren R\u00fcckschlag.<\/p>\n<p><strong>Ausblick<\/strong><br \/>\nSchwierig. N\u00e4chste Saison ist er abl\u00f6sefrei. Aber findet sich ein Verein? Vorne rechts w\u00e4re er mal eine notwendige Alternative, aber h\u00e4lt sein K\u00f6rper mal eine Saison? Schwierig.<\/p>\n<p><em><strong>Tolgay-Ali Arslan<\/strong><\/em><br \/>\nAlter: 19, Vertrag bis 2013<br \/>\nKam diese Saison von der zweiten Mannschaft aus Dortmund. Sollte unsere zweite Mannschaft verst\u00e4rken. Aufgrund der vielen Verletzten spielte er sogar zwei Spiele in der Bundesliga von Beginn an.<br \/>\nDurchsetzen konnte er sich trotz der Verletzungen nicht, aber er hat noch Zeit.<\/p>\n<p><strong>Ausblick<\/strong><br \/>\nHalten. Talentierter junger Spieler.<\/p>\n<p><em><strong>Jonathan Pitroipa<\/strong><\/em><br \/>\nAlter 24, Vertrag bis 2012<br \/>\nWas soll ich sagen. Schneller Spieler, dribbelstark. Aber leider auch torungef\u00e4hrlich. 3 Tore und nur eine Torvorlage ist f\u00fcr einen offensiven Spieler zu wenig. Viel zu wenig.<br \/>\nEr setzt mir zu wenig seine Schnelligkeit ein. Zum Ende der Saison wurde er besser. <\/p>\n<p>Meiner Meinung nach ist kein guter Bundesligaspieler. Etwas besser als der Durchschnitt, aber eben mehr auch nicht.<\/p>\n<p><strong>Ausblick<\/strong><br \/>\nVerkaufen. Ich glaube es gibt bestimmt Interessenten.<\/p>\n<p><em><strong>Christian Gro\u00df<\/strong><\/em><br \/>\nAlter: 21, Vertrag bis 2011<br \/>\nKein Spiel bei den Profis.<\/p>\n<p><strong>Ausblick<\/strong><br \/>\nIn der zweiten Mannschaft hat er 29 Spiele in der Regionalliga Nord absolviert. Neuer Vertrag ist dann wohl die Konsequenz. Halten.<\/p>\n<p><em><strong>Tom\u00e1s Rinc\u00f3n<\/strong><\/em><br \/>\nAlter: 22, Vertrag bis 2014<br \/>\nWer h\u00e4tte das gedacht? Kurz vor Ende des Jahres 2009 sah es so aus, als wenn die bis dahin endende Ausleihe nicht in einem Vertrag m\u00fcndet. Doch dann bekam er wegen der vielen Verletzten seine Chance und im Gegensatz zu manch anderem nutzte er diese. Er erspielte sich nicht nur meinen Respekt, sondern auch einen Vertrag bis 2014.<br \/>\nMein Spieler der Saison.<\/p>\n<p><strong>Ausblick<\/strong><br \/>\nHalten. Was sonst? erw\u00e4hnte ich, da\u00df er mein Spieler der Saison ist?<\/p>\n<p><em><strong>S\u00f6ren Bertram<\/strong><\/em><br \/>\nAlter: 18, Vertrag bis 2013<br \/>\nStand 6 mal im Kader und spielte davon 2 Spiele mit insgesamt 29 Minuten. Ein &#8222;Gewinner&#8220; der Verletzenmisere, sonst h\u00e4tte er kein einziges Mal im Kader gestanden. <\/p>\n<p><strong>Ausblick<\/strong><br \/>\nHalten. Weitere Chancen geben.<\/p>\n<p><em><strong>Hanno Behrens<\/strong><\/em><br \/>\nAlter 20, Vertrag bis 2011<br \/>\nEs wird schwierig werden f\u00fcr meinen &#8222;Sch\u00fctzling&#8220; bei <a href=\"http:\/\/www.18mal18.de\" target=\"_blank\">18mal18<\/a>. Trotz der Verletzenmisere stand er nicht ein Mal im Profikader. Ihm wurde dann sogar S\u00f6ren Bertram und Christian Gro\u00df vorgezogen. Kein gutes Zeichen.<\/p>\n<p>In der Regionalliga allerdings hat er 25 Spiele gemacht.<\/p>\n<p><strong>Ausblick<\/strong><br \/>\nIch hoffe er bekommt einen neuen Vertrag und eine neue Chance. K\u00f6nnte aber auch verstehen, wenn es dies nicht geschieht.<\/p>\n<h2>Angriff<\/h2>\n<p><em><strong>Paolo Guerrero<\/strong><\/em><br \/>\nAlter: 26, Vetrag bis <del datetime=\"2010-06-10T20:19:37+00:00\">2011<\/del> 2014<br \/>\nVerletzung. Flugangst. Flaschenwurf.<br \/>\nEs w\u00e4re so einfach \u00fcber Paolo Guerrero negatives zu schreiben.<br \/>\nMir bleibt in Erinnerung, das die ersten 4 Saisonspiele in der Bundesliga von ihm grandios waren. Er war in immer anspielbar, hat entweder die B\u00e4lle klug verteilt oder selber eine Aktion aufs Tor gesucht.<br \/>\nLeider haben wir nur 6 Spiele in der Bundesliga von ihm gesehen. Ich freue mich auf das neue Jahr mit ihm!<\/p>\n<p><strong>Ausblick<\/strong><br \/>\nBis 2014 bleibt er eine Rothose. Zu recht!<\/p>\n<p><em><strong>Mladen Petric<\/strong><\/em><br \/>\nAlter: 29, Vertrag bis 2012<br \/>\nLeider auch zu lange verletzt. Bester Torsch\u00fctze in der Bundesliga. Also bei uns. Mit 8 Toren. Dieses Jahr nicht so zwingend in seinen Aktionen wie im Jahr zuvor. Er strahlte nicht die Torgef\u00e4hrlichkeit aus wie in der Saison zuvor. Dieses arrogante Selbstbewustein, welches ein St\u00fcrmer braucht. An der Seite von Ruud van Nistelrooy harmonierte er nicht gut. Es sah ein wenig danach aus, da\u00df er sich in seiner Rolle als vermeintliche Nummer zwei nicht wohl f\u00fchlte.<br \/>\n16 Tore in 40 Spielen sind eine schlechte Quote. Immerhin 21 Vorlagen, das macht 39 Scorerpunkte in 40 Spielen. Unwichtig war er also nicht f\u00fcr unsere Offensive.<\/p>\n<p><strong>Ausblick<\/strong><br \/>\nHm. Nicht einfach. 4 St\u00fcrmer im Kader. Er ist der einzige neben Berg, der einen langfristigen, nicht gerade verl\u00e4ngerten Vertrag hat. 4 St\u00fcrmer und nur 2 Wettbewerbe, wenn alles sehr gut l\u00e4uft sind das 41 Spiele. Meiner Meinung nach sind ist ein St\u00fcrmer \u00fcbrig. Weil sonst die Unruhe im Verein zu gro\u00df wird. Weil sonst Nachwuchstalente so gar keine Spielzeit bekommen.<br \/>\nIch vermute, sein Berater wei\u00df das auch und der wird sich umh\u00f6ren.<br \/>\nAlso mein Urteil: Verkaufen. Ich w\u00fcrde ihn gerne behalten, aber bei den Rahmendaten ist es wohl fast nicht zu verhindern. Es spricht aber gegen einen Verkauf, da\u00df er bei der WM nicht spielen wird. Dort wird der Markt bestimmt.<\/p>\n<p><em><strong>Marcus Berg<\/strong><\/em><br \/>\nAlter: 23, Vertrag bis 2014<br \/>\nTeuerster Einkauf der Vereinsgeschichte. Eine schwere B\u00fcrde. Gekauft als dritter talentierter junger St\u00fcrmer hinter dem gesetztem Duo Petric\/Guerrero. Durch die Verletzung der beiden Startst\u00fcrmer in eine Rolle gedr\u00e4ngt, die er dann nicht erf\u00fcllen konnte.<br \/>\nGilt f\u00fcr einige als Fehleinkauf.<br \/>\nF\u00fcr mich nicht. Er braucht seine Zeit. Er ist 23. Kommt aus der Eredivisie. Ja, er hat 10 Millionen gekostet. Das ist ein sehr beliebtes Argument. Aber wenn er &#8222;unbeschwert&#8220; aufspielen konnte, dann hat man gesehen, welches Talent er hat. Ich w\u00fcrde ihm gerne Entwicklungszeit geben. Dann glaube ich kann er sich zu einem sehr gutem St\u00fcrmer entwicklen. Lernen tut er ja von den Besten!<br \/>\nErinnert sich noch jemand an die erste Saison von Paolo Guerrero? Er hat gerade mal ein Tor mehr in der Bundesliga geschossen als Marcus Berg. Und ich glaube es sind viele sehr gl\u00fccklich, da\u00df wir den Vertrag mit Guerrero verl\u00e4ngert haben.<\/p>\n<p><strong>Ausblick<\/strong><br \/>\nHalten. Punkt.<\/p>\n<p><em><strong>Ruud van Nistelrooy<\/strong><\/em><br \/>\nAlter: 33, Vertrag bis 2011<br \/>\nJedesmal, wenn ich ihn live in unserem Trikot hab spielen sehen, musste mich jemand kneifen, damit ich nicht denke ich Tr\u00e4ume. Ein Weltklassespieler. Beim HSV. Immer noch sehr unbegreiflich.<br \/>\nLeider war er nicht fit, als er in der Winterpause zu uns kam. Sonst h\u00e4tten wir ihn aber wohl auch nicht bekommen. Schaffte in 11 Bundesligaspielen 5 Tore. Wenn er die Quote n\u00e4chstes Jahr h\u00e4lt, w\u00e4re ich sehr gl\u00fccklich. <\/p>\n<p><strong>Ausblick<\/strong><br \/>\nHalten. Und auch in der n\u00e4chsten Saison mu\u00df man mich kneifen, wenn ich ihn im HSV Trikot sehe&#8230;<\/p>\n<p><em><strong>Maximilian Beister<\/strong><\/em><br \/>\nAlter: 19, Vertrag bis 2011<br \/>\n3 mal im Kader, 2 Eins\u00e4tze.<br \/>\nWas Bruno Labbadia damals gegen Bochum geritten hat, ihn erst in der 89. Minute bei einem 1:0 R\u00fcckstand einzuwechseln, wird mir immer ein R\u00e4tsel bleiben.<\/p>\n<p><strong>Ausblick<\/strong><br \/>\nWird schwierig f\u00fcr ihn. 2 Wettbewerbe, 4 St\u00fcrmer. Nummer 5 bleibt dann sehr oft zu Hause. Verleihen? Ich w\u00fcrde ihn gerne behalten.<\/p>\n<p><em><strong>Tunay Torun<\/strong><\/em><br \/>\nAlter: 20, Vertrag bis 2011<br \/>\nTeilweise hat er durch seine Leistung Trochowski auf die Bank verdr\u00e4ngt. Dann \u00fcberdrehte er aber und seine Leistungen wurden schlechter. Am Ende dann auch noch verletzt, aber wer war das nicht n\u00e4chstes Jahr. 2 Tore sind dann auch nicht viel. Sein Potential hat er gezeigt, aber noch nicht ausgesch\u00f6pft.<\/p>\n<p><strong>Ausblick<\/strong><br \/>\nAuch so ein Wackelkandidat, bei 2 Wettbewerben und 4 St\u00fcrmern. Wenn jemand Geld bietet, verkaufen. Auch wenn er ein Hamburger Jung ist.<\/p>\n<p>Im n\u00e4chsten Teil werde ich kurz auf die Leihspieler eingehen und dann auf die Arbeit der Vereinsgremien.<\/p>\n<p>In diesem Sinne: <strong>Nur der HSV!<\/strong><\/p>\n","protected":false},"excerpt":{"rendered":"<p>In Teil drei habe ich die defensiven Spieler betrachtet, im vierten Teil folgen jetzt die offensiven. Mittelfeld Marcell Jansen Alter: 24, Vertrag bis 2013 Euer Spieler der Saison. Und das obwohl er nur 18 Spiele in der Bundesliga gemacht hat. Ich habe ihn ins Mittelfeld gestellt, weil er eben kein Abwehrspieler mehr ist. Das hat [&hellip;]<\/p>\n","protected":false},"author":2,"featured_media":0,"comment_status":"open","ping_status":"open","sticky":false,"template":"","format":"standard","meta":{"footnotes":""},"categories":[23,20,33,4],"tags":[126,642,142,131,138,125,128,641,85,643,122,130,42,132,639,129,141,127,10,134,135,146,147,133,51,145,139,137,37,86,14,144,140,124,143,148,123,136],"class_list":["post-2354","post","type-post","status-publish","format-standard","hentry","category-bundesliga","category-dfb-pokal","category-europa-league","category-hsv","tag-bastian-reinhardt","tag-bundesliga","tag-christian-gros","tag-collin-benjamin","tag-david-jarolim","tag-david-rozehnal","tag-dennis-aogo","tag-dfb-pokal","tag-eljero-elia","tag-europa-league","tag-frank-rost","tag-guy-demel","tag-hanno-behrens","tag-henrik-dettmann","tag-hsv","tag-jerome-boateng","tag-jonathan-pitroipa","tag-joris-mathijsen","tag-kader","tag-kai-fabian-schulz","tag-marcell-jansen","tag-marcus-berg","tag-maximilian-beister","tag-miroslav-stepanek","tag-mladen-petric","tag-paolo-guerrero","tag-piotr-trochowski","tag-robert-tesche","tag-romeo-castelen","tag-ruud-van-nistelrooy","tag-saison-20092010","tag-soren-bertram","tag-tolgay-ali-arslan","tag-tom-mickel","tag-tomas-rincon","tag-tunay-torun","tag-wolfgang-hesl","tag-ze-roberto"],"_links":{"self":[{"href":"http:\/\/www.nedsblog.de\/index.php?rest_route=\/wp\/v2\/posts\/2354","targetHints":{"allow":["GET"]}}],"collection":[{"href":"http:\/\/www.nedsblog.de\/index.php?rest_route=\/wp\/v2\/posts"}],"about":[{"href":"http:\/\/www.nedsblog.de\/index.php?rest_route=\/wp\/v2\/types\/post"}],"author":[{"embeddable":true,"href":"http:\/\/www.nedsblog.de\/index.php?rest_route=\/wp\/v2\/users\/2"}],"replies":[{"embeddable":true,"href":"http:\/\/www.nedsblog.de\/index.php?rest_route=%2Fwp%2Fv2%2Fcomments&post=2354"}],"version-history":[{"count":11,"href":"http:\/\/www.nedsblog.de\/index.php?rest_route=\/wp\/v2\/posts\/2354\/revisions"}],"predecessor-version":[{"id":2372,"href":"http:\/\/www.nedsblog.de\/index.php?rest_route=\/wp\/v2\/posts\/2354\/revisions\/2372"}],"wp:attachment":[{"href":"http:\/\/www.nedsblog.de\/index.php?rest_route=%2Fwp%2Fv2%2Fmedia&parent=2354"}],"wp:term":[{"taxonomy":"category","embeddable":true,"href":"http:\/\/www.nedsblog.de\/index.php?rest_route=%2Fwp%2Fv2%2Fcategories&post=2354"},{"taxonomy":"post_tag","embeddable":true,"href":"http:\/\/www.nedsblog.de\/index.php?rest_route=%2Fwp%2Fv2%2Ftags&post=2354"}],"curies":[{"name":"wp","href":"https:\/\/api.w.org\/{rel}","templated":true}]}}