{"id":2373,"date":"2010-06-29T20:48:41","date_gmt":"2010-06-29T19:48:41","guid":{"rendered":"http:\/\/www.nedsblog.de\/?p=2373"},"modified":"2010-06-29T20:52:53","modified_gmt":"2010-06-29T19:52:53","slug":"saisonruckblick-teil-vier-2","status":"publish","type":"post","link":"http:\/\/www.nedsblog.de\/?p=2373","title":{"rendered":"Saisonr\u00fcckblick, Teil <del>vier<\/del> f\u00fcnf"},"content":{"rendered":"<p>In dieser letzten Folge meines R\u00fcckblickes widme ich mich unseren Leihspielern und den Gremien des Vereins.<br \/>\nJa, die Saison ist schon lange vorbei, aber das Leben l\u00e4sst einem manchmal einfach nicht st\u00e4ndig bloggen&#8230;<br \/>\n<strong>[update]<\/strong> Boah wie geil, da sitze ich super lange an dem Artikel und dann f\u00e4llt mir nicht auf, da\u00df der Titel falsch ist. Es ist nat\u00fcrlich der f\u00fcnfte Teil&#8230;<\/p>\n<h2>Leihspieler<\/h2>\n<p><strong><em>\u00c4nis Ben-Hatira<\/em><\/strong><br \/>\nAlter:21, Vertrag bis 2012, ausgeliehen an den MSV Duisburg<\/p>\n<p>Hat in der 2. Bundesliga 16 Spiele gemacht. Scho\u00df dort ein Tor und bereitete 3 vor.<br \/>\nAus der Ferne betrachtet ist das keine gute Leistung. Als vermeintlicher Spieler eines Erstligisten erwarte ich in der zweiten Liga eine wesentlich bessere Performance. Ich habe ihn nicht oft spielen sehen und wenn dann ist er mir nicht aufgefallen.<\/p>\n<p>Ihr kennt das ja schon, ich habe den blogger Kees Jaratz vom <a href=\"http:\/\/zebrastreifenblog.wordpress.com\/\" target=\"_blank\">zebrastreifenblog<\/a> gebeten, \u00c4nis Ben-Hatira&#8217;s Saison beim MSV Duisburg zu beschreiben:<\/p>\n<blockquote><p>\n\u00c4nis Ben-Hatira hatte nach der Winterpause kaum mehr Gelegenheit, etwas von seinem K\u00f6nnen beim MSV Duisburg zu zeigen. Seit Mitte Februar geh\u00f6rt er zu den Rekonvalszenten des Vereins, nachdem er wegen einer angeborenen H\u00fcftsch\u00e4digung operiert wurde. Einen nennenswerten Kurzeinsatz ab der 77. Minute hatte er bis dahin, zweimal wurde er kurz vor Abpfiff eingewechselt. Bei dem einen etwas l\u00e4ngeren Einsatz wirkte er v\u00f6llig verunsichert, und es bleibt nur zu spekulieren, woran das gelegen hat. Einerseits kam er in eine Mannschaft, die gerade in diesen Spielen dabei war, sich von allen Aufstiegshoffnungen zu verabschieden. Andererseits lie\u00df sein zaghaftes und z\u00f6gerliches Auftreten auf grunds\u00e4tzliche Versagens\u00e4ngste schlie\u00dfen, die eher wenig mit dem damaligen Mannschaftsspiel zu tun hatten. Vielleicht kam er mit der Pers\u00f6nlichkeit des Trainers Milan Sasic nicht klar. Dessen Umgang mit Fu\u00dfballern und Mitarbeitern des Vereins f\u00fchrte im Ende M\u00e4rz ja sogar zu einer Krise, nach der Sasic versprach, sein Verhalten zu \u00e4ndern. Ben-Hatira hat das nichts mehr genutzt. Mit seinem K\u00f6nnen vom Ende des letzten Jahres und seinem damaligen Einsatz s\u00e4he ich ihn gern weiterhin in Duisburg, auch wenn ich nicht glaube, dass der Verein mit ihm plant. Zudem m\u00fcsste Milan Sasic tats\u00e4chlich aus seinen Fehlern im Umgang mit Menschen gelernt haben.Denn ich glaube, dass Ben-Hatiras Psyche in Duisburg gro\u00dfer St\u00e4rkung bedarf, wenn er wiederkommt. Bei einem anderen Verein w\u00e4re das wahrscheinlich anders. Da k\u00f6nnte er wieder neu anfangen. In der ersten Liga sehe ich ihn zurzeit nicht.\n<\/p><\/blockquote>\n<p><strong>Ausblick<\/strong><br \/>\nVerkaufen. Konnte sich in Duisburg nicht durchsetzen, wie soll er das denn in Hamburg schaffen?<\/p>\n<p><em><strong>Sidney Sam<\/strong><\/em><br \/>\nAlter: 22, Vertrag bis 2015 bei Bayer Leverkusen, vorher ausgeliehen an den 1. FC Kaiserslautern<\/p>\n<p>Verkauft. Bayer Leverkusen hat zugegriffen und ihm einen 5 Jahresvertrag gegeben. 5 Jahre, da scheint sich aber jemand ziemlich sicher zu sein.<\/p>\n<p>In der zweiten Bundesliga war Sidney Sam einer der St\u00fctzen in der Aufstiegssaison von Kaiserslautern.  10 Tore und 7 Vorlage, damit ist er der zweitbeste Scorer seines Team (Jendrisek 15T, 3A ist die Nummer 1).<\/p>\n<p><strong>Ausblick<\/strong><br \/>\nVerkauft. Schade, aber lie\u00df sich wohl nicht vermeiden. Irgendwas scheint er an sich zu haben, was beim HSV nicht gewollt wird.<\/p>\n<p>Ich finde es schade, ich h\u00e4tte ihm gerne eine Chance gegeben, aber das neue Trainerteam scheint ihn nicht haben zu wollen.<\/p>\n<p><em><strong>Macauly Chrisantus<\/strong><\/em><br \/>\nAlter: 19, Vertrag bis 2012 ausgeliehen an den Karlsruher SC<\/p>\n<p>In der zweiten Bundesliga machte er 25 Spiele (im Schnitt 55 Minuten Spielzeit hat er bekommen), scho\u00df 3 Tore und gab 4 Torvorlagen. F\u00fcr einen 19j\u00e4hrigen nicht schlecht. <\/p>\n<p><strong>Ausblick<\/strong><br \/>\nDie Leihe wurde verl\u00e4ngert, er kann also im n\u00e4chsten Jahr weiter Spielpraxis sammeln. Das finde ich gut, weil in unserem Kader ist derzeit kein Platz f\u00fcr einen weiteren St\u00fcrmer.<\/p>\n<p><em><strong>Mickael Tavares<\/strong><\/em><br \/>\nAlter: 27, Vertrag bis 2012, ausgeliehen an den Club<\/p>\n<p>Defensives Mittelfeld, aber in langsam, das f\u00e4llt mir zu den Leistungen bei uns ein. Deswegen wurde er in der Winterpause verliehen. Durchgesetzt hat er sich in N\u00fcrnberg nicht, hat zwar 11 von 17 Spielen bestritten, aber davon nur 4 von Anfang bis Ende.<\/p>\n<p><strong>Ausblick<\/strong><br \/>\nVerkaufen. Wir haben im defensiven Mittelfeld kein Bedarf.<\/p>\n<p><strong>Eric-Maxim Choupo-Moting<\/strong><br \/>\nAlter: 21, Vertrag bis 2011 ausgeliehen an den Club.<\/p>\n<p>Hm, nunja, als wir dutzende verletzte St\u00fcrmer haben, da h\u00e4tte wir ihn gut gebrauchen k\u00f6nnen, da h\u00e4tte er bestimmt eine Chance gehabt. In 25 Ligaspielen hat er 5 Tore geschossen. H\u00e4rt sich jetzt nicht viel an, er ist damit aber besser als Berg oder Torun. Im Schnitt hat er 57 Minuten auf dem Platz gestanden. Als Nachwuchstalent in einer Mannschaft, die um den Abstieg spielt, bewerte ich das als gut.<\/p>\n<p><strong>Ausblick<\/strong><br \/>\nHalten. Er hat jetzt eine Weltmeisterschaft mit Kamerun gespielt. Hat also mehr Erfahrung gesammelt. Obwohl er ein f\u00fcnfter St\u00fcrmer sein wird. Halten. Er kann viel von Petric, Guerrero und van Nistelrooy lernen, wenn er schlau ist macht er das.<\/p>\n<p>Hier der Eindruck unser Leihspieler an den Club von Bomber Manolo vom <a href=\"http:\/\/www.n-town.de\/\" target=\"_blank\">Glubb-Blog<\/a> (Hinweis, die Frage habe ich vor dem Relegationsspiel gestellt):<\/p>\n<blockquote><p>Jaja, uns Glubberern bleibt schon nix erspart: Die letzten,  die noch als 16. absteigen (2008), die ersten, die als Zweitligadritter nicht direkt aufsteigen &#8211; und nat\u00fcrlich jetz wieder&#8230; :-(<\/p>\n<p>Eric Choupo-Moting und Mikael Tavares haben unser Team sicherlich verst\u00e4rkt, vor allem in der Zeit Februar, M\u00e4rz! Man muss ihnen aber vorwerfen, dass sie in der extrem miesen Phase zu Ende der Saison in dieser schlechten Mannschaft einfach mit untergegangen sind, sich nicht abheben konnten! Die Hamburger Zuschauer konnten sich ja beim 4:0 ein deutliches Bild davon machen! Aber noch haben beide die 2 Relegationsspiele die Chance, dass alles vergessen zu machen und das fr\u00e4nkischen Publikum zu Lobges\u00e4ngen zu bringen! Hoffen wir f\u00fcr die beiden und f\u00fcr uns auf das Beste&#8230;<\/p><\/blockquote>\n<p><\/p>\n<h2>Vereinsgremien<\/h2>\n<p>Ja, diese Saison l\u00e4dt f\u00f6rmlich dazu ein, auch einen R\u00fcckblick \u00fcber das Geschehen im Verein zu schreiben. So etwas wie diese Saison m\u00f6chte ich nicht nochmal erleben. Chaos auf allen Ebenen, jeder blamiert sich wo er kann. Porfesionelle Arbeit sieht anders aus!<\/p>\n<p><em><strong>Vorstand<\/strong><\/em><br \/>\nSeit der <del datetime=\"2010-06-29T10:53:42+00:00\">Entlassung<\/del> einvernehmlichen Trennung vom Sportvorstand Dietmar Beiersdorfer wurde die Stelle nicht neu besetzt. Katja Kraus und Bernd Hoffmann sollten in Zusammenarbeit mit Bruno Labbadia die Aufgaben \u00fcbernehmen. Das ist schief gegangen, schiefer konnte es garnicht gehen. Zum einen war am Ende der Trainer das Problem, wie soll dann das Problem gel\u00f6st werden, zum anderen sind weder Katja Kraus noch Bernd Hoffmann meiner Meinung nach in der Lage die Mannschaft und den Trainer zusammen zubringen. Marketing, Merchandising, Kontakte in die Wirtschaft kn\u00fcpfen, das k\u00f6nnen die beiden sehr gut. Wirtschaftlich geht es uns gut, wir sind schuldenfrei! Nochmal: Schuldenfrei! Das tut nach den wilden 90ern echt gut! Unser Merchandising bricht jedes Jahr die eigenen Umsatzrekorde!<br \/>\nIch will nicht in die Bresche reinschlagen, da\u00df Bernd Hoffmann sich zu sehr in andere Ressorts einmischt. Das will und kann ich nicht beurteilen. Er ist der Vorstandsvorsitzende, er darf und mu\u00df Fragen und Forderungen stellen, aber ich denke er wird aus der letzten Saison auch gelernt haben. Ich hoffe, er wird den neuen Sportvorstand in Ruhe seine Arbeit machen und ihn kritisch begleiten. Ich hoffe er hat erkannt, da\u00df er nicht alles alleine schafft. Ich hoffe er hat erkannt, da\u00df seine St\u00e4rken in anderen Bereichen liegen. Ich hoffe, da\u00df Bastian Reinhardt seinen Job in Ruhe machen kann.<\/p>\n<p>Bei Katja Kraus kann ich nur sagen: weiter so! Der HSV ist in vielen Projekten sozial engagiert (Hamburger Weg zum Beispiel), Merchandising brummt und es wurde sogar mal virales Marketing versucht. OK, das ist kl\u00e4glich gescheitert, aber es wurde versucht! Mir gef\u00e4llt die Lila Kollektion nicht, hat nichts mit dem HSV, mit blau-wei\u00df-schwarz zu tun, aber (ich hoffe es z\u00e4hlt hier keine die aber!) solch eine Kollektion geh\u00f6rt wohl dazu. Dagegen wehren tun sich gen\u00fcgend, ich seh das kaufm\u00e4nnisch: Wenn es Geld bringt, ok, ich mu\u00df es ja nicht tragen. Es mu\u00df halt immer nur ein kleiner Teil der Kollektion sein, dann ist das meiner Meinung nach in Ordung.<\/p>\n<p>Oliver Scheel macht eben alles das, was ein Vorstand machen mu\u00df, dessen Ressort die Vereinsarbeit ist: Vereinsarbeit. Sein Auftreten ist immer sehr zur\u00fcckhalten, sehr angenehm finde ich das.<\/p>\n<p>Allen die &#8222;Hoffmann raus!&#8220; rufen, stelle ich die Frage: Wer soll es denn sonst machen? Nennt eine Alternative, die solch wirtschaftliche Stabilit\u00e4t bietet? Er hat auf seine Art die Raute im Herzen. Es ist anders als bei mir, ja, aber irgendwie hat er sie auch im Herzen. Das konnte man im letzten Mai beobachten, als wir die Niederlagen gegen die Prehmer einstecken mu\u00dften.<\/p>\n<p><strong>Aufsichtsrat<\/strong><br \/>\nHerrje. Wo soll ich da anfangen?<br \/>\nWie amateurhaft ist es bitte 14 Monate einen neuen Sportvorstand zu suchen um dann einen Praktikanten aus der Gesch\u00e4ftsstelle zu nehmen? Was haben die 14 Monate gemacht? Es gibt doch einen Personalrat, der damit beauftragt wurde einen neuen Sportchef zu suchen? Waren die nur saufen? Ich w\u00fcrde auf der n\u00e4chsten au\u00dferordentlichen Mitgliederversammlung gerne eine Aufstellung der T\u00e4tigkeit des Personalrats sehen. Ich meine wenigstens Kanditaten pr\u00e4sentieren, einen Stand der Ermittlungen geben, irgendwelche Wasserstandsmeldungen. Sonst sieht es einfach erb\u00e4rmlich aus, wenn dann nach dem uns\u00e4glichem Aus von Kreuzer und Grill lange Monate nichts passiert, Urs Siegenthaler mal den Job machen soll und mal nicht, Sergej Barbarez angefixt und wieder fallen gelassen wird und am Ende dann ein Exprofi als tolle, neue, beste und immer gewollte L\u00f6sung pr\u00e4sentiert wird.<\/p>\n<p>Setzen 6 meine Herren!<\/p>\n<p>Ich hoffe auch die <del datetime=\"2010-06-29T10:53:42+00:00\">12<\/del> 11 Herren (Barbarez ist ja zur\u00fcckgetreten) haben dazu gelernt. Es gab ja eine Aussprache, an derem Ende der Aufsichtsratsvorsitzende nicht zur\u00fcckgetreten ist und das Gremium nun professioneller arbeiten m\u00f6chte. Sollten die nun das Leck gefunden haben, um so besser, dann dringen Internas nicht st\u00e4ndig an die \u00d6ffentlichkeit. Bei <del datetime=\"2010-06-29T10:53:42+00:00\">12<\/del> 11 Leuten nicht einfach.<\/p>\n<p>Horst Becker ist weiter Aufsichtsratvorsitzender. Ich finde gut, da\u00df er sich der Verantwortung stellt und nicht zur\u00fcckgetreten ist. Die Mitglieder sollen entscheiden, ob er seinen Job weiter machen soll. R\u00fccktritt f\u00e4nde ich dann sehr feige. Er mu\u00df sich glaube ich nicht zur n\u00e4chsten MV zur Wahl stellen, aber zur der darauf folgenden. Bis dahin hat er Zeit einen guten Job zu machen! Lassen wir ihm diese Chance, es wartet bestimmt genug arbeit.<\/p>\n<p><strong>Supporters Club<\/strong><br \/>\nImmer da, wenn es darum geht den Verein, also den Gesamtverein, zu retten. Gerade im Zuge der K\u00fchne Millionen (Stichwort Ansto\u00df<sup>3<\/sup>) dr\u00e4ngen sie darauf die Vertr\u00e4ge offen zu legen. Gut fand ich auch, da\u00df nicht die ganze Zeit auf Vorstand und Aufsichtsrat gepr\u00fcgelt worden ist, sondern ruhig und besonnen reagiert wurde. Auch die au\u00dferordentliche Mitgliederversammlung wurde etwa nicht populistisch nach der Krise im Aufsichtsrat einberufen, sondern eben genau richtig um den Vorstand zu zwingen \u00fcber das Thema Ansto\u00df<sup>3<\/sup> Auskunft zu geben.<\/p>\n<p><strong>Ausblick<\/strong><br \/>\nIch bin gespannt, was die au\u00dferordentliche MV bringen wird. Ich bin leider nicht in der Lage herauszufinden, welche Vertragsinhalte der Vorstand der MV \u00fcberhaupt preisgeben mu\u00df. Ich w\u00fcrde mir viel Transparenz w\u00fcnschen, dann w\u00fcrde das Modell auch unterst\u00fctzt werden. Von allen im Verein.<\/p>\n<p>Spannung stellt sich auch bei mir ein, wie sich der neue Sportvorstand so machen wird. Die Findung fand ich ja sehr amateurhaft, ich w\u00fcnsche mir aber, da\u00df Bastian Reinhardt in die Rolle w\u00e4chst und ein guter Sportvorstand wird. Bisher liest man ja nur, da\u00df er viel arbeitet. Eine Neuverpflichtung ist noch nicht bekannt gegeben worden, ok, nehmen wir die Vertragsverl\u00e4ngerung von Paolo Guerrero aus. Bei der stellte sich mir die Frage, ob er da \u00fcberhaupt irgendeinen Anteil dran hatte. <\/p>\n<p>Die meiste Spannung baut sich aber in mir auf, wie das Zusammenspiel Bernd Hoffmann, Bastian Reinhardt, Armin Veh und Urs Siegenthaler sein wird: Wer kann wem was sagen, wer hat die Hand auf welches Ressort, wer ist verantwortlich f\u00fcr welche Entscheidung? Da\u00df sich gerade der Vorstandschef anscheinend nicht immer an Entscheidungsrichtlinien gehalten hat, ist ja bekannt. Wie wird das aufgehen?<br \/>\nAuch in der n\u00e4chsten Saison werden uns unsere Vereinsgremien und die handelnden Personen auf Trapp halten.<\/p>\n<p>Ich w\u00fcnsche mir einfach, da\u00df alle zum Wohle des Gesamtvereins arbeiten! <\/p>\n<p>In diesem Sinne: <strong>Nur der HSV!<\/strong><\/p>\n","protected":false},"excerpt":{"rendered":"<p>In dieser letzten Folge meines R\u00fcckblickes widme ich mich unseren Leihspielern und den Gremien des Vereins. Ja, die Saison ist schon lange vorbei, aber das Leben l\u00e4sst einem manchmal einfach nicht st\u00e4ndig bloggen&#8230; [update] Boah wie geil, da sitze ich super lange an dem Artikel und dann f\u00e4llt mir nicht auf, da\u00df der Titel falsch [&hellip;]<\/p>\n","protected":false},"author":2,"featured_media":0,"comment_status":"open","ping_status":"open","sticky":false,"template":"","format":"standard","meta":{"footnotes":""},"categories":[23,20,33,4],"tags":[65,57,120,126,160,642,641,56,643,158,163,639,10,161,150,151,162,58,159,149,157],"class_list":["post-2373","post","type-post","status-publish","format-standard","hentry","category-bundesliga","category-dfb-pokal","category-europa-league","category-hsv","tag-2-bundesliga","tag-anis-ben-hatira","tag-aufsichtsrat","tag-bastian-reinhardt","tag-bernd-hoffmann","tag-bundesliga","tag-dfb-pokal","tag-eric-maxim-choupo-moting","tag-europa-league","tag-glubb-blog","tag-horst-becker","tag-hsv","tag-kader","tag-katja-kraus","tag-macauly-chrisantus","tag-mickael-tavares","tag-oilver-scheel","tag-sidney-sam","tag-urs-siegenthaler","tag-vorstand","tag-zebrastreifenblog"],"_links":{"self":[{"href":"http:\/\/www.nedsblog.de\/index.php?rest_route=\/wp\/v2\/posts\/2373","targetHints":{"allow":["GET"]}}],"collection":[{"href":"http:\/\/www.nedsblog.de\/index.php?rest_route=\/wp\/v2\/posts"}],"about":[{"href":"http:\/\/www.nedsblog.de\/index.php?rest_route=\/wp\/v2\/types\/post"}],"author":[{"embeddable":true,"href":"http:\/\/www.nedsblog.de\/index.php?rest_route=\/wp\/v2\/users\/2"}],"replies":[{"embeddable":true,"href":"http:\/\/www.nedsblog.de\/index.php?rest_route=%2Fwp%2Fv2%2Fcomments&post=2373"}],"version-history":[{"count":19,"href":"http:\/\/www.nedsblog.de\/index.php?rest_route=\/wp\/v2\/posts\/2373\/revisions"}],"predecessor-version":[{"id":2421,"href":"http:\/\/www.nedsblog.de\/index.php?rest_route=\/wp\/v2\/posts\/2373\/revisions\/2421"}],"wp:attachment":[{"href":"http:\/\/www.nedsblog.de\/index.php?rest_route=%2Fwp%2Fv2%2Fmedia&parent=2373"}],"wp:term":[{"taxonomy":"category","embeddable":true,"href":"http:\/\/www.nedsblog.de\/index.php?rest_route=%2Fwp%2Fv2%2Fcategories&post=2373"},{"taxonomy":"post_tag","embeddable":true,"href":"http:\/\/www.nedsblog.de\/index.php?rest_route=%2Fwp%2Fv2%2Ftags&post=2373"}],"curies":[{"name":"wp","href":"https:\/\/api.w.org\/{rel}","templated":true}]}}