{"id":248,"date":"2009-07-06T22:07:44","date_gmt":"2009-07-06T20:07:44","guid":{"rendered":"http:\/\/www.nedsblog.de\/?p=248"},"modified":"2009-07-06T22:07:44","modified_gmt":"2009-07-06T20:07:44","slug":"transfer-der-zweite-und-dritte","status":"publish","type":"post","link":"http:\/\/www.nedsblog.de\/?p=248","title":{"rendered":"Transfer, der zweite (und dritte)"},"content":{"rendered":"<p style=\"text-align: left;\">Mann Mann Mann<\/p>\n<p style=\"text-align: left;\">Da ist man mal 3 Tage nicht online und schon fangen die Verantwortlichen beim HSV an auf das Gaspedal zu dr\u00fccken.<\/p>\n<p style=\"text-align: left;\">Der lang eingef\u00e4delte, wahrscheinlich noch von Didi angefange, Transfer von Eljero Elia ist perfekt. Ein hin und her, der Spieler wollte wohl, der HSV auch, aber der Ex-Verein wollte so viel Geld wie m\u00f6glich rausschlagen. Aber egal, nu ist der Spieler da.<\/p>\n<h3 style=\"text-align: left;\">Wer ist Elia?<\/h3>\n<p style=\"text-align: left;\">Holl\u00e4nder, 22 Jahre alt, 176cm<br \/>\nEr bekommt einen 5-Jahresvertrag (hoffentlich ohne feste Abl\u00f6sesumme nach x Jahren) und soll lt. Medien 8-9 Mio. Euro gekostet haben. 5 Jahre sind mal ne Aussage vom Verein.<\/p>\n<p style=\"text-align: left;\"><strong>Leistungsdaten<\/strong><br \/>\nIn den letzten 4 Jahren hat er in der niederl\u00e4ndischen Eredivisie gespielt.<\/p>\n<table border=\"1\">\n<tbody>\n<tr>\n<td>Saison<\/td>\n<td>Spiele<\/td>\n<td>Tore<\/td>\n<td>Vorl.<\/td>\n<td>Score<\/td>\n<td>Team<\/td>\n<td>Anteil<\/td>\n<td>Verein<\/td>\n<\/tr>\n<tr>\n<td>08\/09<\/td>\n<td>34<\/td>\n<td>9<\/td>\n<td>16<\/td>\n<td>25<\/td>\n<td>62<\/td>\n<td>25%<\/td>\n<td>Enschede<\/td>\n<\/tr>\n<tr>\n<td>07\/08<\/td>\n<td>2<\/td>\n<td>1<\/td>\n<td>3<\/td>\n<td>4<\/td>\n<td>52<\/td>\n<td>6%<\/td>\n<td>Enschede<\/td>\n<\/tr>\n<tr>\n<td>06\/07<\/td>\n<td>25<\/td>\n<td>3<\/td>\n<td>2<\/td>\n<td>5<\/td>\n<td>40<\/td>\n<td>13%<\/td>\n<td>DenHaag<\/td>\n<\/tr>\n<tr>\n<td>05\/06<\/td>\n<td>30<\/td>\n<td>2<\/td>\n<td>2<\/td>\n<td>4<\/td>\n<td>36<\/td>\n<td>11%<\/td>\n<td>DenHaag<\/td>\n<\/tr>\n<\/tbody>\n<\/table>\n<p style=\"text-align: left;\">In der Saison 08\/09 hat er insgesamt 49 Spiele gemacht. 16 Tore 11 Vorlagen waren die Ausbeute. Das hat ihm die Johan-Cruyff-Auszeichnung als bester Nachwuchsspieler eingebracht.<\/p>\n<p style=\"text-align: left;\">Ein schneller Junge links vorne also. Bin verhalten optimistisch. Spannend wird, ob er als St\u00fcrmer oder im offensiven Mittelfeld eingesetzt werden wird.<\/p>\n<p style=\"text-align: left;\">Diese Passage aus dem Interview bei hsv.de hat mir dann aber G\u00e4nsehaut verschafft:<\/p>\n<blockquote><p>Elia: Ich sollte mich nicht auf die Haupttrib\u00fcne oder in eine Loge setzen, damit mich keiner erkennt. So war ich hautnah bei den Fans dabei.<\/p>\n<p>Haben sich Deine Sitznachbarn nicht gewundert?<\/p>\n<p>Elia (lacht): Doch. Mein Sitznachbar war ein \u00e4lterer Herr, der schon seit 50 Jahren HSV-Fan ist. Ihm hat meine Begleitung erz\u00e4hlt, dass ich ein befreundeter Student aus Holland bin und eigentlich Basketball spiele. Als das Tor von Petric gefallen ist, hat er mich umarmt und sp\u00e4ter vor Freude \u00fcber den Sieg seine Frau angerufen und ihr von dem tollen Spiel berichtet. Das war ein unglaubliches Erlebnis f\u00fcr mich. Nach dem Spiel habe ich zu meinem Berater gesagt, ich m\u00f6chte unbedingt zum HSV.<br \/>\n(Quelle: <a href=\"http:\/\/www.hsv.de\/index.php?id=26495\">hsv.de<\/a>)<\/p><\/blockquote>\n<p style=\"text-align: left;\">So w\u00fcnscht man es sich doch. Ein Spieler, der unbedingt zu uns will. Das freut die Raute in meinem Herzen.<\/p>\n<p style=\"text-align: left;\"><strong>Dritter Neuzugang<\/strong><br \/>\nUnd als dritte Neuverpflichtung gibt es den 22-j\u00e4hrigen Robert Tesche. Kommt f\u00fcr 1 Mio. vom Absteiger Arminia Bielefeld.  In 26 Spielen hat er 2 Tore geschossen und 2 Vorlagen gegeben. 3 Jahre will er bleiben. Ist was f\u00fcr die Bank. Aber das hat man von Aogo vor der letzten Saison auch gesagt.<\/p>\n<p style=\"text-align: left;\">Nun hoffe ich folgen noch 2-3 weitere Transfers. Mir fehlt immer noch der potentielle 20 Tore St\u00fcrmer im Kader.<\/p>\n<p style=\"text-align: left;\">In diesem Sinne: <strong>Nur der HSV!<\/strong><\/p>\n","protected":false},"excerpt":{"rendered":"<p>Mann Mann Mann Da ist man mal 3 Tage nicht online und schon fangen die Verantwortlichen beim HSV an auf das Gaspedal zu dr\u00fccken. Der lang eingef\u00e4delte, wahrscheinlich noch von Didi angefange, Transfer von Eljero Elia ist perfekt. Ein hin und her, der Spieler wollte wohl, der HSV auch, aber der Ex-Verein wollte so viel [&hellip;]<\/p>\n","protected":false},"author":2,"featured_media":0,"comment_status":"open","ping_status":"open","sticky":false,"template":"","format":"standard","meta":{"footnotes":""},"categories":[4],"tags":[639,10,14],"class_list":["post-248","post","type-post","status-publish","format-standard","hentry","category-hsv","tag-hsv","tag-kader","tag-saison-20092010"],"_links":{"self":[{"href":"http:\/\/www.nedsblog.de\/index.php?rest_route=\/wp\/v2\/posts\/248","targetHints":{"allow":["GET"]}}],"collection":[{"href":"http:\/\/www.nedsblog.de\/index.php?rest_route=\/wp\/v2\/posts"}],"about":[{"href":"http:\/\/www.nedsblog.de\/index.php?rest_route=\/wp\/v2\/types\/post"}],"author":[{"embeddable":true,"href":"http:\/\/www.nedsblog.de\/index.php?rest_route=\/wp\/v2\/users\/2"}],"replies":[{"embeddable":true,"href":"http:\/\/www.nedsblog.de\/index.php?rest_route=%2Fwp%2Fv2%2Fcomments&post=248"}],"version-history":[{"count":32,"href":"http:\/\/www.nedsblog.de\/index.php?rest_route=\/wp\/v2\/posts\/248\/revisions"}],"predecessor-version":[{"id":280,"href":"http:\/\/www.nedsblog.de\/index.php?rest_route=\/wp\/v2\/posts\/248\/revisions\/280"}],"wp:attachment":[{"href":"http:\/\/www.nedsblog.de\/index.php?rest_route=%2Fwp%2Fv2%2Fmedia&parent=248"}],"wp:term":[{"taxonomy":"category","embeddable":true,"href":"http:\/\/www.nedsblog.de\/index.php?rest_route=%2Fwp%2Fv2%2Fcategories&post=248"},{"taxonomy":"post_tag","embeddable":true,"href":"http:\/\/www.nedsblog.de\/index.php?rest_route=%2Fwp%2Fv2%2Ftags&post=248"}],"curies":[{"name":"wp","href":"https:\/\/api.w.org\/{rel}","templated":true}]}}