{"id":2481,"date":"2010-07-16T09:03:38","date_gmt":"2010-07-16T08:03:38","guid":{"rendered":"http:\/\/www.nedsblog.de\/?p=2481"},"modified":"2010-07-16T09:03:38","modified_gmt":"2010-07-16T08:03:38","slug":"dennis-diekmeier","status":"publish","type":"post","link":"http:\/\/www.nedsblog.de\/?p=2481","title":{"rendered":"Dennis Diekmeier"},"content":{"rendered":"<p>Es ist offiziell, der HSV hat Dennis Diekmeier <a href=\"http:\/\/www.hsv.de\/teams\/meldungen\/bundesliga\/juli-2010\/diekmeier\/\" target=\"_blank\">verpflichtet<\/a>. Er erh\u00e4lt einen Vertrag bis 2014. <\/p>\n<p>Gute Verpflichtung meiner Meinung nach. Wir haben derzeit keinen Rechtsverteidiger. OK, wir haben Guy Demel, aber die Leistungen der letzten Saison waren nicht gut, so da\u00df ich gerne eine Alternative auf der Seite h\u00e4tte. Ich w\u00fcrde motzen und zetern, wenn wir diese Saison international spielen w\u00fcrden, weil ich dann einen &#8222;gestandenen&#8220; Rechtsverteidiger lieber gehabt h\u00e4tte. Aber da wir uns f\u00fcr diese Europapokalsaison ja haben krank schreiben lassen, k\u00f6nnen wir den U-Nationalspieler auf der Position in Ruhe aufbauen. Wenn dann noch einer aus der eigenen Jugend f\u00fcr diese Position mittrainieren darf, dann w\u00fcrde ich sagen, da\u00df es nach einem Zukunftskonzept aussieht.<\/p>\n<p>Diese Statistik lief \u00fcber Dennis Diekmeier \u00fcber Twitter:<br \/>\n<a href=\"https:\/\/twitter.com\/optafranz\/status\/18669138511\"><img loading=\"lazy\" decoding=\"async\" src=\"http:\/\/www.nedsblog.de\/wp-content\/uploads\/Dennis-Diekmeier-opta-300x139.jpg\" alt=\"\" title=\"Dennis Diekmeier opta\" width=\"300\" height=\"139\" class=\"alignnone size-medium wp-image-2484\" srcset=\"http:\/\/www.nedsblog.de\/wp-content\/uploads\/Dennis-Diekmeier-opta-300x139.jpg 300w, http:\/\/www.nedsblog.de\/wp-content\/uploads\/Dennis-Diekmeier-opta.jpg 602w\" sizes=\"auto, (max-width: 300px) 100vw, 300px\" \/><\/a><\/p>\n<p>Klingt vielversprechend.<\/p>\n<p>Guy Demel wird es hoffentlich nicht leicht haben. Ich mag Guy Demel, er ist immer noch mein Lieblingsspieler, aber er mu\u00df seine Leistunge gegen\u00fcber der letzten Saison erheblich steigern, damit er uns wieder eine Hilfe ist. Vielleicht spornt der Konkurrenzkampf an. Bisher ist es ja noch ruhig um ihn, er hat ja noch Urlaub.<\/p>\n<p>Sehr gerne h\u00f6rt man von einem neuen Spieler solche S\u00e4tze: <a href=\"http:\/\/www.mopo.de\/2010\/20100716\/sport\/hsv\/ich_bin_schon_als_kind_zum_hsv_gegangen.html\" target=\"_blank\">&#8222;Ich bin schon als Kind zum HSV gegangen&#8220;<\/a> :-)<\/p>\n<p>Bei Drobny habe ich die Verpflichtung nicht verstanden, bei Sowah und Diekmeier ja. Bitte weiter so Herr Reinhardt, Herr Veh, Herr Siegenthaler oder gar Herr Oenning wer auch immer von Ihnen den Spieler haben wollte.<\/p>\n<p>In diesem Sinne: <strong>Nur der HSV!<\/strong><\/p>\n","protected":false},"excerpt":{"rendered":"<p>Es ist offiziell, der HSV hat Dennis Diekmeier verpflichtet. Er erh\u00e4lt einen Vertrag bis 2014. Gute Verpflichtung meiner Meinung nach. Wir haben derzeit keinen Rechtsverteidiger. OK, wir haben Guy Demel, aber die Leistungen der letzten Saison waren nicht gut, so da\u00df ich gerne eine Alternative auf der Seite h\u00e4tte. Ich w\u00fcrde motzen und zetern, wenn [&hellip;]<\/p>\n","protected":false},"author":2,"featured_media":0,"comment_status":"open","ping_status":"open","sticky":false,"template":"","format":"standard","meta":{"footnotes":""},"categories":[4,165],"tags":[126,175,639,10,121,13],"class_list":["post-2481","post","type-post","status-publish","format-standard","hentry","category-hsv","category-kader-hsv","tag-bastian-reinhardt","tag-dennis-diekmeier","tag-hsv","tag-kader","tag-saison-20102011","tag-transfers"],"_links":{"self":[{"href":"http:\/\/www.nedsblog.de\/index.php?rest_route=\/wp\/v2\/posts\/2481","targetHints":{"allow":["GET"]}}],"collection":[{"href":"http:\/\/www.nedsblog.de\/index.php?rest_route=\/wp\/v2\/posts"}],"about":[{"href":"http:\/\/www.nedsblog.de\/index.php?rest_route=\/wp\/v2\/types\/post"}],"author":[{"embeddable":true,"href":"http:\/\/www.nedsblog.de\/index.php?rest_route=\/wp\/v2\/users\/2"}],"replies":[{"embeddable":true,"href":"http:\/\/www.nedsblog.de\/index.php?rest_route=%2Fwp%2Fv2%2Fcomments&post=2481"}],"version-history":[{"count":4,"href":"http:\/\/www.nedsblog.de\/index.php?rest_route=\/wp\/v2\/posts\/2481\/revisions"}],"predecessor-version":[{"id":2486,"href":"http:\/\/www.nedsblog.de\/index.php?rest_route=\/wp\/v2\/posts\/2481\/revisions\/2486"}],"wp:attachment":[{"href":"http:\/\/www.nedsblog.de\/index.php?rest_route=%2Fwp%2Fv2%2Fmedia&parent=2481"}],"wp:term":[{"taxonomy":"category","embeddable":true,"href":"http:\/\/www.nedsblog.de\/index.php?rest_route=%2Fwp%2Fv2%2Fcategories&post=2481"},{"taxonomy":"post_tag","embeddable":true,"href":"http:\/\/www.nedsblog.de\/index.php?rest_route=%2Fwp%2Fv2%2Ftags&post=2481"}],"curies":[{"name":"wp","href":"https:\/\/api.w.org\/{rel}","templated":true}]}}