{"id":2553,"date":"2010-07-22T10:18:45","date_gmt":"2010-07-22T09:18:45","guid":{"rendered":"http:\/\/www.nedsblog.de\/?p=2553"},"modified":"2010-07-22T10:18:45","modified_gmt":"2010-07-22T09:18:45","slug":"marcus-berg","status":"publish","type":"post","link":"http:\/\/www.nedsblog.de\/?p=2553","title":{"rendered":"Marcus Berg"},"content":{"rendered":"<p>Nun ist es offiziell, Marcus Berg wird <a href=\"http:\/\/www.psv.nl\/News\/News-page\/PSV-complete-signing-of-Marcus-Berg.htm\" target=\"_blanK\">ausgeliehen<\/a>. Der PSV Eindhoven hat den Zuschlag erhalten. In den Medien geistert die Leihgeb\u00fchr in H\u00f6he von 1 Mio Euro herum, ich nehme das mal als Tatsache an und habe die <a href=\"http:\/\/www.nedsblog.de\/?page_id=233\" target=\"_blank\">Tabelle<\/a> entsprechend erg\u00e4nzt.<\/p>\n<p>4+2 St\u00fcrmer sind in einer Saison mit nur zwei Wettbewerben viel zu viel! Einer mu\u00dfte gehen. Ich bin froh, da\u00df wir niemanden verkauft haben. Ich h\u00e4tte ungern einen unserer vier St\u00fcrmer abgegeben.<\/p>\n<p>Die Ausleihe macht in meinen Augen Sinn, da Marcus Berg in der kommenden Saison nur dann Spielzeit bekomen h\u00e4tte, wenn einer der 3 gesetzten St\u00fcrmer sich verletzt. Und das wollen wir nicht hoffen.<\/p>\n<p>Leider geht Marcus Berg &#8222;nur&#8220; in die Eredevisie, ich h\u00e4tte eine Ausleihe auf die Insel besser gefunden. In der holl\u00e4ndischen Liga ist das Toreschiessen leichter, da sammelt er bestimmt genug Praxis, aber eben nicht auf so hohem Niveau. Besser als bei uns auf der Bank sitzen und im Schnitt 10 Minuten pro Spiel Einsatzzeit bekommen ist es allemal.<\/p>\n<p>\u00dcbrig bleiben 3+2 St\u00fcrmer. Die gesetzten (Petric, Guerrero, van Nistelrooy) und die Talente (Choupo-Moting, Son). Eine gute Mischung wie ich finde, ich hoffe, da\u00df der Trainer den beiden Talenten mal ein wenig Spielpraxis geben kann.<\/p>\n<p>In diesem Sinne: <strong>Nur der HSV!<\/strong><\/p>\n","protected":false},"excerpt":{"rendered":"<p>Nun ist es offiziell, Marcus Berg wird ausgeliehen. Der PSV Eindhoven hat den Zuschlag erhalten. In den Medien geistert die Leihgeb\u00fchr in H\u00f6he von 1 Mio Euro herum, ich nehme das mal als Tatsache an und habe die Tabelle entsprechend erg\u00e4nzt. 4+2 St\u00fcrmer sind in einer Saison mit nur zwei Wettbewerben viel zu viel! Einer [&hellip;]<\/p>\n","protected":false},"author":2,"featured_media":0,"comment_status":"open","ping_status":"open","sticky":false,"template":"","format":"standard","meta":{"footnotes":""},"categories":[4,165,166],"tags":[639,10,146,180,121,13],"class_list":["post-2553","post","type-post","status-publish","format-standard","hentry","category-hsv","category-kader-hsv","category-verein","tag-hsv","tag-kader","tag-marcus-berg","tag-psv-eindhoven","tag-saison-20102011","tag-transfers"],"_links":{"self":[{"href":"http:\/\/www.nedsblog.de\/index.php?rest_route=\/wp\/v2\/posts\/2553","targetHints":{"allow":["GET"]}}],"collection":[{"href":"http:\/\/www.nedsblog.de\/index.php?rest_route=\/wp\/v2\/posts"}],"about":[{"href":"http:\/\/www.nedsblog.de\/index.php?rest_route=\/wp\/v2\/types\/post"}],"author":[{"embeddable":true,"href":"http:\/\/www.nedsblog.de\/index.php?rest_route=\/wp\/v2\/users\/2"}],"replies":[{"embeddable":true,"href":"http:\/\/www.nedsblog.de\/index.php?rest_route=%2Fwp%2Fv2%2Fcomments&post=2553"}],"version-history":[{"count":3,"href":"http:\/\/www.nedsblog.de\/index.php?rest_route=\/wp\/v2\/posts\/2553\/revisions"}],"predecessor-version":[{"id":2556,"href":"http:\/\/www.nedsblog.de\/index.php?rest_route=\/wp\/v2\/posts\/2553\/revisions\/2556"}],"wp:attachment":[{"href":"http:\/\/www.nedsblog.de\/index.php?rest_route=%2Fwp%2Fv2%2Fmedia&parent=2553"}],"wp:term":[{"taxonomy":"category","embeddable":true,"href":"http:\/\/www.nedsblog.de\/index.php?rest_route=%2Fwp%2Fv2%2Fcategories&post=2553"},{"taxonomy":"post_tag","embeddable":true,"href":"http:\/\/www.nedsblog.de\/index.php?rest_route=%2Fwp%2Fv2%2Ftags&post=2553"}],"curies":[{"name":"wp","href":"https:\/\/api.w.org\/{rel}","templated":true}]}}