{"id":2594,"date":"2010-08-26T20:22:06","date_gmt":"2010-08-26T19:22:06","guid":{"rendered":"http:\/\/www.nedsblog.de\/?p=2594"},"modified":"2010-08-26T20:22:06","modified_gmt":"2010-08-26T19:22:06","slug":"hsv-20102011-teil-kaderstruktur","status":"publish","type":"post","link":"http:\/\/www.nedsblog.de\/?p=2594","title":{"rendered":"HSV 2010\/2011 Teil Kaderstruktur"},"content":{"rendered":"<p>Wie bereits <a href=\"http:\/\/www.nedsblog.de\/?p=2673\" target=\"_blank\" >versprochen<\/a> m\u00f6chte ich meinen Kader mal aus einer anderen Sicht betrachten. Ich gebe ungern zu, aber manchmal kommen Dinge von der Weser, die ich gut finde. Tobias hat in seinem Blog eine Infografik der <a href=\"http:\/\/meinesaison.tobiassinger.com\/2010\/07\/unsere-kaderstruktur.html\" target=\"_blank\">Kaderstruktur<\/a> erstellt. Das finde ich eine so gute Idee, das habe ich dann gleich mal mit unserem Kader gemacht. Das Ergebnis im grafischen \u00dcberblick sieht so aus:<br \/>\n<a href=\"http:\/\/www.nedsblog.de\/wp-content\/uploads\/Kaderstruktur.jpg\" target=\"_blank\"><img loading=\"lazy\" decoding=\"async\" src=\"http:\/\/www.nedsblog.de\/wp-content\/uploads\/Kaderstruktur-300x194.jpg\" alt=\"\" title=\"Kaderstruktur\" width=\"300\" height=\"194\" class=\"alignnone size-medium wp-image-2744\" srcset=\"http:\/\/www.nedsblog.de\/wp-content\/uploads\/Kaderstruktur-300x194.jpg 300w, http:\/\/www.nedsblog.de\/wp-content\/uploads\/Kaderstruktur.jpg 794w\" sizes=\"auto, (max-width: 300px) 100vw, 300px\" \/><\/a><br \/>\n<small>1-Senkrechtstarter; 2-Nachwuchstalent; 3-Leistungstr\u00e4ger; 4-Mitl\u00e4ufer; 5-H\u00e4uptlinge; Daten alle aus der letzten Saison, klicken f\u00fcr die volle Gr\u00f6\u00dfe! Quelldatei <a href=\"https:\/\/spreadsheets.google.com\/pub?key=0Av4ETf833YNgdElJdUJHbTlCVmVuMXY4MnVZQzUza3c&#038;hl=en&#038;single=true&#038;gid=5&#038;output=html\" target=\"_blank\">hier<\/a> klicken.<\/small><\/p>\n<p>Was sehen wir also:<br \/>\nAuf der x Achse das Alter der Spieler, die y Achse die Anzahl der Spiele.<br \/>\nDie Einordnung, die Tobias vorgenommen hat, fand ich gut, die habe ich \u00fcbernommen. Ge\u00e4ndert habe ich die Gr\u00f6\u00dfe der B\u00e4lle: Es sind die Minunten pro Spiel, die Gr\u00f6\u00dfe (4 verschiedenen gibt es) richtet sich nach der Anzahl der Minuten: 1 = 0-14, 2 = 15-29, 3 = 30-59, 4 = 60-90. Ich fand, wer ne Stunde im Schnitt spielt, hat einen gro\u00dfen Kreis verdient. Die schwarze Linie habe ich dann n\u00e4chtelang mit mehreren Ableitungen, Integralen, imagin\u00e4ren Zahlen in den Fluxkompensator gepackt und heraus kam die Linie. In Wahrheit ist es eine Exceltrendlinie.<\/p>\n<p>Dann mal in die einzelnen Kategorien durchgeschaut.<\/p>\n<h2>1-Senkrechstarter (Alter 18-22, \u00fcberdurchschnittlich Spiele)<\/h2>\n<p>Dennis Diekmeier (21, 30), Maxim Choupo-Moting (21, 38), Tunay Torun (20, 22).<br \/>\nChoupo-Moting also wegen der Leihe nach N\u00fcrnberg noch in diese Kategorie gerutscht. Diekmeier und Torun in der Vorsaison mit vielen Eins\u00e4tzen.<\/p>\n<p>Meine Prognose: Diekmeier wird noch einige hinzubekommen, weder bei Torun noch bei Choupo-Moting bin ich mir da sicher.<\/p>\n<h2>2-Nachwuchstalente (18-22, unterdurchschnittlich Spiele)<\/h2>\n<p>Tom Mickel (21, 0), Lennard Sowah (18, 0), Miroslav Stepanek (20, 0), Christian Gro\u00df (21, 0), Tomas Rincon (22, 18), \u00c4nis Ben-Hatira (22, 10), Hanno Behrens (20, 0), Heung Min Son (18, 0), Muhamed Besic (17, 0)<\/p>\n<p>Herauszuhaben ist hier mein Spieler der letzten Saison: Tomas Rinc\u00f3n. Er wird sich sicher weiterentwickeln. Auf Sowah und Son bin ich gespannt, Stepanek soll mal endlich gesund werden und Besic wird hoffentlich weitere Chancen bekommen. Der Rest wird meiner Meinung nach kein Saisonspiel bekommen.<\/p>\n<h2>3-Leistungstr\u00e4ger (23-29, \u00fcberdurchschnittlich Spiele)<\/h2>\n<p>Heiko Westermann (27, 159), Dennis Aogo (23, 69), Marcell Jansen (25, 133), Guy Demel (29, 143), Robert Tesche (23, 64), Piotr Trochowski (26, 171). Jonathan Pitroipa (24, 52), Gojko Kacar (23, 64), Paolo Guerrero (26, 113)<\/p>\n<p>Hier f\u00e4llt mir vor allem Tesche auf, h\u00e4tte ihn hier nicht erwartet. Aber bei uns letzte Saison nur selten als Starter, daf\u00fcr war er bei seinem vorherigem Verein ein Leistungstr\u00e4ger.<\/p>\n<h2>4-Mitl\u00e4ufer (23 und \u00e4lter, unterdurchschnittliche Spiele)<\/h2>\n<p>Wolfgang Hesl (24, 2), Jaroslav Drobny (31, 114), David Rozehnal (30, 23), Collin Benjamin (32, 128), Romeo Castelen (27, 15), Mickael Tavares (28, 26), Mladen Petric (29, 80), Eljero Elia (23, 24), Ruud van Nistelrooy (34, 11)<\/p>\n<p>Drei \u00dcberraschungen: Petric, Elia, van Nistelrooy. Bei den letzten beiden sind irgendwie klar, noch nicht so lange in der Bundesliga. Bei Petric h\u00e4tte ich das nicht erwartet. Hesl wird auch so schnell die Nummer eins, da \u00e4ndert sich nicht viel. Bei Drobny wohl nur nach dicken Patzern von Rost. Rozehnal wird verkauft, Tavares auch (hoffentlich), Benjamin wird nicht j\u00fcnger und Castelen wird wohl seine Karriere beenden.<\/p>\n<h2>5-H\u00e4uptlinge (30 und \u00e4lter, \u00fcberdurchschnittliche Spiele)<\/h2>\n<p>Frank Rost (37, 396), Joris Mathijsen (30, 129), Ze Roberto (36, 262), David Jarolim (31, 271)<\/p>\n<p>Hier keine \u00dcberraschungen. Alle so erwartet.<\/p>\n<h2>Fazit<\/h2>\n<p>Nochmal danke an Tobias f\u00fcr das Verwenden seiner Idee.<\/p>\n<p>Ich finde unsere Verteilung ist wenig \u00fcberraschend, vor allem die wenigen Senkrechtstarter. Wer h\u00e4tte sich denn durchsetzen k\u00f6nnen, in den letzten 7 Jahren gab es 7 unterschiedliche Spielphilosophien. Wir haben drei H\u00e4uptlinge und viele Leistungstr\u00e4ger. Die Anzahl der Mitl\u00e4ufer wird sich bestimmt verringern, da gerade van Nistelrooy und Elia erst in die Liga gestartet sind. Trotzdem erkennt man auch die Spieler, die es nicht geschafft haben und deswegen gehen werden.<\/p>\n<p>In diesem Sinne: <strong>Nur der HSV!<\/strong><\/p>\n","protected":false},"excerpt":{"rendered":"<p>Wie bereits versprochen m\u00f6chte ich meinen Kader mal aus einer anderen Sicht betrachten. Ich gebe ungern zu, aber manchmal kommen Dinge von der Weser, die ich gut finde. Tobias hat in seinem Blog eine Infografik der Kaderstruktur erstellt. Das finde ich eine so gute Idee, das habe ich dann gleich mal mit unserem Kader gemacht. [&hellip;]<\/p>\n","protected":false},"author":2,"featured_media":0,"comment_status":"open","ping_status":"open","sticky":false,"template":"","format":"standard","meta":{"footnotes":""},"categories":[4,165],"tags":[642,643,639,177,10,121],"class_list":["post-2594","post","type-post","status-publish","format-standard","hentry","category-hsv","category-kader-hsv","tag-bundesliga","tag-europa-league","tag-hsv","tag-infografik","tag-kader","tag-saison-20102011"],"_links":{"self":[{"href":"http:\/\/www.nedsblog.de\/index.php?rest_route=\/wp\/v2\/posts\/2594","targetHints":{"allow":["GET"]}}],"collection":[{"href":"http:\/\/www.nedsblog.de\/index.php?rest_route=\/wp\/v2\/posts"}],"about":[{"href":"http:\/\/www.nedsblog.de\/index.php?rest_route=\/wp\/v2\/types\/post"}],"author":[{"embeddable":true,"href":"http:\/\/www.nedsblog.de\/index.php?rest_route=\/wp\/v2\/users\/2"}],"replies":[{"embeddable":true,"href":"http:\/\/www.nedsblog.de\/index.php?rest_route=%2Fwp%2Fv2%2Fcomments&post=2594"}],"version-history":[{"count":25,"href":"http:\/\/www.nedsblog.de\/index.php?rest_route=\/wp\/v2\/posts\/2594\/revisions"}],"predecessor-version":[{"id":2775,"href":"http:\/\/www.nedsblog.de\/index.php?rest_route=\/wp\/v2\/posts\/2594\/revisions\/2775"}],"wp:attachment":[{"href":"http:\/\/www.nedsblog.de\/index.php?rest_route=%2Fwp%2Fv2%2Fmedia&parent=2594"}],"wp:term":[{"taxonomy":"category","embeddable":true,"href":"http:\/\/www.nedsblog.de\/index.php?rest_route=%2Fwp%2Fv2%2Fcategories&post=2594"},{"taxonomy":"post_tag","embeddable":true,"href":"http:\/\/www.nedsblog.de\/index.php?rest_route=%2Fwp%2Fv2%2Ftags&post=2594"}],"curies":[{"name":"wp","href":"https:\/\/api.w.org\/{rel}","templated":true}]}}