{"id":2832,"date":"2010-08-31T09:49:13","date_gmt":"2010-08-31T08:49:13","guid":{"rendered":"http:\/\/www.nedsblog.de\/?p=2832"},"modified":"2010-08-31T12:38:01","modified_gmt":"2010-08-31T11:38:01","slug":"transferfenster","status":"publish","type":"post","link":"http:\/\/www.nedsblog.de\/?p=2832","title":{"rendered":"Transferfenster"},"content":{"rendered":"<p>Heute mittag um 12 Uhr wird die <a href=\"http:\/\/www.bundesliga.de\/de\/dfl\/transfer\/\" target=\"_blank\">Transferliste<\/a> der DFL geschlossen.<\/p>\n<p>Ich bin gespannt, ob Mladen Petric dort auftauchen wird.<\/p>\n<p>V\u00f6llig unabh\u00e4ngig davon hat der HSV weitere Transfers get\u00e4tigt. Die folgenden Spieler sind nicht mehr im Profikader des HSV, sondern sind zur\u00fcck in die zweite Mannschaft gegangen:<\/p>\n<ul>\n<li>\u00c4nis Ben-Hatira<\/li>\n<li>Christian Gro\u00df<\/li>\n<li>Tom Mickel<\/li>\n<li>Hanno Behrens<\/li>\n<\/ul>\n<p>Alle vier Spieler werden aber weiter als Lizenspieler gef\u00fchrt.<\/p>\n<p>Gerade bei Ben-Hatira mu\u00df man hier von einem R\u00fcckschritt in der Karriere sprechen. Immerhin hat er letzte Saison noch zweite Bundesliga gespielt, um ab sofort das Team in der Regionalliga Nord zu unterst\u00fctzen. Er ist wohl im Probetraining bei irgendwelchen Vereinen gewesen, mal sehen ob auch er um 12 Uhr einen neuen Verein gefunden hat.<\/p>\n<p><em>[UPDATE] 11:07 Uhr<\/em><br \/>\nDas <a href=\"http:\/\/www.abendblatt.de\/sport\/fussball\/HSV\/article1616166\/Perfekt-Rozehnal-verlaesst-den-HSV-gen-Italien.html\" target=\"_blank\">Abendblatt<\/a> meldet, da\u00df David Rozehnal zu AC Cesena wechseln wird. Noch einen Inneverteidiger weniger im Kader. Aber eine weitere Chance h\u00e4tte er wohl nicht mehr erhalten. Machs gut David! Danke f\u00fcr deine Zeit!<\/p>\n<p><em>[UPDATE2] 13:22 Uhr<\/em><br \/>\nDie <a href=\"http:\/\/www.bundesliga.de\/media\/native\/autosync\/49-10-11.pdf\" target=\"_blank\">Liste<\/a> ist raus. Einzige HSVer darauf: Rozehnal und Tavares. Puh, endlich vorbei der Spuk!<\/p>\n<p><em>[UPDATE2] 13:37 Uhr<\/em><br \/>\n<a href=\"http:\/\/www.allesaussersport.de\/archiv\/2010\/08\/31\/dienstagsrauschen-grabbeltisch-finale\/\" target=\"_blank\">Nix vorbei<\/a>, bis 18 Uhr wohl noch. Und erst morgen um 12 Uhr wissen wir es? Ich halte das nicht aus. Dr\u00fcben bei <a href=\"http:\/\/www.pleitegeiger.de\/archives\/4985\" target=\"_blank\">pleitegeiger<\/a> zittert jemand mit!<\/p>\n<p>In diesem Sinne: <strong>Nur der HSV!<\/strong><\/p>\n","protected":false},"excerpt":{"rendered":"<p>Heute mittag um 12 Uhr wird die Transferliste der DFL geschlossen. Ich bin gespannt, ob Mladen Petric dort auftauchen wird. V\u00f6llig unabh\u00e4ngig davon hat der HSV weitere Transfers get\u00e4tigt. Die folgenden Spieler sind nicht mehr im Profikader des HSV, sondern sind zur\u00fcck in die zweite Mannschaft gegangen: \u00c4nis Ben-Hatira Christian Gro\u00df Tom Mickel Hanno Behrens [&hellip;]<\/p>\n","protected":false},"author":2,"featured_media":0,"comment_status":"open","ping_status":"open","sticky":false,"template":"","format":"standard","meta":{"footnotes":""},"categories":[4,184,165],"tags":[639,24,10,121,13],"class_list":["post-2832","post","type-post","status-publish","format-standard","hentry","category-hsv","category-hsvii","category-kader-hsv","tag-hsv","tag-jugendarbeit","tag-kader","tag-saison-20102011","tag-transfers"],"_links":{"self":[{"href":"http:\/\/www.nedsblog.de\/index.php?rest_route=\/wp\/v2\/posts\/2832","targetHints":{"allow":["GET"]}}],"collection":[{"href":"http:\/\/www.nedsblog.de\/index.php?rest_route=\/wp\/v2\/posts"}],"about":[{"href":"http:\/\/www.nedsblog.de\/index.php?rest_route=\/wp\/v2\/types\/post"}],"author":[{"embeddable":true,"href":"http:\/\/www.nedsblog.de\/index.php?rest_route=\/wp\/v2\/users\/2"}],"replies":[{"embeddable":true,"href":"http:\/\/www.nedsblog.de\/index.php?rest_route=%2Fwp%2Fv2%2Fcomments&post=2832"}],"version-history":[{"count":8,"href":"http:\/\/www.nedsblog.de\/index.php?rest_route=\/wp\/v2\/posts\/2832\/revisions"}],"predecessor-version":[{"id":2838,"href":"http:\/\/www.nedsblog.de\/index.php?rest_route=\/wp\/v2\/posts\/2832\/revisions\/2838"}],"wp:attachment":[{"href":"http:\/\/www.nedsblog.de\/index.php?rest_route=%2Fwp%2Fv2%2Fmedia&parent=2832"}],"wp:term":[{"taxonomy":"category","embeddable":true,"href":"http:\/\/www.nedsblog.de\/index.php?rest_route=%2Fwp%2Fv2%2Fcategories&post=2832"},{"taxonomy":"post_tag","embeddable":true,"href":"http:\/\/www.nedsblog.de\/index.php?rest_route=%2Fwp%2Fv2%2Ftags&post=2832"}],"curies":[{"name":"wp","href":"https:\/\/api.w.org\/{rel}","templated":true}]}}