{"id":2941,"date":"2010-09-29T20:48:00","date_gmt":"2010-09-29T19:48:00","guid":{"rendered":"http:\/\/www.nedsblog.de\/?p=2941"},"modified":"2010-09-29T20:48:00","modified_gmt":"2010-09-29T19:48:00","slug":"projekt442","status":"publish","type":"post","link":"http:\/\/www.nedsblog.de\/?p=2941","title":{"rendered":"Projekt442"},"content":{"rendered":"<p>Zuerst ein Dankesch\u00f6n an den Urheber des Projekts: <a href=\"http:\/\/twitter.com\/HerrEbehardt\" target=\"_blank\">@HerrEbehardt<\/a> twitterte aus dem Frust \u00fcber das vom Trainer Armin Veh bevorzugte 4-2-3-1 System heraus ein <a href=\"http:\/\/twitpic.com\/2sidfe\" target=\"_blank\">Bild<\/a> mit seinem Projekt442.<\/p>\n<p>Ich fand die Idee so gelungen, da\u00df ich mir dar\u00fcber ein paar Gedanken gemacht habe.<\/p>\n<p>Das derzeitig vom Trainer favorisierte 4-2-3-1 System gef\u00e4llt mir nicht. Es scheitert meiner Meinung nach vor allem daran, da\u00df wir keinen Spieler haben der auf die mittlere Position im Mittelfeld pa\u00dft. Es wurden in 6 Spielen 4 Spieler in der folgendenden Reihenfolge ausprobiert: Petric, Guerrero, Trochowski, Aussetzer da 4-1-4-1 gespielt, Petric, Elia. Keiner der Spieler konnte auf der Position \u00fcberzeugen. Die Statistik zeigt, da\u00df auf der mittleren Position im dreier Mittelfeld die wenigsten Minuten im Schnitt gespielt werden. Also ist der Trainer in fast jedem Spiel mit dem gezeigten Leistungen nicht zufrieden.<br \/>\nIch habe mal die Positionen im 4-2-3-1 durchnummeriert:<\/p>\n<p style=\"text-align: center;\">1 T<br \/>\n2 RV, 3 IV, 4 IV, 5 LV<br \/>\n6 DM, 7 DM<br \/>\n8 RM, 9 MM, 10 LM<br \/>\n11 S<\/p>\n<p><small><small>T-Torwart, RV-Rechter Verteidiger, IV-Innenverteidiger, LV-Linker Verteidiger, DM-Defensives Mittelfeld, RM-Rechtes Mittelfeld, MM-Mitte Mittelfeld, LM-Linkes Mittelfeld, S-Sturm<\/small><\/small><\/p>\n<p>F\u00fcr jeden Spieltag trage ich die Statistiken von bundesliga.de zusammen und stelle diese in dem jeweiligen Spieltagsbeitrag dar. Ich habe mal die wichtigsten Zahlen pro Position zusammengefasst:<br \/>\n<iframe width='320' height='207' frameborder='0' src='https:\/\/spreadsheets.google.com\/pub?key=0Av4ETf833YNgdElJdUJHbTlCVmVuMXY4MnVZQzUza3c&#038;hl=en&#038;single=true&#038;gid=9&#038;range=B1%3AL12&#038;output=html'><\/iframe><br \/>\n<small><small>Pos-Position, Min-Minuten pro Spiel, BK-Ballkontakte, Pa-P\u00e4sse angekommen, Pg-P\u00e4sse gespielt, P%-P\u00e4sse angekommen in %, TS-Torsch\u00fcsse, TSV-Torschu\u00dfvorlagen, Tor-Tore, TorV-Torvorlagen, OF-Offensiv Faktor<\/small><\/small><\/p>\n<p>Auff\u00e4llig ist, da\u00df die Position 9 (die besagte Mittelfeldposition im System) nur 75 Minuten im Schnitt gespielt hat. Das ist der geringste Schnitt von allen Positionen! Mit 269 Ballkontakten gabe es auf der Position die wenigsten im Mittelfeld. Es gab nur 4 Torschu\u00dfvorlagen und nur 1 Tor und 1 Torvorlage. <\/p>\n<p>In meinem bescheidenem kleinen Weltbild ist die Position verantwortlich f\u00fcr die Ballverteilung und den Aufbau des offensiven Spiels. Von dort aus werden die ersten B\u00e4lle aus der Abwehr oder dem defensiven Mittelfeld nach aussen oder auf den St\u00fcrmer verteilt. Er ist immer anspielbereit und hat einen Plan in der Tasche, was mit dem Spielzug anzufangen ist. Er h\u00e4lt auch einfach mal aufs Tor oder gibt entsprechende Vorlagen.<\/p>\n<p>Das alles finde ich bisher in den Statistiken und auch auf dem Platz nicht. Kein Spieler konnte bisher meine Erwartungen erf\u00fcllen. <\/p>\n<h2>Was also tun?<\/h2>\n<p>Hier kommt das Projekt 442 ins Spiel. Unser Kader ist geradezu pr\u00e4destiniert das System zu spielen. Ihr glaubt das nicht? Dann schaut her:<\/p>\n<p><strong>4-4-2 mit Raute<\/strong><br \/>\n<a href=\"http:\/\/www.nedsblog.de\/wp-content\/uploads\/projekt442-raute.jpg\" target=\"_blank\"><img loading=\"lazy\" decoding=\"async\" src=\"http:\/\/www.nedsblog.de\/wp-content\/uploads\/projekt442-raute-300x179.jpg\" alt=\"\" title=\"projekt442-raute\" width=\"300\" height=\"179\" class=\"alignnone size-medium wp-image-2961\" srcset=\"http:\/\/www.nedsblog.de\/wp-content\/uploads\/projekt442-raute-300x179.jpg 300w, http:\/\/www.nedsblog.de\/wp-content\/uploads\/projekt442-raute.jpg 972w\" sizes=\"auto, (max-width: 300px) 100vw, 300px\" \/><\/a><\/p>\n<p><strong>4-4-2 flach<\/strong><br \/>\n<a href=\"http:\/\/www.nedsblog.de\/wp-content\/uploads\/projekt442-flach.jpg\"><img loading=\"lazy\" decoding=\"async\" src=\"http:\/\/www.nedsblog.de\/wp-content\/uploads\/projekt442-flach-300x179.jpg\" alt=\"\" title=\"projekt442-flach\" width=\"300\" height=\"179\" class=\"alignnone size-medium wp-image-2962\" srcset=\"http:\/\/www.nedsblog.de\/wp-content\/uploads\/projekt442-flach-300x179.jpg 300w, http:\/\/www.nedsblog.de\/wp-content\/uploads\/projekt442-flach.jpg 972w\" sizes=\"auto, (max-width: 300px) 100vw, 300px\" \/><\/a><\/p>\n<p>Entwickelt hat sich die o.g. Grafik <a href=\"http:\/\/www.nedsblog.de\/wp-content\/uploads\/IMG_0548.jpg\" target=\"_blank\">hier<\/a> raus.<\/p>\n<p><strong>Warum kann das funktionieren?<\/strong><\/p>\n<p>Keine Ahnung, bin ich Trainer? Nein im ernst, ich glaube einfach, da\u00df eine \u00c4nderung unseres derzeitigen Systems unumg\u00e4nglich sein wird. Wir haben drei Topst\u00fcrmer und zwei Nachwuchstalente im Kader. Nur einen davon im Spiel auf der Position des St\u00fcrmers ist fatal! Was weiterhin nicht funktioniert ist die Aufgabenteilung der beiden 6er. Selten habe ich erkennen k\u00f6nnen, da\u00df klar ist, wer absichert und wer den Ball vortr\u00e4gt. Die Au\u00dfenspieler sind im 4-2-3-1 System ebenfalls falsch bestetzt. Habe ich Arjen Robben, Thomas M\u00fcller oder Frank Ribery im Kader, dann kann ich auch nur mit einer Spitze spielen, aber weder Pitroipa, Elia noch Jansen haben diese Qualit\u00e4ten nicht. Daf\u00fcr fehlt das in den Strafraum ziehen und den Abschlu\u00df suchen.<\/p>\n<p>Anders meiner Meinung nach im 4-4-2 System:<\/p>\n<ul>\n<li>Zwei St\u00fcrmer auf dem Platz auf der richtigen Position: Im Sturm<\/li>\n<li>Ein 6er, der absichert<\/li>\n<li>Ein &#8217;10er&#8216; der die B\u00e4lle verteilt, das Spiel leitet<\/li>\n<li>Aussenspieler die Flanken d\u00fcrfen, weil Anspielstationen im Zentrum da sind<\/li>\n<\/ul>\n<p>Anscheind denkt Trainer Armin Veh langsam um, es soll die ersten Ger\u00fcchte geben, da\u00df wir gegen Kaiserslautern mit zwei St\u00fcrmern spielen werden. Hat er wohl hier geluschert und meinen Entwurf gelesen&#8230;<\/p>\n<p>Klar, eine schlechte Abwehrleistung wird das neue System auch nicht verhindern k\u00f6nnen, aber vielleicht kommt die Ruhe in der Abwehr wieder, wenn wir die n\u00e4chsten Spiele mit dem System spielen und die Spiele gewinnen.<\/p>\n<p>Trotzdem werde ich das erste mal in meinem Leben ein Plakat mit ins Stadion nehmen. Auf dem werde ich <\/p>\n<h2>#projekt442<\/h2>\n<p>schreiben.<\/p>\n<p>Ich glaube an das Projekt! Jetzt mu\u00df es nur noch der Trainer tun!<\/p>\n<p>In diesem Sinne: <strong>Nur der HSV!<\/strong><\/p>\n","protected":false},"excerpt":{"rendered":"<p>Zuerst ein Dankesch\u00f6n an den Urheber des Projekts: @HerrEbehardt twitterte aus dem Frust \u00fcber das vom Trainer Armin Veh bevorzugte 4-2-3-1 System heraus ein Bild mit seinem Projekt442. Ich fand die Idee so gelungen, da\u00df ich mir dar\u00fcber ein paar Gedanken gemacht habe. Das derzeitig vom Trainer favorisierte 4-2-3-1 System gef\u00e4llt mir nicht. Es scheitert [&hellip;]<\/p>\n","protected":false},"author":2,"featured_media":0,"comment_status":"open","ping_status":"open","sticky":false,"template":"","format":"standard","meta":{"footnotes":""},"categories":[4],"tags":[211,214,117,213,639,10,212],"class_list":["post-2941","post","type-post","status-publish","format-standard","hentry","category-hsv","tag-4-2-3-1","tag-4-4-2","tag-armin-veh","tag-herreberhardt","tag-hsv","tag-kader","tag-projekt442"],"_links":{"self":[{"href":"http:\/\/www.nedsblog.de\/index.php?rest_route=\/wp\/v2\/posts\/2941","targetHints":{"allow":["GET"]}}],"collection":[{"href":"http:\/\/www.nedsblog.de\/index.php?rest_route=\/wp\/v2\/posts"}],"about":[{"href":"http:\/\/www.nedsblog.de\/index.php?rest_route=\/wp\/v2\/types\/post"}],"author":[{"embeddable":true,"href":"http:\/\/www.nedsblog.de\/index.php?rest_route=\/wp\/v2\/users\/2"}],"replies":[{"embeddable":true,"href":"http:\/\/www.nedsblog.de\/index.php?rest_route=%2Fwp%2Fv2%2Fcomments&post=2941"}],"version-history":[{"count":24,"href":"http:\/\/www.nedsblog.de\/index.php?rest_route=\/wp\/v2\/posts\/2941\/revisions"}],"predecessor-version":[{"id":2970,"href":"http:\/\/www.nedsblog.de\/index.php?rest_route=\/wp\/v2\/posts\/2941\/revisions\/2970"}],"wp:attachment":[{"href":"http:\/\/www.nedsblog.de\/index.php?rest_route=%2Fwp%2Fv2%2Fmedia&parent=2941"}],"wp:term":[{"taxonomy":"category","embeddable":true,"href":"http:\/\/www.nedsblog.de\/index.php?rest_route=%2Fwp%2Fv2%2Fcategories&post=2941"},{"taxonomy":"post_tag","embeddable":true,"href":"http:\/\/www.nedsblog.de\/index.php?rest_route=%2Fwp%2Fv2%2Ftags&post=2941"}],"curies":[{"name":"wp","href":"https:\/\/api.w.org\/{rel}","templated":true}]}}