{"id":3025,"date":"2010-10-28T18:16:06","date_gmt":"2010-10-28T17:16:06","guid":{"rendered":"http:\/\/www.nedsblog.de\/?p=3025"},"modified":"2010-10-28T18:16:06","modified_gmt":"2010-10-28T17:16:06","slug":"vorschau-mal-anders","status":"publish","type":"post","link":"http:\/\/www.nedsblog.de\/?p=3025","title":{"rendered":"Vorschau mal anders"},"content":{"rendered":"<p>Am Samstag geht es gegen den Effzeh. <\/p>\n<p>Eine Vorschau auf ein Spiel schreibe ich selten und das werde ich in diesem Fall auch nicht tun. Jedenfalls nicht hier. <\/p>\n<p>Hier wird Axel einen Beitrag zum Spiel schreiben. Er fragte mich, ob ich Lust h\u00e4tte bei ihm (<a href=\"http:\/\/www.dervierteoffizielle.de\/wp\/\" target=\"_blank\">Der vierte Offizielle<\/a>) einen Beitrag zu schreiben und er bei mir. Ich fand den Vorschlag gut, also habe ich zugesagt.<\/p>\n<p>Hier also sein Werk, ungek\u00fcrzt und unzensiert.<br \/>\n<em><a href=\"http:\/\/www.dervierteoffizielle.de\/wp\/2010\/10\/27\/und-wie-er-die-welt-sieht-fc-hsv\/\" target=\"_blank\">Meine Werk bei ihm findet ihr hier<\/a><\/em><\/p>\n<p>Ein Sp\u00e4tsommertag 1997. Wir sind nur zu zweit, sitzen in meinem alten Passat Santana und fahren zum Ausw\u00e4rtsspiel an die K\u00fcste. Altes Volksparkstadion, vielleicht 20.000 Zuschauer, ganz, ganz miese Stimmung. Dann kam Toni Polster, schoss drei Tore, der FC siegte mit 0:4 und die Hamburger Presse hatte fertig mit Magath. Ich erinnere mich echt noch wie gestern wie wir in Altona auf \u00b4nem Anwohnerparkplatz geparkt hatten, im BurgerKing auf der Bahn fr\u00fchst\u00fcckten und uns recht gen\u00fcsslich die MoPo kauften. Hach, good times. <\/p>\n<p>Dreizehn Jahre und ein paar Tage sp\u00e4ter hat sich das Bild gewandelt. In der Zwischenzeit hat der HSV vieles richtig, der FC das meiste falsch gemacht. Dort wurden Lehren gezogen, bei uns hat man sich auf das allumfassende \u201eEt h\u00e4tt noch immer joot jejeange\u201c verlassen und ist damit grandios auf der Nase gelandet. Ganze vier Abstiege sind seit damals in unserer Vita zu verzeichnen. Jedes mal, wenn es wieder hoch ging, wurde gefeiert in K\u00f6ln: Jetzt ist es endlich soweit, jetzt kann uns das nicht mehr passieren, jetzt wird alles besser. Tja. Pustekuchen. Wir stehen wieder mal vor einem Tr\u00fcmmerhaufen.<\/p>\n<p>Die Schuldigen an der aktuellen Misere sind immerhin schnell ausgemacht. Das Duett Meier\/Soldo stand schon letztes Jahr auf t\u00f6nernen F\u00fc\u00dfen, am Wochenende ist es dann kaputt gegangen. Der biedere Kroate, der ebenso wenig mit der \u201ek\u00f6lschen Mentalit\u00e4t\u201c anzufangen wusste wie umgekehrt musste seine Koffer packen, nicht bevor er von unserer Vereinsf\u00fchrung ein letztes Mal blo\u00df gestellt wurde. Er leitete das Sonntagstraining, wird dann noch in den \u201eDoppelpass\u201c geschaltet und erf\u00e4hrt erst Stunden sp\u00e4ter (vermutlich aus der Presse) dass er beurlaubt wurde. \u00dcberall, in ganz Deutschland setzt man sich abends zusammen, informiert den Trainer (wenn er nicht sogar mit am Tisch sitzt), informiert die Mannschaft, informiert die Presse. In K\u00f6ln ist das anders. Hier wird zu erst mal eine Nacht dr\u00fcber geschlafen (Klar, unsere Pr\u00e4sident opfert ja nicht seine komplette Freizeit dem Verein), dann trifft man sich (in nehme an bei Kaffee und Kuchen) irgendwann Mittags, informiert (nat\u00fcrlich inoffiziell) DuMont, die haben nat\u00fcrlich einen live-Ticker und dann wundert man sich warum die ganze Welt schon zwei, drei Stunden vor der Bekanntgabe des Rauswurfs davon wusste. Herrlich! Wenn es nicht schon so zur Gewohnheit geworden w\u00e4re, k\u00f6nnte man glatt dr\u00fcber lachen. Das will man als Fan dieses Vereins ja eigentlich nur noch. Aber irgendwann wird aus Selbstironie Hysterie und dann kommt die Einweisung&#8230;<\/p>\n<p>Am Dienstag spielte der FC zum ersten Mal unter dem neuen (Interims?)-Trainer Frank Schaefer, einem Mann aus den eigenen Reihen, 47 Jahre jung, bisher Trainer der Regionalliga-Mannschaft der K\u00f6lner. Ein Mann, nach dem sich die k\u00f6lsche Volksseele gesehnt hat. Aus dem Verein, mit Herz bei der Sache, auch mal mit dem Herz auf der Zunge und mit dem Anspruch die Aufgabe mit Mut und Selbstvertrauen anzugehen anstatt die passive Linie Soldos weiter zu verfolgen. Dass Overath dem Mann augenblicklich das Vertrauen entzog und medial mitteilen lie\u00df dass es sich um eine \u00dcbergangsl\u00f6sung handelt, passt wie Arsch auf Eimer zu unserer Au\u00dfendarstellung. Zum Gl\u00fcck dementierte die Vereinsf\u00fchrung am Mittwoch entschieden, dass es bereits konkrete Verhandlungen mit Klaus Toppm\u00f6ller und Peter Pacult gegeben h\u00e4tte, denn das Feuer, das eine Verpflichtung dieser  Namen ausgel\u00f6st h\u00e4tte, k\u00f6nnte man bis Hamburg sehen. Nein, der Fan ist gl\u00fccklich mit Frank Schaefer. Wie sagt man so sch\u00f6n: Die Chemie stimmt.<\/p>\n<p>Dass sich diese Chemie zwischen Manager Meier und dem Publikum gerade in einen sehr instabilen Zustand befindet, wurde beim Pokalspiel gegen 1860 mehr als deutlich. \u00dcber die komplette Spielzeit gab es \u201eMeier raus\u201c Sprechch\u00f6re, die nicht nur von der S\u00fcdkurve, sondern vom gesamten Stadion intoniert wurden. Meier hat in den letzten Jahren aber auch so ziemlich alles falsch gemacht, was man falsch machen kann:<br \/>\nEs geht damit los, dass er \u00fcberhaupt keinen Bezug zur Basis hat. Im letzten Jahr spielte Pierre Wom\u00e9 auf links ein schlechtes Spiel nach dem anderen, wurde dann irgendwann mal h\u00f6llisch ausgepfiffen und Meier stellt sich daraufhin vor die Presse und findet es \u201ebedenklich\u201c, dass die Fans einen Spieler wegen \u201eseiner Hautfarbe\u201c auspfeifen. Selten hab ich so viele emp\u00f6rte Menschen gesehen, wie nach dieser Aussage. Der Mann hat \u00fcberhaupt nicht verstanden warum die Menschen pfiffen und macht dann das Rassismus-Fass auf? Ich h\u00e4tte ihn auf der Stelle entlassen. Aber, hey, hier geht das nicht so schnell, hier bekommt er ein paar Tage sp\u00e4ter einen neuen Vier-Jahres-Vertrag.<br \/>\nVor der Saison dann das n\u00e4chste Meisterst\u00fcck unseres Manager-Darstellers. Voller Stolz pr\u00e4sentiert er das neue Ausw\u00e4rtstrikot f\u00fcr die Spielzeit. Wei\u00df als Grundfarbe und schwarze \u00c4rmel. Schwarze \u00c4rmel! Er wusste wohl nicht, dass Wei\u00df\/Schwarz nicht wirklich eine Kombination ist, in der man in K\u00f6ln gern gesehen wird, spielt doch die Borussia aus M\u00f6nchengladbach vorwiegend in dieser Kombination. Zum Vergleich: Das w\u00e4re so, als pr\u00e4sentierte der HSV uni-braune Trikots. Geht halt einfach nicht. Dass der Gegenwind etwas sch\u00e4rfer ausfiel als kommuniziert wird, kann man daran erkennen, dass wir ausw\u00e4rts in den alten blauen(!) Ausw\u00e4rtstrikots auflaufen und f\u00fcr die n\u00e4chste Saison wieder die R\u00fcckkehr zu den traditionellen Farben geplant ist.<br \/>\nZus\u00e4tzlich zu seinem absoluten Nichtverst\u00e4ndnis und zur fehlenden Kommunikation, kommen dann auch noch \u201efachliche Fehler\u201c hinzu, die er in Zusammenarbeit mit unseren Ex-Trainern zu verantworten hat. Er machte in f\u00fcnf Jahren ca. 21 Mio. Euro Schulden, kaufte st\u00e4ndig die falschen Spieler, erkannte die (bekannten) Baustellen der Mannschaft nicht und so kommt es, dass sich die Ehe zwischen dem FC und Michael Meier in den letzten Z\u00fcgen befindet. Bleibt abzuwarten ob wir ein Trennungsjahr \u00fcberstehen m\u00fcssen oder ob er von selbst die Segel streicht. <\/p>\n<p>Es ist also bei weitem nicht alles rosig in K\u00f6ln und selbst der S\u00fcdkurve, die ja nun ein gewisses, hm, wie sagt man, Selbstverst\u00e4ndnis als leidgepr\u00fcfte, dennoch immer fantastische Fankurve hat, ist nicht nach Party in diesen Wochen. Nun geht es also am Samstag gegen den HSV:<\/p>\n<p>Ich erwarte eine etwas offensivere K\u00f6lner Mannschaft als in den letzten Bundesliga-Spielen. Im Tor wird wohl wieder der junge Miro Varvodi\u0107 stehen, nachdem Mondragon seine Egozentrik ein wenig \u00fcbertrieb. Davor spielen wir mit einem 4-2-3-1. Viererkette stellt sich fast von alleine auf, man muss abwarten ob Pedro Geromel wieder fit wird, ansonsten wird er wieder von Kevin Pezzoni in der Innenverteidigung ersetzt. An seiner Seite spielt Mohammad. Auf Au\u00dfen erwarte ich rechts Brecko und links Salger. Davor Matuschyk und Lanig. F\u00fcr das offensive Mittelfeld stehen mit Jajalo, Clemens, Ehret, Yalcin und Chihi f\u00fcnf Spieler zur Verf\u00fcgung, aber es sind nur zwei Pl\u00e4tze frei, weil Podolski gesetzt ist. Ich tippe auf Yalcin und Clemens. Vorne steht wieder Novacovic, der unter Soldo kein Bein mehr auf den Boden bekam.<\/p>\n<p>Der Schl\u00fcssel zu einem erfolgreichen Spiel wird aber trotz des \u00dcberangebots im Mittelfeld wieder unsere Defensive sein. Der FC f\u00e4ngt sich zu viele \u201eeinfache Tore\u201c. Gegen einen Ruud van Nistelrooy oder Paolo Guerrero kann man sich keine Nachl\u00e4ssigkeiten wie gegen Benny Lauth erlauben. Dann rappelt es ganz schnell im Karton. Ich gehe davon aus, dass Pezzoni sich recht exklusiv um van Nistelrooy k\u00fcmmern wird, der Rest wird wohl raumgedeckt.<\/p>\n<p>Ich habe den HSV dieses Jahr noch nicht (in voller L\u00e4nge) gesehen aber was man so liest tut sich Veh wohl auch recht schwer die Massen zu begeistern. Immerhin, auf dem Papier ist das Spiel eine klare Sache f\u00fcr Euch, doch gespielt werden muss es erst noch. Ich erhoffe mir einen selbstbewussten, mutigen Effzeh, vielleicht ein T\u00f6rchen oder zwei und wenn es nicht zu einem Punktgewinn reicht, dann kann ich damit leben. Sch\u00f6n w\u00e4r\u00b4 es trotzdem!<\/p>\n","protected":false},"excerpt":{"rendered":"<p>Am Samstag geht es gegen den Effzeh. Eine Vorschau auf ein Spiel schreibe ich selten und das werde ich in diesem Fall auch nicht tun. Jedenfalls nicht hier. Hier wird Axel einen Beitrag zum Spiel schreiben. Er fragte mich, ob ich Lust h\u00e4tte bei ihm (Der vierte Offizielle) einen Beitrag zu schreiben und er bei [&hellip;]<\/p>\n","protected":false},"author":2,"featured_media":0,"comment_status":"open","ping_status":"open","sticky":false,"template":"","format":"standard","meta":{"footnotes":""},"categories":[23,4],"tags":[39,642,639,121],"class_list":["post-3025","post","type-post","status-publish","format-standard","hentry","category-bundesliga","category-hsv","tag-1-fc-koln","tag-bundesliga","tag-hsv","tag-saison-20102011"],"_links":{"self":[{"href":"http:\/\/www.nedsblog.de\/index.php?rest_route=\/wp\/v2\/posts\/3025","targetHints":{"allow":["GET"]}}],"collection":[{"href":"http:\/\/www.nedsblog.de\/index.php?rest_route=\/wp\/v2\/posts"}],"about":[{"href":"http:\/\/www.nedsblog.de\/index.php?rest_route=\/wp\/v2\/types\/post"}],"author":[{"embeddable":true,"href":"http:\/\/www.nedsblog.de\/index.php?rest_route=\/wp\/v2\/users\/2"}],"replies":[{"embeddable":true,"href":"http:\/\/www.nedsblog.de\/index.php?rest_route=%2Fwp%2Fv2%2Fcomments&post=3025"}],"version-history":[{"count":7,"href":"http:\/\/www.nedsblog.de\/index.php?rest_route=\/wp\/v2\/posts\/3025\/revisions"}],"predecessor-version":[{"id":3032,"href":"http:\/\/www.nedsblog.de\/index.php?rest_route=\/wp\/v2\/posts\/3025\/revisions\/3032"}],"wp:attachment":[{"href":"http:\/\/www.nedsblog.de\/index.php?rest_route=%2Fwp%2Fv2%2Fmedia&parent=3025"}],"wp:term":[{"taxonomy":"category","embeddable":true,"href":"http:\/\/www.nedsblog.de\/index.php?rest_route=%2Fwp%2Fv2%2Fcategories&post=3025"},{"taxonomy":"post_tag","embeddable":true,"href":"http:\/\/www.nedsblog.de\/index.php?rest_route=%2Fwp%2Fv2%2Ftags&post=3025"}],"curies":[{"name":"wp","href":"https:\/\/api.w.org\/{rel}","templated":true}]}}