{"id":3064,"date":"2010-11-11T22:18:58","date_gmt":"2010-11-11T21:18:58","guid":{"rendered":"http:\/\/www.nedsblog.de\/?p=3064"},"modified":"2010-11-11T22:27:07","modified_gmt":"2010-11-11T21:27:07","slug":"drittelfazit","status":"publish","type":"post","link":"http:\/\/www.nedsblog.de\/?p=3064","title":{"rendered":"Drittelfazit"},"content":{"rendered":"<p>Das erste Drittel der Bundesligasaison 2010\/2011 ist rum. Zeit also die Mannschaft unter die Lupe zu nehmen.<\/p>\n<h2>Stand der Dinge<\/h2>\n<p><strong>Platz 6, 18 Punkte, Torverh\u00e4ltnis +2.<\/strong><br \/>\nKlingt nicht schlecht, ist aber auch nicht gut. Zum jetzigen Zeitpunkt w\u00e4re das Saisonziel einen internationalen Platz zu erreichen nicht erreicht. Das w\u00e4re eine herbe Entt\u00e4uschung, aber zum Gl\u00fcck ist ja erst ein Drittel rum. 5 Siege, 3 Unentschieden, 3 Niederlagen. Dabei sind unn\u00f6tige Niederlagen wie die gegen K\u00f6ln und das Unentschieden gegen N\u00fcrnberg.<br \/>\nWir bringen noch keine Konstanz in unsere Leistungen, es w\u00e4re mal an der Zeit eine Serie ohne Niederlage zu starten.<br \/>\n<a href=\"http:\/\/www.nedsblog.de\/wp-content\/uploads\/Verlauf_erstes_Drittel.jpg\"><img loading=\"lazy\" decoding=\"async\" src=\"http:\/\/www.nedsblog.de\/wp-content\/uploads\/Verlauf_erstes_Drittel-300x180.jpg\" alt=\"\" title=\"Verlauf_erstes_Drittel\" width=\"300\" height=\"180\" class=\"alignnone size-medium wp-image-3073\" srcset=\"http:\/\/www.nedsblog.de\/wp-content\/uploads\/Verlauf_erstes_Drittel-300x180.jpg 300w, http:\/\/www.nedsblog.de\/wp-content\/uploads\/Verlauf_erstes_Drittel.jpg 481w\" sizes=\"auto, (max-width: 300px) 100vw, 300px\" \/><\/a><\/p>\n<p>Der Tabellenplatz 6 (den wir Punkt- und Torgleich mit dem Glubb teilen) ist aber nicht sicher, es sind nur 5 Punkte zum Tabellenplatz 13. Die Liga spielt eh verr\u00fcckt momentan, kann mir einer mal Frankfurt erkl\u00e4ren?<\/p>\n<h2>Neuzug\u00e4nge<\/h2>\n<p>Eingeschlagen hat nur <em>Jaroslav Drobny<\/em>, was ein Wunder, wir leisten es uns ja solch einen Torh\u00fcter auf die Bank zu setzen. Daf\u00fcr haben wir Wolfgang Hesl abgegeben, der nun beim SV Ried im Kasten steht. <em>Dennis Diekmeier<\/em> ist verletzt, <em>Gojko Kacar<\/em> hat in den letzten Spielen zwar von Anfang an gespielt, aber \u00fcberzeugt hat er mich noch nicht. Gekauft wurde noch <em>Lennard Sowah<\/em>, der aber bisher nur 8 Spiele in der Regionalliga Nord f\u00fcr unsere zweite Mannschaft gemacht hat.<\/p>\n<h2>Stammkr\u00e4fte<\/h2>\n<p>Viele Verletzte, wir k\u00f6nnen in den letzten Spielen nicht den gesamten Kader einsetzen. Teilweise m\u00fcssen deswegen Spieler auf nicht angestammten Positionen spielen (Rinc\u00f3n als RV, Z\u00e9 Roberto oder gar Tesche als LV). Das bedeutet viele Probleme in der Abstimmung. Eigentlich sollte die Mannschaft eingespielt sein: Der gros des Kaders der letzten Saison blieb uns erhalten. Die Qualit\u00e4t ist im Kader vorhanden, anscheinend fehlte es aber in einigen Spielen an der Motivation 100% Einsatz und Leidenschaft zu zeigen.<\/p>\n<p>Unser Stammkader ist auch nicht mehr der J\u00fcngste:<br \/>\n<a href=\"http:\/\/www.nedsblog.de\/wp-content\/uploads\/Alter_drittel.jpg\"><img loading=\"lazy\" decoding=\"async\" src=\"http:\/\/www.nedsblog.de\/wp-content\/uploads\/Alter_drittel-300x193.jpg\" alt=\"\" title=\"Alter_drittel\" width=\"300\" height=\"193\" class=\"alignnone size-medium wp-image-3070\" srcset=\"http:\/\/www.nedsblog.de\/wp-content\/uploads\/Alter_drittel-300x193.jpg 300w, http:\/\/www.nedsblog.de\/wp-content\/uploads\/Alter_drittel.jpg 831w\" sizes=\"auto, (max-width: 300px) 100vw, 300px\" \/><\/a><br \/>\n<small>Durchschnittsalter der Spieler: Insgesamt, Startelf und Einwechselspieler je Spieltag<\/small><\/p>\n<h2>Trainer<\/h2>\n<p>Armin Veh startete denkbar schlecht, gab es doch zu Beginn seiner Amtszeit viel Unruhe um die Fragen wer denn die Nummer 1 sein wird, wer der Kapit\u00e4n und ob Petric gebraucht wird oder nicht. <\/p>\n<p>Die ersten zwei Siege t\u00e4uschten ebenfalls \u00fcber die Fehler im 4-2-3-1 System hinweg: Wir haben keine Mittelfeldspieler f\u00fcr das System! Apropos System: die st\u00e4ndigen Systemwechsel, die der Trainer zum einen aufgrund der vielen Verletzten, aber auch aus eigener \u00dcberzeugung, vorgenommen hat, verhindern, da\u00df die Spielz\u00fcge und die Laufwege abgestimmt wirken. Wir haben 4-2-3-1, 4-1-4-1, 4-4-2 (flach und Raute) sowie ein 4-3-3 ausprobiert. Rausgesprungen ist das oben beschriebene Ergebnis.<\/p>\n<p>Ich stehe weiter dazu: Uns liegt bei dem Kader ein 4-4-2 am ehesten. Gelegentlich kann auch gerne mit 2 6ern gespielt werden, da unsere Defensive im Moment jede Hilfe gebrauchen kann.<\/p>\n<p>Armin Veh ist ein ausgebuffter Profi. Er kann nach 20 Jahren als Trainer die Situation in Hamburg sehr gut und distanziert einsch\u00e4tzen. Und genau so wirkt er auch: Distanziert. Er ist der aktuelle Trainer beim HSV. Mehr auch nicht. Das merkt man. <\/p>\n<p>Ich kann mich nicht entscheiden, ob ich das gut oder schlecht finden soll. Nach Martin Jol will ich mich nicht mehr an einen Trainer binden, weil ich dann sowieso entt\u00e4uscht werde. Aber so ein wenig mehr &#8222;Verbundenheit&#8220; zu meinem HSV &#8230; Ich wei\u00df es auch nicht.<\/p>\n<h2>Gremien (Vorstand\/AR\/Mitglieder)<\/h2>\n<p>Ruhig ist es um Bastian Reinhardt geworden. Er hat sein (sein?) Jugendkonzept vorgestellt. Es sollen viel mehr Nachwuchsspieler hochgezogen werden und durchg\u00e4ngig ein System gespielt werden. Klasse, fangen wir damit auch mal an. Ein wenig sp\u00e4t, aber besser als nie.<\/p>\n<p>Bernd Hoffmann ist derzeit auch sehr still, kein Wunder, im n\u00e4chsten Jahr l\u00e4uft sein Vertrag aus, er mu\u00df nun f\u00fcr einen neuen werben. Das scheint er eher intern zu tun. Katja Kraus macht ihren Job weiter gut: Man h\u00f6rt sie nicht, aber die Marketing und Merchandising Maschine l\u00e4uft wie geschmiert.<\/p>\n<p>Der AR h\u00e4lt sich seit der Posse um den Sportchef auch aus der \u00d6ffentlichkeit zur\u00fcck. Das begr\u00fc\u00dfe ich sehr, es kann nicht sein, da\u00df dieses eigentlich stille Gremium f\u00fcr Unruhe sorgt.<\/p>\n<h2>Der Nachwuchs<\/h2>\n<p>Son und Choupo-Moting. Das sind die einzig beiden Spieler, die in dieser Saison eingesetzt worden sind und aus dem Nachwuchs kommen. Torun ist verletzt und Besic wartet auf seine Chance. <\/p>\n<p>D\u00fcrftig. Aber es wird dauern, bis das neue Konzept in der Jugendarbeit Fr\u00fcchte tragen wird. Also immer ruhig bleiben und hoffen, da\u00df der Vorstand dieses Konzept lange genug weiter unterst\u00fctzen wird.<\/p>\n<h2>Gutes<\/h2>\n<p><em>Ruud van Nistelrooy<\/em>. Immer wieder ein Hammer ihn in Rothosen zu sehen. Ich meine, mal unter uns, da\u00df ist DER van Nistelrooy!<br \/>\n<em>Jonathan Pitroipa<\/em>. Einer der Gewinner des ersten Drittels. Trifft das Tor und gibt Vorlagen. Seine Schnelligkeit scheint er auch wieder gefunden zu haben.<br \/>\n<em>Mladen Petric<\/em> Der Kroate hatte es am Anfang nicht leicht, da der Trainer nur mit einem St\u00fcrmer spielen wollte und dieser Platz eben f\u00fcr den gesunden van Nistelrooy reserviert. Er hat ein wenig gemosert und gemeckert, so kennen wir ihn, aber auf dem Platz hat er bewiesen, wie wichtig er f\u00fcr uns ist.<br \/>\n<em>Heung Min Son<\/em> In der Vorbereitung spielte er frech auf und sich in die Startelf. Durch eine Verletzung gestoppt. Das wird was.<br \/>\n<em>David Jarolim<\/em> Der Kapit\u00e4n auf dem Platz. Wieder Vorbild was Einsatz und Leidenschaft angeht. Wenn er nicht da ist, merkt man, wie wichtig er f\u00fcr die Mannschaft ist.<br \/>\n<em>Tomas Rinc\u00f3n<\/em> Ja, er ist ungest\u00fcm, aber er ist mein Fu\u00dfballgott. Schlagt mich, tretet mich, mir egal, ich mag ihn.<br \/>\n<em>Collin Benjamin<\/em> Das Urgestein. Es freut mich einfach, ihn in der Startelf zu sehen, auch wenn seine Leistungen auf der Position des Rechtsverteidigers nicht sehr gut waren. Aber das reicht im Moment um dort zu spielen. Leider wieder verletzt.<\/p>\n<h2>Schlechtes<\/h2>\n<p><em>DFB Pokal<\/em> Wieder mal nur die Anmeldung bis zur zweiten Runde beim DFB eingereicht. N\u00e4chste Saison ein neuer Versuch<br \/>\n<em>Verletzte<\/em> Kann das irgendwann auch mal aufh\u00f6ren? Ich meine das ist doch nicht normal! Gab es mal eine Saison, in der wichtige Spieler nicht lange verletzt waren? Unser Kader kann das leider nicht auffangen.<br \/>\n<em>Heiko Westermann<\/em> Mr. Fehlpass. Wenn ich ein Innenverteidiger bin, der im vorherigen Verein und in der Nationalmannschaft selten auf der Position gespielt hat, dann mu\u00df ich mir vielleicht mal Gedanken machen. Und besser werden! Selten habe ich bei einem Spieler Fehlp\u00e4sse mit ziemlicher Genauigkeit ansagen k\u00f6nnen.<br \/>\n<em>Guy Demel<\/em> Puh, ich meine, er ist mein Guy. Aber er bringt im Moment noch nicht mal durchschnittliche Leistungen.<br \/>\n<em>Paolo Guerrero<\/em> Letzte Saison bis zur seiner Verletzung der beste HSV Spieler. Ich habe seine Vertragsverl\u00e4ngerung begr\u00fc\u00dft, aber bisher rechtfertigt er dies in keinster Weise.<br \/>\n<em>4-2-3-1<\/em> Ich mag das System einfach nicht. Bis auf Barcelona, Inter Mailand (das der letzten Saison) und die spanische Nationalmannschaft kann das einfach keiner spielen. Also: AUFH\u00d6REN!<br \/>\n<em>Eljero Elia<\/em> Ansagen ohne Ende, aber Leistungen folgen einfach nicht. Egoistisch und verspielt. Ich h\u00e4tte ihn vor der Saison verkauft, habe daf\u00fcr Schelte bezogen, stehe aber weiter zu meiner Meinung!<br \/>\n<em>Aussenverteidiger<\/em> Wir haben im Moment weder rechts noch links echte Verteidiger. Das ist echt schlimm, da mu\u00df was getan werden! Aogo braucht noch und bei Diekmeier sieht es gar noch schlechter aus. Selbst wenn beide dann wieder spielen, ist das einer unserer gro\u00dfen Bedarfe f\u00fcr den Nachwuchs. (OK, Aussenst\u00fcrmer und einen f\u00fcr die Mitte vorne k\u00f6nnten wir uns auch ziehen).<\/p>\n<h2>Fazit<\/h2>\n<p>Wir haben die Chance verpasst, die Schw\u00e4che unserer Konkurrenten (um die internationalen Pl\u00e4tze k\u00e4mpfend habe ich Schalke, Stuttgart, Prehm und vor allem die Bayern gesehen) auszunutzen und uns ein Punktepolster aufzubauen.<br \/>\nDas liegt meiner Meinung nach daran, da\u00df wir bis an unser Leistungslimit gehen m\u00fcssen um Spiele zu gewinnen. Wir k\u00f6nnen auch gegen vermeintlich schw\u00e4chere Gegner nicht nur 75% geben um zu gewinnen, sondern m\u00fcssen in jedem Spiel immer alles geben. Genau das scheint aber ein Teil der Mannschaft noch nicht begriffen zu haben.<\/p>\n<p>Habe ich nur das Gef\u00fchl, da\u00df Veh und eine stabile gute Abwehr nicht zusammen geh\u00f6ren? Bei Wolfsburg hat er die meisterliche Abwehr h\u00f6her stehen lassen als gewohnt und ist damit auf die Nase gefallen. Ge\u00e4ndert hat er es nicht. Bei uns scheint er den Defensivverbund auch nicht richtig einzustellen, die Abstimmung passt einfach nicht. Wir haben teilweise mit 6 defensiven Spielern auf dem Platz gestanden, bekommen aber trotzdem Tore. Das kann nicht nur an den verletzten Aussenverteidigern liegen!<\/p>\n<p>Ein weiteres Manko ist die Schnittstelle zwischen Abwehr und der Offensive. Es mag zum modernen Fu\u00dfball geh\u00f6ren, da\u00df die Innenverteidiger das Spiel aufbauen, aber weder Westermann noch Mathijsen sind meiner Meinung nach daf\u00fcr geeignet. Wir brauchen einen Spieler, der aus der Defensive den Ball nach vorne tr\u00e4gt und dort klug verteilt. Das k\u00f6nnen die offensiven Aussenspieler oder die 6er sein, mir egal, irgendwer mu\u00df da mal was ordnen. Trochowski auf der 6 hat das ein wenig gegen K\u00f6ln gezeigt, ist aber dann in der Defensive zu schwach.<\/p>\n<p>Insgesamt meine ich, da\u00df die Qualit\u00e4t im Kader da ist um guten, attraktiven Fu\u00dfball zu spielen. Wir haben drei Topst\u00fcrmer und 2 Talente auf der Bank. Auch unser offensives Mittelfeld ist gut besetzt. Es steckt also viel Potenzial in der Mannschaft. Jetzt stabil in der Abwehr werden, immer in jedem Spiel alles geben und es kann in dieser Saison (gerade in dieser) auch mal um den Platz 3 gehen! Ich habe noch nicht resegniert, die Mannschaft kann einiges zeigen.<\/p>\n<p>Steigern m\u00fcssen wir uns und dieses Jahr mal einen langen Atem zeigen. Es stehen Mannschaften hinter uns in der Tabelle, die im weiteren Verlauf der Saison an uns vorbei ziehen wollen. Wir k\u00f6nnen uns keine Schw\u00e4chen mehr leisten!<\/p>\n<p>Auf geht&#8217;s Jungs, zeigt am Freitag, da\u00df Hoffenheim kein Strohfeuer war!<\/p>\n<p>In diesem Sinne: <strong>Nur der HSV!<\/strong><\/p>\n<p>[Update aus leider nicht so sch\u00f6nem Anla\u00df]<br \/>\n<strong>Alles Gute Hermann! Unsere Gedanken sind bei dir! Werd schnell wieder gesund!<\/strong><\/p>\n","protected":false},"excerpt":{"rendered":"<p>Das erste Drittel der Bundesligasaison 2010\/2011 ist rum. Zeit also die Mannschaft unter die Lupe zu nehmen. Stand der Dinge Platz 6, 18 Punkte, Torverh\u00e4ltnis +2. Klingt nicht schlecht, ist aber auch nicht gut. Zum jetzigen Zeitpunkt w\u00e4re das Saisonziel einen internationalen Platz zu erreichen nicht erreicht. Das w\u00e4re eine herbe Entt\u00e4uschung, aber zum Gl\u00fcck [&hellip;]<\/p>\n","protected":false},"author":2,"featured_media":0,"comment_status":"open","ping_status":"open","sticky":false,"template":"","format":"standard","meta":{"footnotes":""},"categories":[23,20,4],"tags":[642,641,224,79,639,24,10,121],"class_list":["post-3064","post","type-post","status-publish","format-standard","hentry","category-bundesliga","category-dfb-pokal","category-hsv","tag-bundesliga","tag-dfb-pokal","tag-fazit","tag-hinrunde","tag-hsv","tag-jugendarbeit","tag-kader","tag-saison-20102011"],"_links":{"self":[{"href":"http:\/\/www.nedsblog.de\/index.php?rest_route=\/wp\/v2\/posts\/3064","targetHints":{"allow":["GET"]}}],"collection":[{"href":"http:\/\/www.nedsblog.de\/index.php?rest_route=\/wp\/v2\/posts"}],"about":[{"href":"http:\/\/www.nedsblog.de\/index.php?rest_route=\/wp\/v2\/types\/post"}],"author":[{"embeddable":true,"href":"http:\/\/www.nedsblog.de\/index.php?rest_route=\/wp\/v2\/users\/2"}],"replies":[{"embeddable":true,"href":"http:\/\/www.nedsblog.de\/index.php?rest_route=%2Fwp%2Fv2%2Fcomments&post=3064"}],"version-history":[{"count":22,"href":"http:\/\/www.nedsblog.de\/index.php?rest_route=\/wp\/v2\/posts\/3064\/revisions"}],"predecessor-version":[{"id":3092,"href":"http:\/\/www.nedsblog.de\/index.php?rest_route=\/wp\/v2\/posts\/3064\/revisions\/3092"}],"wp:attachment":[{"href":"http:\/\/www.nedsblog.de\/index.php?rest_route=%2Fwp%2Fv2%2Fmedia&parent=3064"}],"wp:term":[{"taxonomy":"category","embeddable":true,"href":"http:\/\/www.nedsblog.de\/index.php?rest_route=%2Fwp%2Fv2%2Fcategories&post=3064"},{"taxonomy":"post_tag","embeddable":true,"href":"http:\/\/www.nedsblog.de\/index.php?rest_route=%2Fwp%2Fv2%2Ftags&post=3064"}],"curies":[{"name":"wp","href":"https:\/\/api.w.org\/{rel}","templated":true}]}}