{"id":3200,"date":"2011-01-13T18:30:29","date_gmt":"2011-01-13T17:30:29","guid":{"rendered":"http:\/\/www.nedsblog.de\/?p=3200"},"modified":"2011-01-13T16:32:41","modified_gmt":"2011-01-13T15:32:41","slug":"winterpause","status":"publish","type":"post","link":"http:\/\/www.nedsblog.de\/?p=3200","title":{"rendered":"Winterpause"},"content":{"rendered":"<p>Mann Mann Mann, so eine Winterpause dauert viel zu lange. Gef\u00fchlte 48 Jahre dauerte es, bis endlich wieder der Bundesligafu\u00dfball rollt. An diesem Wochenende ist es soweit, die R\u00fcckrunde beginnt.<\/p>\n<p>Ruhig war es bei uns. Also auf dem Transfermarkt. Keine neuen Spieler wurden verpflichtet, ein paar Namen wurden in der Ger\u00fcchtek\u00fcche gekocht, richtig gar gekocht wurde aber nichts. Naja, einige Spieler kommen aus dem Lazarett zur\u00fcck, sind fast Neuzug\u00e4nge.<\/p>\n<p>Ansonsten war es alles andere als ruhig:<\/p>\n<p><strong>Trainer<\/strong><br \/>\nVeh wollte nicht verl\u00e4ngern, der HSV wollte das aber, es gab ein Treffen kurz nach Weihnachten, an dem sich ausgesprochen wurde und man sich auf den Sommer vertagt hat. Der Vertrag von Armin Veh l\u00e4uft ja eh aus, man h\u00e4tte sich sowieso im Sommer zusammensetzen m\u00fcssen. Welches Signal wird damit gesendet, an die Spieler, den Trainerstab, die Fans? Andererseits h\u00e4tte eine vorzeitige Vertragsverl\u00e4ngerung im Sommer eventuell eine Abfindung bedeutet. Nein, ich bin kein Schwarzmaler, eher Realist (Stichwort: 7 Jahre, 7 Trainer). <\/p>\n<p><strong>Spieler<\/strong><br \/>\nElia geht mir auf die Nerven. In einem <a href=\"http:\/\/www.bild.de\/BILD\/sport\/fussball\/bundesliga\/vereine\/hsv\/2011\/01\/06\/eljero-elia\/ich-bin-bereit-fuer-real-barca-oder-manu.html\" target=\"_blank\">Interview<\/a> sagt er, da\u00df er bereit f\u00fcr Real, Barcelona oder ManUtd ist. Ich frage mich, f\u00fcr was? Balljunge? 3. Mannschaft? Am liebsten w\u00e4re es mir, wenn er noch in dieser Transferphase verkauft werden w\u00fcrde. Ich wollte ihn schon vor der Hinrunde verkaufen, da\u00df hat sich nicht ge\u00e4ndert. <\/p>\n<p>Der Rest des Kaders hat sich wohl gut vorbereitet, die Pause bringt uns sogar ein paar verletzte Spieler zur\u00fcck.<\/p>\n<p>Nur wo endet das? Es wurde im Testspiel gegen Ajax ein neuer Innenverteidiger getestet. Jetzt kommts, es ist keine \u00dcberraschung aus der zweiten Mannschaft, nein, es ist Gojko Kacar. Ich halte einiges von ihm, aber Innenverteidigung? Hat er das bei der Hertha mal gespielt? In der Nationalmannschaft? Wie kommt Armin Veh darauf? Besic ist schon wieder verbraucht\/verbrannt\/zu schlecht? Ich bin gespannt, was Huntelaar und Raul dazu am Samstag sagen werden. Das kann doch nicht die L\u00f6sung unseres Abwehrproblems sein, oder?<\/p>\n<p><strong>Aufsichtsrat<\/strong><br \/>\nNeben den kleineren Querelen um den Trainer und seine Zukunft war es am 09.02.2011 mal wieder so weit: Die Mitgliederversammlung stand an. F\u00fcr alle Leser von Vereinen die eine GmbH, KG, KGaA oder AG sind: Das ist das h\u00f6chste Gremium bei uns im eingetragenem Verein. Die MV w\u00e4hlt n\u00e4mlich den Aufsichtsrat. Der Aufsichtsrat stellt den Vorstand ein. Also stellen wir Mitglieder quasi den Vorstand ein.<\/p>\n<p>Ich habe mich also auch zu der Versammlung begeben, ich wollte mein Teil dazu beitragen, mein Recht, nein meine Pflicht als Mitglied wahr nehmen. Um 11:15h ging es los. Wer schon mal auf einer Mitgliederversammlung eines Vereins war, der wird nachvollziehen k\u00f6nnen, wie anstrengend und formal das alles ist. Erst wurde festgestellt, da\u00df alle korrekt eingeladen wurden, da\u00df wir beschlu\u00dff\u00e4hig sind, etc. etc. pp.<\/p>\n<p>Allerdings wurde vor dem ersten wichtigen TOP (Bericht des Aufsichtsrates) ein Antrag auf \u00c4nderung der Tagesordnung gestellt. Nach der Wahl der R\u00e4te sollte noch \u00fcber einige Satzungs\u00e4nderungen diskutiert werden. Aber Vorstand, die Anstragssteller und der Aufsichtsrat hatten sich vor der Versammlung auf einen Kompromis geeinigt: Diese \u00c4nderungen werden in einer eigenen Kommission \u00fcberarbeitet, weil man sich einig war, da\u00df sie notwendig sind, auf der Versammlung aber fehl am Platz sind.<\/p>\n<p>Diese Einigung nahm allen Beteiligten den Wind auf den Segeln, weil der so angeblich eigenm\u00e4chtig handelnde Vorstand auf die Mitglieder zugegangen ist um einen Kompromiss zu finden. Dadurch wurde aus der erwarteten explosiven Versammlung nur noch eine hitzige. Gut gemacht, nur warum nicht immer so?<\/p>\n<p>Der Vorstandsvorsitzende selber traf in seiner Rede zu diesem Punkt folgende wichtige Aussagen: Keine weiteren Entscheidungen \u00fcber Vertr\u00e4ge mit Dritten, ohne da\u00df die Mitglieder eingebunden werden. Bedeutet also, da\u00df ein weiterer Vertrag mit einem externen Investor oder auch die Verl\u00e4ngerung mit Sportfive nicht allein durch den Vorstand entschieden werden, sondern vorher mit den Mitgliedern in Form einer au\u00dferordentlichen Versammlung abgestimmt werden.<\/p>\n<p>Es wurde also dazu gelernt. Das macht mir Mut f\u00fcr die Zukunft.<\/p>\n<p>Der Aufsichtsrat bekam auch sein Fett weg, immer wieder wurden die Fehler bei der Suche nach einem Sportchef thematisiert.<\/p>\n<p>Nach diesen Punkten stellten sich dann die Kandidaten f\u00fcr die Aufsichtsratposten vor. Das dauerte. Lange. 21 Kandidaten, die ungef\u00e4hr 10 Minuten Zeit bekamen. Puh. <\/p>\n<p>Viele Mitglieder schienen aber immer noch auf den Vorstand nicht gut zu sprechen zu sein. Das Ergebnis der Wahl: In den Aufsichtsrat wurden zumindest drei Vertreter gew\u00e4hlt, die klar Position gegen unseren Vorstandschef bezogen haben: J\u00fcrgen Hunke, Manfred Ertl und Uli Kl\u00fcver. Der vierte im Bunde (es wurden 4 von 12 Pl\u00e4tzen neu besetzt) ist der Schauspieler Marek Erhardt. Das war nicht meine Wahl, au\u00dfer Uli Kl\u00fcver, der mich in seiner Vorstellungsrede bei der MV \u00fcberzeugt hat. <\/p>\n<p>Was bedeutet diese Wahl nun f\u00fcr den Verein? Nunja, es wird nicht einfacher werden f\u00fcr Bernd Hoffmann. Vor allem hat sich gerade J\u00fcrgen Hunke klar gegen eine Vertragsverl\u00e4ngerung von Hoffmann, sein Vertrag l\u00e4uft dieses Jahr aus, ge\u00e4u\u00dfert. <\/p>\n<p>Wie will nun die neue Opposition beweisen, da\u00df sie so oppositionell handeln? Gerade Ertl und Hunke sind ja mit klaren Positionen in die Wahl gegangen. Wie wollen die beiden also nun ihre Arbeit im Aufsichtsrat darstellen? Mir fallen da nur zwei M\u00f6glichkeiten ein: Alles in der Presse breit treten und st\u00e4ndig und immer nein sagen. Genau das, was wir brauchen. NICHT!<\/p>\n<p>Versteht mich bitte nicht falsch, ein &#8222;weiter so&#8220; im Aufsichtsrat konnte es nicht geben, daf\u00fcr ist dort zu viel falsch gelaufen. Ein Wechsel in den Gremien ist auch nicht schlecht, es soll ja hochkar\u00e4tig besetzt sein, die besten Kandidaten sollen sich durchsetzen. Aber ein Schauspieler? Ein Journalist vom Spiegel? Ein selbstherrlicher ehemaliger Pr\u00e4sident, in dessen Zeit viele schlechte Saisons gefallen sind? Ich wei\u00df nicht.<\/p>\n<p>Im n\u00e4chsten Sommer stehen 20 Personalentscheidungen an. Der viel zitierte Umbruch im Kader steht an. Da k\u00f6nnen wir es uns nicht leisten, auch noch einen neuen Vorstand zu suchen! Die n\u00e4chsten Monate werden also nicht ruhiger werden. Ein Allheilmittel w\u00e4re es, wenn die Mannschaft eine tolle R\u00fcckrunde spielt. Dann ist die Masse ruhig und die Gremien k\u00f6nnen sich um die weitere Zukunft des HSV k\u00fcmmern.<\/p>\n<p><strong>Reaktionen<\/strong><br \/>\nHier eine nicht vollst\u00e4ndige Liste von Reaktionen in der Presse: Die Rede von Bernd Hoffmann bei <a href=\"http:\/\/www.hsv.de\/saison\/meldungen-saison\/bundesliga\/januar-2011\/rede-bernd-hoffmann\/\" target=\"_blank\">hsv.de<\/a>, sein Interview beim <a href=\"http:\/\/mobil.abendblatt.de\/sport\/fussball\/hsv\/article1753299\/Bernd-Hoffmann-Diese-Wahl-ist-eine-Befreiung.html\" target=\"_blank\">Abendblatt<\/a> und das Interview bei <a href=\"http:\/\/www.bild.de\/BILD\/sport\/fussball\/bundesliga\/vereine\/hsv\/2011\/01\/11\/bernd-hoffmann\/das-war-ein-reinigendes-gewitter.html\" target=\"_blanK\">bild.de<\/a>. Die <a href=\"http:\/\/www.mopo.de\/2011\/20110111\/sport\/hsv\/der_hsv_ist_jetzt_lahmgelegt.html\" target=\"_blank\">Mopo<\/a> malt gleich den Teufel an die Wand und l\u00e4\u00dft Hunke gleich mal zu <a href=\"http:\/\/www.mopo.de\/2011\/20110110\/sport\/hsv\/hunke_hoffmann_muss_sich_aendern.html\" target=\"_blank\">Wort<\/a> kommen. Der nicht wiedergew\u00e4hlte Ronny Wulff (verdienter HSVer seit \u00fcber gef\u00fchlt 124 Jahren) versteht die Wahl der Kandidaten als <a href=\"http:\/\/www.11freunde.de\/sonstige\/135496\" target=\"_blank\">Protestwahl<\/a>.<\/p>\n<p>Nun geht es in die R\u00fcckrunde. Ich w\u00fcnsche mir vor allem viel mehr Punkte als in der Hinrunde und viel weniger Verletzte! Ein guter Start w\u00e4re es, die Schalker aus ihrer <del datetime=\"2011-01-13T14:20:10+00:00\">\u00fcberdachten<\/del> Arena zus schie\u00dfen.<\/p>\n<p>In diesem Sinne: <strong>Nur der HSV!<\/strong><\/p>\n","protected":false},"excerpt":{"rendered":"<p>Mann Mann Mann, so eine Winterpause dauert viel zu lange. Gef\u00fchlte 48 Jahre dauerte es, bis endlich wieder der Bundesligafu\u00dfball rollt. An diesem Wochenende ist es soweit, die R\u00fcckrunde beginnt. Ruhig war es bei uns. Also auf dem Transfermarkt. Keine neuen Spieler wurden verpflichtet, ein paar Namen wurden in der Ger\u00fcchtek\u00fcche gekocht, richtig gar gekocht [&hellip;]<\/p>\n","protected":false},"author":2,"featured_media":0,"comment_status":"open","ping_status":"open","sticky":false,"template":"","format":"standard","meta":{"footnotes":""},"categories":[23,4],"tags":[120,126,160,639,241,10,237,242,243,239,238,13,244,149,240],"class_list":["post-3200","post","type-post","status-publish","format-standard","hentry","category-bundesliga","category-hsv","tag-aufsichtsrat","tag-bastian-reinhardt","tag-bernd-hoffmann","tag-hsv","tag-jurgen-hunke","tag-kader","tag-katja-krauss","tag-manfred-ertl","tag-marek-erhardt","tag-mitgliederversammlung","tag-oliver-scheel","tag-transfers","tag-uli-kluver","tag-vorstand","tag-wahl"],"_links":{"self":[{"href":"http:\/\/www.nedsblog.de\/index.php?rest_route=\/wp\/v2\/posts\/3200","targetHints":{"allow":["GET"]}}],"collection":[{"href":"http:\/\/www.nedsblog.de\/index.php?rest_route=\/wp\/v2\/posts"}],"about":[{"href":"http:\/\/www.nedsblog.de\/index.php?rest_route=\/wp\/v2\/types\/post"}],"author":[{"embeddable":true,"href":"http:\/\/www.nedsblog.de\/index.php?rest_route=\/wp\/v2\/users\/2"}],"replies":[{"embeddable":true,"href":"http:\/\/www.nedsblog.de\/index.php?rest_route=%2Fwp%2Fv2%2Fcomments&post=3200"}],"version-history":[{"count":14,"href":"http:\/\/www.nedsblog.de\/index.php?rest_route=\/wp\/v2\/posts\/3200\/revisions"}],"predecessor-version":[{"id":3217,"href":"http:\/\/www.nedsblog.de\/index.php?rest_route=\/wp\/v2\/posts\/3200\/revisions\/3217"}],"wp:attachment":[{"href":"http:\/\/www.nedsblog.de\/index.php?rest_route=%2Fwp%2Fv2%2Fmedia&parent=3200"}],"wp:term":[{"taxonomy":"category","embeddable":true,"href":"http:\/\/www.nedsblog.de\/index.php?rest_route=%2Fwp%2Fv2%2Fcategories&post=3200"},{"taxonomy":"post_tag","embeddable":true,"href":"http:\/\/www.nedsblog.de\/index.php?rest_route=%2Fwp%2Fv2%2Ftags&post=3200"}],"curies":[{"name":"wp","href":"https:\/\/api.w.org\/{rel}","templated":true}]}}