{"id":3245,"date":"2011-01-23T23:18:05","date_gmt":"2011-01-23T22:18:05","guid":{"rendered":"http:\/\/www.nedsblog.de\/?p=3245"},"modified":"2011-01-24T00:22:02","modified_gmt":"2011-01-23T23:22:02","slug":"bundesliga-neunzehn","status":"publish","type":"post","link":"http:\/\/www.nedsblog.de\/?p=3245","title":{"rendered":"Bundesliga, neunzehn"},"content":{"rendered":"<p><strong>oder:<\/strong> Die Serie geht weiter<br \/>\n<del datetime=\"2011-01-22T21:34:49+00:00\">Mein Wort<\/del> Meine Worte zum Spiel: Wichtig ist aufm Platz!<\/p>\n<h2>Wie war&#8217;s?<\/h2>\n<p>So ein bi\u00dfchen wie in der Hinrunde: Keine gute Leistung, aber gewonnen, nicht spielerisch \u00fcberzeugt, aber die drei Punkte mitgenommen. Frankfurt stand erwartungsgem\u00e4\u00df tief in der eigenen H\u00e4lfte und wollte Gekas bei Kontern in Szene setzen. Das funktionierte nicht oft, auch weil unser Mittelfeld sehr bissig und eine hohe defensive Laufbereitschaft an den Tag legte. Herauszuheben hier Elia (ja der, der sonst nie defensiv mithilft) und Ben-Hatira vor allem in der ersten Halbzeit. Das sah echt nach einer Mannschaft aus, wieder mal. Sehr gut, so kann es jetzt weiter gehen. <\/p>\n<p>Ja, Frankfurt war nicht gut, stand aber eben auch so tief drin, da\u00df ein fl\u00fcssiges Spiel nach vorne nicht m\u00f6glich war. Gegen solch tief stehende Mannschaft tun wir uns schwer, da fehlt uns dann ein Einzelk\u00f6nner, der mit einer Aktion die Reihen durchbricht. <\/p>\n<p>Beharrlich hielten wir unsere Ordnung und hatten das Spiel auch im Griff. 13 Torsch\u00fcsse und (nur) ein Tor zeigen, da\u00df wir besser mit unseren Chancen umgehen m\u00fcssen. Da gilt es abzuwarten, wie Petric und van Nistelrooy harmonieren. <\/p>\n<p>Mladen Petric kam dann und zeigte uns, warum wir ihn nicht gehen lassen d\u00fcrfen! Toller Pass von \u00c4nis, beide St\u00fcrmer im Strafraum, einer trifft, so soll es sein!<\/p>\n<p>Wir sollten nun weiter machen. Die Mannschaft scheint sich in der Winterpause gefunden zu haben. Wir haben nun 3 Spiele hintereinander gewonnen, da\u00df gibt hoffentlich Selbstvertrauen und Sicherheit. Darauf k\u00f6nnen wir aufbauen. Spielerisch war das keine Offenbarung, in dieser Saison erwarte ich aber auch kein sch\u00f6nen Fu\u00dfball mehr, sondern einfach nur Erfolg.<\/p>\n<p><strong>Tor<\/strong><br \/>\n<em>Rost<\/em> Sicher wie ne Bank, tolle Nummer eins!<\/p>\n<p><strong>Abwehr<\/strong><br \/>\n<em>Demel<\/em> Auf rechts sicherer als in der Innenverteidigung. Alles in allem eine gute Leistung. Offensiv nach dem Ausfall von Kacar nicht mehr so pr\u00e4sent, da\u00df ist aber auch verst\u00e4ndlich.<br \/>\n<em>Kacar<\/em> Toll. Echt. H\u00e4tte nicht gedacht, da\u00df er die Rolle des Innenverteidigers so gut ausf\u00fcllt. Leider mit Platzwunde fr\u00fch aus dem Spiel.<br \/>\n<em>Westermann<\/em> Passgenauigkeit ist immer noch nicht so sein Ding, es bessert sich. Auch sollte er bei Vorst\u00f6\u00dfen \u00fcber die Mittellinie den Ball dann bitte nicht verlieren!<br \/>\n<em>Aogo<\/em> Er mu\u00dfte sich nicht oft in die offensive Einschalten, h\u00e4tte das meiner Meinung nach \u00f6fter tun k\u00f6nnen. Aber das kommt wieder. (Hatte ich schon erw\u00e4hnt, da\u00df wir endlich wieder einen Linksverteidiger auf dem Platz haben? Endlich wieder!)<\/p>\n<p><strong>Mittelfeld<\/strong><br \/>\n<em>Pitroipa<\/em> Wirkte nicht ganz so da, hatte schon bessere Spiele. Zur Pause verletzt raus.<br \/>\n<em>Trochowski<\/em> Die mei\u00dften Ballkontakte. Gef\u00e4llt mir immer besser in der Rolle als 6er. Schwierig wird es nur, wenn ein starkes Mittelfeld kommt und mehr defensive Arbeit gefordert wird.<br \/>\n<em>Z\u00e9 Roberto<\/em> Immer und \u00fcberall zu finden.<br \/>\n<em>Elia<\/em> Huch? Die erste Halbzeit war l\u00e4uferisch und k\u00e4mpferisch das beste von ihm seit dem wer da? Spiel im vorletzten Dezember! Lie\u00df dann in der zweiten Halbzeit nach. Seine Heatmap sieht gut aus:<br \/>\n<a href=\"http:\/\/www.nedsblog.de\/wp-content\/uploads\/HSV-FRA_Elia-Heatmap.jpg\"><img loading=\"lazy\" decoding=\"async\" src=\"http:\/\/www.nedsblog.de\/wp-content\/uploads\/HSV-FRA_Elia-Heatmap-207x300.jpg\" alt=\"\" title=\"HSV-FRA_Elia-Heatmap\" width=\"207\" height=\"300\" class=\"alignnone size-medium wp-image-3256\" srcset=\"http:\/\/www.nedsblog.de\/wp-content\/uploads\/HSV-FRA_Elia-Heatmap-207x300.jpg 207w, http:\/\/www.nedsblog.de\/wp-content\/uploads\/HSV-FRA_Elia-Heatmap.jpg 222w\" sizes=\"auto, (max-width: 207px) 100vw, 207px\" \/><\/a><\/p>\n<p><strong>Sturm<\/strong><br \/>\n<em>van Nistelrooy<\/em> Er sah nicht so aus, als w\u00e4re er nicht ganz dabei, er sah aber auch aus, als w\u00e4re er nicht ganz dabei. Ich wei\u00df nicht, ob ich das alles so gut finde.<br \/>\n<em>Ben-Hatira<\/em> Diesmal in vielen Aktionen ungl\u00fccklich, aber die Laufbereischaft ist da und er h\u00e4ngt sich voll rein. Der Schiri suchte einen S\u00fcndenbock und pfiff einige seiner Aktionen wegen Klammerns zur\u00fcck. Nicht da\u00df die Abwehr der Eintracht die St\u00fcrmer st\u00e4ndig festhielten&#8230; Das wurde nie gepfiffen!<\/p>\n<p><strong>Taktik<\/strong><br \/>\n<em>4-2-2-2<\/em><br \/>\nEine flache Raute war es diesmal nicht meiner Meinung nach, gegen tief stehende Frankfurter auch nicht notwendig.<\/p>\n<p><strong>Einwechslungen<\/strong><br \/>\n<em>Rinc\u00f3n<\/em> Hui, der wollte sich aber mal in die erste Elf <del datetime=\"2011-01-23T10:28:57+00:00\">spielen<\/del> k\u00e4mpfen. &#8222;nur&#8220; 55 Minuten auf dem Platz aber die zweitmei\u00dften Zweik\u00e4mpfe (14) im Spiel. 12 davon gewonnen! Tolle Leistung, mein &#8222;Fu\u00dfballgott&#8220; bei der Aufstellungsausrufung hat er sich redlich verdient.<br \/>\n<em>Petric<\/em> Endlich wieder gesund. Es reicht wohl noch nicht f\u00fcr 90 Minuten, wobei ich mir Ruud und Mladen in der Startelf zusammen schwer vorstellen kann. Beide sind nicht als erste Verteidiger zu sehen, bringen nicht so viel defensive Arbeit wie z.B. Ben-Hatira mit.<br \/>\n<em>Tesche<\/em> Nicht viel Zeit bekommen, aber immerhin 2 P\u00e4sse gespielt und die sind auch angekommen.<\/p>\n<p><strong>Spieler des Spiels:<\/strong><br \/>\n<em>Petric<\/em> Endlich wieder fit, Tor geschossen, was will man mehr?<\/p>\n<p><strong>P\u00f6bler des Spiels:<\/strong><br \/>\n<em>Stark<\/em> Ja, ich p\u00f6bel zweitweise auch mal gegen den Schiedsrichter. Unsere St\u00fcrmer wurden st\u00e4ndig geklammert und gepfiffen wurde nur, wenn unsere St\u00fcrmer klammerten. Unfair!<\/p>\n<h2>Was sagt die Statistik?<\/h2>\n<p><iframe width='474' height='308' frameborder='0' src='https:\/\/spreadsheets.google.com\/pub?key=0Av4ETf833YNgdHlUSlNRMno5MzF3MVNod3NoZGM5Y0E&#038;hl=en&#038;single=true&#038;gid=20&#038;range=B1%3AQ18&#038;output=html'><\/iframe><br \/>\n<small><small>2K\u00e4mpfe gew-Zweik\u00e4mpfe gewonnen; ges-Gesamt; %-Prozent gewonnen (Beim Torwart: Torsch\u00fcsse geh-Torsch\u00fcsse gehalten; ges-gesamt; %-Prozent gehalten), BK-Ballkontakte, TS-Torsch\u00fcsse (Beim Torwart AF-abgefangene Flanken), P\u00e4sse a-P\u00e4sse angekommen; g-gespielt; %-Prozent angekommen, TSV-Torschussvorlagen, Tor-Tore, TVO-Torvorlagen, >-raus, < -rein, Min-Minuten, OF-Offensivfaktor; Quelle: <a href=\"http:\/\/www.bundesliga.de\">bundesliga.de<\/a><\/small><\/small><\/p>\n<h2>Was sagt der Gegner<\/h2>\n<p>Kid aus der <a href=\"http:\/\/kid-klappergass.blogspot.com\/\" target=\"_blank\">Klappergass<\/a> war so nett mir trotz der Niederlage <a href=\"http:\/\/www.nedsblog.de\/?p=2792\" target=\"_blank\">wieder<\/a> ein paar Fragen zu beantworten:<\/p>\n<p><strong>Zum Spiel<br \/>\nWie siehst du die Niederlage?<\/strong><br \/>\nGelassen. Das h\u00e4tte schlimmer kommen k\u00f6nnen, wenn ich mir ansehe, wie viele und welche defensiven Spieler ausgefallen sind. Es m\u00fcssen wohl nicht allzu viele Bundesligamannschaften gegen van Nistelrooy und Petric mit einer Innenverteidigung antreten, die aus zwei defensiven Mittelfeldspielern besteht, von denen der eine nach drei Kurzeins\u00e4tzen mit nicht einmal 20 Minuten Gesamtspielzeit erst am 17. Spieltag zum ersten Einsatz von Beginn an kam und der andere nach einem Knorpelschaden im Knie zu Saisonbeginn zu seinem ersten Bundesligaspiel \u00fcberhaupt. Und mit einem linken Au\u00dfenverteidiger, der vom Trainer ausgemustert wurde, aber einfach nicht abmustern will. Dass genau dieser Spieler sich vor dem Tor suboptimal angestellt hat, wird seine Position in Frankfurt nicht verbessert haben.<\/p>\n<p><strong>Warum habt ihr so wenig nach vorne getan?<\/strong><br \/>\nDas frage ich mich auch. Ich versuche eine Antwort: Dass die Mannschaft so tief stand, war unserer 3. Wahl-Innenverteidigung geschuldet, der man mit der vielbeschworenen \u201eKompaktheit\u201c etwas Unterst\u00fctzung verschaffen wollte. Nur ist dann der Weg zum gegnerischen Tor weit und die Anspielm\u00f6glichkeiten jenseits der eigenen H\u00e4lfte rar. Neben den schw\u00e4cheren Leistungen von Altintop, K\u00f6hler und Ochs hat mit Schwegler der Elf aber auch ihr Spiritus Rector gefehlt. Schwegler kann die Eintracht offensichtlich so wenig ersetzen wie Chris.<\/p>\n<p><strong>Habt ihr nun die erste Krise?<\/strong><br \/>\nNein. Wie kommst du darauf? Wir haben aus den ersten beiden Partien der R\u00fcckrunde nicht weniger Punkte geholt als in der Vorrunde. :-)<\/p>\n<p><strong>Zur Saison<br \/>\nWie zufrieden bist du mit der bisherigen Leistung deiner Eintracht in dieser Saison?<\/strong><br \/>\nMit Leistung und Punkteausbeute hat die Eintracht meine Erwartungen erf\u00fcllt, nicht aber meine Hoffnungen.<\/p>\n<p><strong>Wo landet ihr denn nun? Mittelma\u00df? Abstieg? Champions League?<\/strong><br \/>\nEin einstelliger Tabellenplatz ist f\u00fcr Eintracht Frankfurt im 21. Jahrhundert weiterhin ein Erfolg. Der soll und wird es werden.<\/p>\n<p><strong>Was ist denn mit Halil Altintop los? Der scheint ja sehr unbeliebt zu sein bei euch. Woran liegt das?<br \/>\n<\/strong><br \/>\nHalil Altintops Leistungen in dieser Saison stellen kaum jemanden zufrieden, ihn selbst auch nicht. Am Willen und am K\u00f6nnen liegt es nicht, eher an den Positionen, die er spielen muss. Aus meiner Sicht ist er bei einer leider wachsenden Anzahl von Zuschauern in eine Rolle hinein gerutscht, die zuvor Spielern wie Rehmer, Huggel, Meier, K\u00f6hler und Teber zugewiesen wurde: Einen braucht der Mensch zum Treten, singt Konstantin Wecker. Und auch wenn Fu\u00dfballfans keine Verbrecher sind, bessere Menschen sind sie auch nicht.  <\/p>\n<p><strong>Michael Skibbe. Bleibt f\u00fcr mich immer der Assistenztrainer von Rudi V\u00f6ller. Sag mir warum mich mein Eindruck t\u00e4uscht.<br \/>\n<\/strong><br \/>\nWeil V\u00f6ller im besten Fall der Assistenztrainer von Skibbe war. ;-)<\/p>\n<p><strong>Zum HSV<br \/>\nUnser Trainer wirkt sehr distanziert, wirkt so, als wenn er blo\u00df seine Dienstleistung erbringt. Was ist dein Eindruck von Armin Veh aus der Distanz?<\/strong><br \/>\nSpr\u00f6de Menschen haben es nicht leicht, schon gar nicht, wenn sie einem Licht der \u00d6ffentlichkeit stehen, das ihre eigentliche Arbeit und die fachliche Kompetenz dahinter zugunsten oberfl\u00e4chlicher Berichte und Betrachtungen weitgehend ausblendet. Ich halte Veh f\u00fcr einen ausgewiesenen Fachmann, so wie Skibbe. Und ich halte den HSV, der mir \u2013 wie du wei\u00dft \u2013 schon aus famili\u00e4ren Gr\u00fcnden viel n\u00e4her steht als andere Bundesligamannschaften, mittlerweile f\u00fcr einen Verein, der sich bei Gelegenheit mal einen Trainer backen oder alternativ fragen sollte, welche seiner Probleme er mit den  Trainerwechseln der Vergangenheit gel\u00f6st hat. :-)<\/p>\n<p><strong>Um das Thema Matthias Sammer kommen wir nicht rum. Bekommst du davon was mit? Wie ist deine Meinung zu dem Theater?<br \/>\n<\/strong><br \/>\nIch bin \u2013 wie du auch an der n\u00e4chtlichen Zeit erkennen kannst, zu der ich meine Antworten verfasse \u2013 aktuell beruflich sehr eingespannt und habe nur wegen des Spiels heute mitbekommen, das er nicht zum HSV wechseln wird. Und nat\u00fcrlich bekommt der HSV nun seine Ank\u00fcndigung vorgehalten. Was soll\u2019s? Das kostet euch keine Punkte.<\/p>\n<p>Allgemein wird mir bei Bundesligavereinen allerdings immer noch zu personenbezogen gedacht und zu wenig konzeptionell. Sammer war ein au\u00dfergew\u00f6hnlicher Fu\u00dfballer und ein anfangs erfolgreicher Trainer, aber ob er f\u00fcr den HSV als Sportdirektor ein Gewinn gewesen w\u00e4re? Ich habe meine Zweifel und die bleiben bestehen: Er wird den Nachweis, dass er in der Bundesliga auf dieser Position bestehen kann, ja nun nicht antreten. Au\u00dferdem ist Sammer zwar ein kritischer Geist, doch wer wei\u00df, wie schnell er einigen beim HSV statt \u201egenehm\u201c pl\u00f6tzlich \u201eunbequem\u201c geworden w\u00e4re? :-)<br \/>\nGl\u00fcckwunsch zum verdienten Sieg mit Gru\u00df vom Kid<\/p>\n<h2>Was war sonst noch?<\/h2>\n<p>Tja, das Thema am Freitag und am Wochenende war nicht unser verdienter Sieg, sondern das Theater um und mit Matthias Sammer. Er kommt nicht. <\/p>\n<p>Ich bin sogar froh dar\u00fcber, zu den 2 &#8211; 2,5 Mio. Euro Gehalt w\u00e4ren gef\u00fchlt 48 neue Mitarbeiter (Stevic, Freund, B\u00f6ger, habe ich jemanden vergessen?) zum HSV gekommen, so konnte man in den Medien lesen. Ich hatte von Anfang an kein gutes Gef\u00fchl bei dem Thema und f\u00fchle mich nun best\u00e4tigt. <\/p>\n<p>Ich finde es aber unter aller Sau, wie jetzt aus den eigene Reihen gegen unseren Aufsichtsrat geschossen wird. Was hat der den tats\u00e4chlich falsch gemacht?<br \/>\nAm Dienstag gab es <a href=\"http:\/\/www.hsv.de\/verein\/meldungen\/verein\/januar-2011\/rieckhoff-neuer-vorsitzender-des-ar-sammer-soll-angebot-erhalten\/\" target=\"_blank\">folgendes Statement<\/a> zu lesen:<\/p>\n<blockquote><p>&#8230; Der HSV-Aufsichtsrat ist sich bewusst, dass Matthias Sammer noch beim DFB unter Vertrag steht. Sollte es eine M\u00f6glichkeit geben, in gegenseitigem Respekt und Einverst\u00e4ndnis eine vorzeitige Freigabe von Matthias Sammer beim DFB zu erwirken, hat der HSV-Aufsichtsrat einstimmig beschlossen, Herrn Sammer ein Angebot als neuer Sportchef zu unterbreiten. Wir sind von seiner konzeptionellen St\u00e4rke, der sportlichen Vision und seiner Leidenschaft im und f\u00fcr den modernen Fu\u00dfball voll \u00fcberzeugt&#8230;<\/p><\/blockquote>\n<p> so Alexander Otto.<\/p>\n<p>Wo ist also ein Ultimatum vom HSV? Dort sitzen viele Hamburger Kaufleute, die bei solchen Dingen eher konservativ sind. Wenn also solch eine Aussage get\u00e4tigt wird, dann m\u00fcssen meiner Meinung nach die Verhandlungen mit Matthias Sammer weit fortgeschritten sein. Es soll sogar Gespr\u00e4che mit Bernd Hoffmann (der ja f\u00fcr die Einstellungen von Mitarbeitern im operativen Bereich zust\u00e4ndig ist!) und Leuten aus dem potentiellem Stab von Matthias Sammer stattgefunden haben. Das waren also nicht nur lockere Vorgespr\u00e4che, da ging es um Details!<\/p>\n<p>Klar, man kann dieses Angebot auch nicht \u00f6ffentlich unterbreiten nur wissen wir alle, da\u00df bei 12 Mitgliedern im Aufsichtsrat und brodelnder Ger\u00fcchtek\u00fcche irgendwas an die Presse durchgesickert w\u00e4re. Und dann w\u00e4re das Geschrei wieder gro\u00df geworden, weil etwas still und heimlich, an den Mitgliedern vorbei, verhandelt worden ist. Ich sehe hier wirklich keinen Fehler beim Aufsichtsrat.<\/p>\n<p>Es mischte sich dann der derzeitige Arbeitgeber ein und forderte eine Entscheidung von Matthias Sammer. Wenn also hier einer Termindruck aufgebaut hat, dann doch der DFB, oder irre ich mich?<\/p>\n<p>Am Freitag dann also die Absage. Wie oben geschriebe, ich bin dar\u00fcber nicht ungl\u00fccklich. Es \u00fcberschlugen sich dann nat\u00fcrlich die Meldungen in den Medien, wie d\u00e4mlich sich der HSV mal wieder angestellt hat. Ich finde das hat er nicht! <\/p>\n<p>Am Sonntag habe ich mir dann beide Parteien angeh\u00f6rt: Ernst-Otto Rieckhoff im Doppelpa\u00df und Matthias Sammer bei sky90.<\/p>\n<p>Vorab: Ich finde es gut, da\u00df beide nicht nachkartern oder schmutzige W\u00e4sche waschen. Danke daf\u00fcr.<\/p>\n<p>Unser AR Vorsitzende sieht auch keinen Fehler in seinem Handeln. Am Dienstag wurde einvernehmlich mit Matthias Sammer festgestellt, da\u00df man gut zusammen pa\u00dft. In Abstimmung mit seinem Berater wurde dann beschlossen, da\u00df aggressiver in die \u00d6ffentlichkeit gegegangen werden soll, deswegen wurde das Angebot \u00f6ffentlich bekannt gegeben. Die Schwierigkeit mit seiner in M\u00fcnchen lebenden Familie wurden respektiert, aber es war Matthias Sammer, der sagt, da\u00df diese Schwierigkeiten l\u00f6sbar sind. Der HSV sollte auch nicht an den DFB herantreten, sondern das wolle er selbst tun.<\/p>\n<p>Matthias Sammer hatt dann die M\u00f6glichkeit seine Sicht darzustellen. Ich habe versucht mitzuschreiben, aber er hat seine am Anfang get\u00e4tigten Aussagen am Ende dann selbst widerlegt. Es bleibt bei mir h\u00e4ngen: Familie (Abistre\u00df, Fu\u00dfball bei der Jungend des FCB), Arbeitgeber (Vertrag beim DFB bis 2013), Lebensentscheidung (solch ein neuer Vertrag ist ein einschneidender Schnitt ins Leben) und \u00fcberhaupt. Wenn ich was vergessen habe, dann schreibt es in die Kommentare.<\/p>\n<p>OK, ok, ok. Ich verstehe, da\u00df man solch eine Entscheidung nicht \u00fcbers Knie bricht, aber mit der Familie spreche ich doch schon vorher dr\u00fcber und mache mir Gedanken, wenn ich mich beruflich ver\u00e4ndern will. Das Vertragsangebot war ja mit ihm ausgehandelt, es ging schon um Personalien und Details, sowas wird nicht an einem Tag gemacht! Und der Flug nach Frankfurt dauert nicht l\u00e4nger als nach Hamburg!<\/p>\n<p>Der jetzige Arbeitgeber will nat\u00fcrlich wissen, wie sein Mitarbeiter zu ihm steht. Klar. Aber wir wollten doch keine Entscheidung am Freitag herbeirufen, warum wollte das der DFB denn? Man h\u00e4tte doch noch weiter verhandeln k\u00f6nnen, eine \u00dcbergabe durchf\u00fchren und im Sommer f\u00e4ngt er dann bei uns an. Und sein st\u00e4ndiges &#8222;Mein Pr\u00e4sident&#8220;, &#8222;Mein Generalsekret\u00e4r&#8220; (die Mauer steht nicht mehr, oder?) machte deutlich, da\u00df er \u00fcberhaupt nicht wechseln wollte.<\/p>\n<p>Alles im Allen war es eine kl\u00e4gliche Vorstellung, mit dem Laufe der Sendung wurde seine Argumentation immer schwammiger und er widersprach sich. Meiner Meinung nach war das ein sehr schwacher Auftritt, ich konnte seine Argumente nicht nachvollziehen, weil vieles vorher schon klar gewesen sein m\u00fc\u00dfte!<\/p>\n<p>Der Verlierer dieses ganzen Theaters? Bastian Reinhardt. Wieder einmal stand seine Position zur Debatte, wiedermal wurde ihm \u00f6ffentlich vorgesetzt, da\u00df er eigentlich nicht unbedingt der Richtige ist. Er hat nun die volle Unterst\u00fctzung vom AR gefordert und will sich \u00fcberlegen wie es weiter geht. Das kann ich gut verstehen.<\/p>\n<p>Fazit: Sammer kommt nicht, da\u00df finde ich gut. Der Aufsichtsrat hat keine Fehler gemacht, es wurde klar ge\u00e4u\u00dfert, was Sache ist und niemand wurde zu irgendwas gezwungen. <\/p>\n<p>Die R\u00fcckrunde hat mit viel Theater und 6 Punkten begonnen. Vielleicht sollten wir noch ein Fa\u00df aufmachen, damit es immer mehr Punkte werden? Die Mannschaft scheint es ja nicht zu st\u00f6ren&#8230;<\/p>\n<h2>Leihspielercheck<\/h2>\n<p>Hier ein kurzer Blick auf die verliehenen Spieler. Alex Silva lasse ich aussen vor, der kommt eh nie wieder. Ich vergebe eine Spielpraxisnote (SPN).<\/p>\n<p><em><a href=\"http:\/\/www.fussballdaten.de\/spieler\/bergmarcus\/2011\/\" target=\"_blank\">Marcus Berg<\/a> &#8211; PSV Eindhoven<\/em><br \/>\n46 Minuten gespielt. SPN 4.<br \/>\n<em><a href=\"http:\/\/www.fussballdaten.de\/spieler\/arslantolgayali\/2011\/\" target=\"_blank\">Tolgay Ali Arslan<\/a> &#8211; Alemania Aachen<\/em><br \/>\n81 Minuten, ein Tor geschossen, SPN 2 mit Sternchen.<br \/>\n<em><a href=\"http:\/\/www.fussballdaten.de\/spieler\/beister\/2011\/\" target=\"_blank\">Maxi Beister<\/a> &#8211; Fortuna D\u00fcsseldorf<\/em><br \/>\nNicht im Kader (lt. kicker) SPN 6<br \/>\n<em><a href=\"http:\/\/www.fussballdaten.de\/spieler\/schulzkaifabian\/2011\/\" target=\"_blank\">Kai-Fabian Schulz<\/a> &#8211; FSV Frankfurt II<\/em><br \/>\nDie Saison l\u00e4uft noch nicht und in der ersten Mannschaft ist er nicht.<br \/>\n<em><a href=\"http:\/\/www.fussballdaten.de\/spieler\/chrisantusmacauley\/2011\/\" target=\"_blank\">Macauly Chrisantus<\/a> &#8211; KSC<\/em><br \/>\nNicht im Kader. SPN 6.<br \/>\n<em><a href=\"http:\/\/www.fussballdaten.de\/spieler\/bertramsoeren\/2011\/\" target=\"_blank\">S\u00f6ren Bertram<\/a> &#8211;  FC Augsburg<\/em><br \/>\n32 Minuten gespielt, SPN 3.<br \/>\n<em><a href=\"http:\/\/www.fussballdaten.de\/spieler\/tavaresmickael\/2011\/\" target=\"_blank\">Mikael Tavares<\/a> &#8211; Middlesbrough FC<\/em><br \/>\nNicht im Kader. SPN 6.<br \/>\n<em><a href=\"http:\/\/www.fussballdaten.de\/spieler\/heslwolfgang\/2011\/\" target=\"_blank\">Wolfgang Hesl<\/a> &#8211; SV Ried<\/em><br \/>\nWinterpause.<br \/>\n<em><a href=\"http:\/\/fussballdaten.de\/spieler\/rozehnaldavid\/2011\/\" target=\"_blank\">David Rozehnal<\/a> &#8211; OSC Lille<\/em><br \/>\nSa\u00df nur auf der Bank. SPN 6.<\/p>\n<h2>Die anderen<\/h2>\n<p><em>FCB-FCK<\/em> Klarer Sieg. Schade, eine Niederlage w\u00e4re f\u00fcr uns besser gewesen.<br \/>\n<em>BVB-VfB<\/em> Hui, mal kein Sieg der Borussen? Krise oder was&#8230;<br \/>\n<em>M05-WOB<\/em> 3 wichtige Punkte im Abstiegskampf. F\u00fcr Wolfsburg.<br \/>\n<em>SCF-FCN<\/em> Der Glubb. Am n\u00e4chsten Spieltag bin ich dann mal gegen den Glubb!<br \/>\n<em>H96-S04<\/em> Wenn die Hannoveraner nicht kontern k\u00f6nnen, dann tun sie sich schwer. Gut f\u00fcr uns!<br \/>\n<em>EFZ-wer da?<\/em> Gnihihi. Das war mal ne Leistungsverweigerung. Weiter so!<br \/>\n<em>MGL-B04<\/em> Ballack wieder dabei. Hat trotzdem nicht geholfen. F\u00fcr Gladbach. Bayer bleibt oben dran.<br \/>\n<em>9,21-St. Adtteilverein<\/em><br \/>\nF\u00fcr das Ergebnis musste niemand bestochen werden. Oder doch? <\/p>\n<p>In diesem Sinne: <strong>Nur der HSV!<\/strong><\/p>\n<p style=\"font-size: x-small\">Verabschiedet haben wir uns von der Mannschft mit einem lauten &#8222;Wir woll&#8217;n den Derbysieg, wir woll&#8217;n den Derbysieg, wir woll&#8217;n, wir woll&#8217;n, wir woll&#8217;n den Derbysieg! Die Mannschaft mu\u00df das geh\u00f6rt haben, ich hoffe so ein Spiel wie in der Hinserie bekommen wir nicht zu sehen!<\/p>\n","protected":false},"excerpt":{"rendered":"<p>oder: Die Serie geht weiter Mein Wort Meine Worte zum Spiel: Wichtig ist aufm Platz! Wie war&#8217;s? So ein bi\u00dfchen wie in der Hinrunde: Keine gute Leistung, aber gewonnen, nicht spielerisch \u00fcberzeugt, aber die drei Punkte mitgenommen. Frankfurt stand erwartungsgem\u00e4\u00df tief in der eigenen H\u00e4lfte und wollte Gekas bei Kontern in Szene setzen. Das funktionierte [&hellip;]<\/p>\n","protected":false},"author":2,"featured_media":0,"comment_status":"open","ping_status":"open","sticky":false,"template":"","format":"standard","meta":{"footnotes":""},"categories":[23,4],"tags":[120,126,160,642,639,246,51,121,149],"class_list":["post-3245","post","type-post","status-publish","format-standard","hentry","category-bundesliga","category-hsv","tag-aufsichtsrat","tag-bastian-reinhardt","tag-bernd-hoffmann","tag-bundesliga","tag-hsv","tag-matthias-sammer","tag-mladen-petric","tag-saison-20102011","tag-vorstand"],"_links":{"self":[{"href":"http:\/\/www.nedsblog.de\/index.php?rest_route=\/wp\/v2\/posts\/3245","targetHints":{"allow":["GET"]}}],"collection":[{"href":"http:\/\/www.nedsblog.de\/index.php?rest_route=\/wp\/v2\/posts"}],"about":[{"href":"http:\/\/www.nedsblog.de\/index.php?rest_route=\/wp\/v2\/types\/post"}],"author":[{"embeddable":true,"href":"http:\/\/www.nedsblog.de\/index.php?rest_route=\/wp\/v2\/users\/2"}],"replies":[{"embeddable":true,"href":"http:\/\/www.nedsblog.de\/index.php?rest_route=%2Fwp%2Fv2%2Fcomments&post=3245"}],"version-history":[{"count":18,"href":"http:\/\/www.nedsblog.de\/index.php?rest_route=\/wp\/v2\/posts\/3245\/revisions"}],"predecessor-version":[{"id":3264,"href":"http:\/\/www.nedsblog.de\/index.php?rest_route=\/wp\/v2\/posts\/3245\/revisions\/3264"}],"wp:attachment":[{"href":"http:\/\/www.nedsblog.de\/index.php?rest_route=%2Fwp%2Fv2%2Fmedia&parent=3245"}],"wp:term":[{"taxonomy":"category","embeddable":true,"href":"http:\/\/www.nedsblog.de\/index.php?rest_route=%2Fwp%2Fv2%2Fcategories&post=3245"},{"taxonomy":"post_tag","embeddable":true,"href":"http:\/\/www.nedsblog.de\/index.php?rest_route=%2Fwp%2Fv2%2Ftags&post=3245"}],"curies":[{"name":"wp","href":"https:\/\/api.w.org\/{rel}","templated":true}]}}