{"id":3283,"date":"2011-02-03T09:00:48","date_gmt":"2011-02-03T08:00:48","guid":{"rendered":"http:\/\/www.nedsblog.de\/?p=3283"},"modified":"2011-02-03T00:18:09","modified_gmt":"2011-02-02T23:18:09","slug":"derbytime-2","status":"publish","type":"post","link":"http:\/\/www.nedsblog.de\/?p=3283","title":{"rendered":"Derbytime"},"content":{"rendered":"<p>Damals, am 14.03.1997 war ich im Volksparkstadion. Als Richard Golz dieser Fehler unterlief:<br \/>\n<iframe loading=\"lazy\" title=\"YouTube video player\" class=\"youtube-player\" type=\"text\/html\" width=\"480\" height=\"390\" src=\"http:\/\/www.youtube.com\/embed\/HPG3cNYCi74\" frameborder=\"0\" allowFullScreen><\/iframe><br \/>\n<\/br><br \/>\n<\/br><br \/>\nMagath war noch Trainer, unsere Mannschaft war gespickt mit Stars, wie Stefan Schnoor, J\u00fcrgen Hartmann, Andr\u00e9 Breitenreiter und Mitl\u00e4ufern wie Rodolfo Cardoso, Valdas Ivanauskas und Hasan Salihamidzic&#8230;<\/p>\n<p>Das ist das letzte Derby an das ich mich erinnere, ich war danach bestimmt auch mal wieder gegen St. Adtteilverein im Stadion, aber an die Spiele erinnere ich mich nicht. Ich wei\u00df noch, wie ich auf dem Weg zum Stellinger Bahnhof mit meinem damaligen Dauerkartenkumpel auf Richard Golz schimpfte und diesen d\u00e4mlichen Fehler verteufelte&#8230; <\/p>\n<p>Damals. Ich glaube ich bin von einigen Fans des anderen Vereins bep\u00f6belt worden oder war es H\u00e4me, ich wei\u00df es nicht mehr&#8230;<\/p>\n<p>Heute darf man das ja alles nicht mehr. Man wird gleich von vielen Seiten angegangen, da\u00df man doch lieb und nett sein soll. Blo\u00df nicht schimpfen und p\u00f6beln.<\/p>\n<p>Ich frag mich warum? F\u00fcr mich ist das Spiel am Sonntag kein Spiel, in dem es nur um drei Punkte geht. Es geht um die Stadtmeisterschaft. Darum, wer die Nummer eins in der Stadt ist. Es geht gegen den von mir ungeliebten St. Adtteilverein. Das ist f\u00fcr mich etwas besonderes. Ein Sieg schmeckt viel besser als gegen Wolfsburg, Hoppenheim oder Mainz. Selbst ein Sieg gegen die Bayern oder gar gegen wer da? schmeckt nur halb so gut wie einer am Sonntag. Eine Niederlage oder gar ein Unentschieden f\u00fchlen sich dann noch schlimmer an. Die H\u00e4me der Spott der Arbeitskollegen, die dem anderen Verein anh\u00e4ngen, w\u00e4re mir sicher.<\/p>\n<p>Nun steht das Spiel am Sonntag an. Endlich wieder Derby. Gefreut h\u00e4tte ich mich, wenn es ausschlie\u00dflich im DFB Pokal stattfinden w\u00fcrde, aber der Aufstieg aus der zweiten in die erste Liga konnten wir leider nicht verhindern. Ich habe mein Bestes getan, war bei dem <a href=\"http:\/\/www.nedsblog.de\/?p=2149\" target=\"_blank\">Heimsieg von Union Berlin<\/a> im Stadion &#8222;An der alten F\u00f6rsterei&#8220;. Zum Ausw\u00e4rtsspiel durfte ich dann auch nicht, weil St. Adtteilverein in einer kleinen Pappschachtel spielt und die wenigen Ausw\u00e4rtstickets sofort weg waren und ich leider leer ausgegangen bin.<\/p>\n<p>In meinem Stadion habe ich aber eine Dauerkarte, also werde ich endlich wieder ein Derby live miterleben. Ich freu mich richtig drauf, bin allerdings ob der Leistung der Jungs am Samstag gegen den Glubb etwas angespannt, weil ich einfach nicht wei\u00df, ob die Spieler auf dem Platz wissen, was uns Fans dieses Spiel bedeutet. Noch so ein lebloser Auftritt und die es wird ungem\u00fctlich werden. Die Berichterstattung auf HSV.de deutet aber darauf hin, da\u00df der Trainer und der Sportchef den Jungs schon die Wichtigkeit des Spiels verdeutlichen. <\/p>\n<p>Aprospos Berichterstattung. Erinnert ihr euch, welch ein Aufschrei es gab, als wir zum Derbymarsch aufgerufen haben? Das klingt doch so milit\u00e4risch, war ein Aufruf zu Krawall und Gewalt. Auch in den Medien wurde auf uns rumgepr\u00fcgelt. Da\u00df dann einige Idioten sich daneben benommen haben war nat\u00fcrlich ein gefundenen Fressen.<br \/>\nWas aber durfte ich bei den USP (sind die Ultras St. Adtteilverein, ich frage mich, wof\u00fcr das P steht? Peinlich? Pr\u00fcde? Puristisch? keine Ahnung) lesen? Es wird zum Derbymarsch aufgerufen. Konnte ich das bisher irgendwo in den Medien lesen? Nein! Warum auch, die Guten marschieren ja und rufen zur Gewaltlosigkeit auf (haben wir damals auch!), nicht die Assis von der M\u00fcllverbrennungsanlage.<br \/>\n*Schulter-zuck* Ich verstehe das nicht&#8230; Warum ist das jetzt was anderes? Hm, keine Ahnung. Erkl\u00e4rt mir das jemand?<\/p>\n<p>Naja, egal. Die sollen marschieren wie sie wollen, ich werde wie immer \u00fcber Eidelstedt anreisen, mein Wegbier trinken, Eingang Nord nehmen, ein Seemannsgarn kaufen und vielleicht sogar eine Stadionwurst essen. Das Franzbr\u00f6tchen von <a href=\"http:\/\/www.pleitegeiger.de\/archives\/5266\" target=\"_blank\">Pleitegeiger<\/a> wird diesmal in der Halbzeit gegessen und ganz sicher ohne Rosinen sein! Aber vor allem werde ich Schreien, den Gegner beschimpfen, h\u00fcpfen, den Gegner beschimpfen, klatschen, den Gegner beschimpfen, singen, den Gegner beschimpfen, und den Gegner beschimpfen. Habe ich was vergessen? Achja: den Gegner beschimpfen. Gegen wer da? macht es schon Spa\u00df Wiese zu verunglimpfen (was ja ausf\u00e4llt, weil Kung-Fu-Gel-Locke diesmal f\u00fcr sein Foul gesperrt wurde) und gegen Bayern habe ich selten die M\u00f6glichkeit Daniel &#8222;ich habe ein Schuhband im Haar&#8220; vanBrechen zu beschimpfen weil er nicht spielt, aber gegen St. Adtteilverein ist es was besonderes. Es ist eben ein Stadtderby. Es geht gegen den Club der Gutmenschen, der &#8222;besonderen&#8220;. Wir, die Assis von der M\u00fcllverbrennungsanlage, sind das alles nicht. Gut so!<\/p>\n<p>Ich freue mich echt auf das Spiel, es ist was besonderes, was ich auf keinen Fall verpassen will. Am Freitag habe ich einen Tag Urlaub, wenn der HSV nicht geheim trainiert, werde ich zum Training gehen um den Jungs deutlich zu machen, was ich am Sonntag verlange: <\/p>\n<h3>D!E!R!B!Y!S!I!E!G!<\/h3>\n<p>In diesem Sinne: <strong>Nur der HSV!<\/strong><\/p>\n","protected":false},"excerpt":{"rendered":"<p>Damals, am 14.03.1997 war ich im Volksparkstadion. Als Richard Golz dieser Fehler unterlief: Magath war noch Trainer, unsere Mannschaft war gespickt mit Stars, wie Stefan Schnoor, J\u00fcrgen Hartmann, Andr\u00e9 Breitenreiter und Mitl\u00e4ufern wie Rodolfo Cardoso, Valdas Ivanauskas und Hasan Salihamidzic&#8230; Das ist das letzte Derby an das ich mich erinnere, ich war danach bestimmt auch [&hellip;]<\/p>\n","protected":false},"author":2,"featured_media":0,"comment_status":"open","ping_status":"open","sticky":false,"template":"","format":"standard","meta":{"footnotes":""},"categories":[4],"tags":[642,208,639,121,191],"class_list":["post-3283","post","type-post","status-publish","format-standard","hentry","category-hsv","tag-bundesliga","tag-derby","tag-hsv","tag-saison-20102011","tag-st-adtteilverein"],"_links":{"self":[{"href":"http:\/\/www.nedsblog.de\/index.php?rest_route=\/wp\/v2\/posts\/3283","targetHints":{"allow":["GET"]}}],"collection":[{"href":"http:\/\/www.nedsblog.de\/index.php?rest_route=\/wp\/v2\/posts"}],"about":[{"href":"http:\/\/www.nedsblog.de\/index.php?rest_route=\/wp\/v2\/types\/post"}],"author":[{"embeddable":true,"href":"http:\/\/www.nedsblog.de\/index.php?rest_route=\/wp\/v2\/users\/2"}],"replies":[{"embeddable":true,"href":"http:\/\/www.nedsblog.de\/index.php?rest_route=%2Fwp%2Fv2%2Fcomments&post=3283"}],"version-history":[{"count":10,"href":"http:\/\/www.nedsblog.de\/index.php?rest_route=\/wp\/v2\/posts\/3283\/revisions"}],"predecessor-version":[{"id":3293,"href":"http:\/\/www.nedsblog.de\/index.php?rest_route=\/wp\/v2\/posts\/3283\/revisions\/3293"}],"wp:attachment":[{"href":"http:\/\/www.nedsblog.de\/index.php?rest_route=%2Fwp%2Fv2%2Fmedia&parent=3283"}],"wp:term":[{"taxonomy":"category","embeddable":true,"href":"http:\/\/www.nedsblog.de\/index.php?rest_route=%2Fwp%2Fv2%2Fcategories&post=3283"},{"taxonomy":"post_tag","embeddable":true,"href":"http:\/\/www.nedsblog.de\/index.php?rest_route=%2Fwp%2Fv2%2Ftags&post=3283"}],"curies":[{"name":"wp","href":"https:\/\/api.w.org\/{rel}","templated":true}]}}