{"id":3421,"date":"2011-03-11T18:30:47","date_gmt":"2011-03-11T17:30:47","guid":{"rendered":"http:\/\/www.nedsblog.de\/?p=3421"},"modified":"2011-03-11T16:52:58","modified_gmt":"2011-03-11T15:52:58","slug":"nord-sud-gipfel","status":"publish","type":"post","link":"http:\/\/www.nedsblog.de\/?p=3421","title":{"rendered":"Nord-S\u00fcd Gipfel"},"content":{"rendered":"<p>Vor dem Spiel gegen den FC Bayern M\u00fcnchen habe ich den <a href=\"http:\/\/twitter.com\/#!\/stadtneurotikr\" target=\"_blank\">stadtneurotikr<\/a> und den <a href=\"http:\/\/twitter.com\/#!\/baziblogger\" target\"_blank\">baziblogger<\/a> gebeten, mir Fragen zum Spiel und Verein zu beantworten. Beide haben dies ausf\u00fchrlich getan, vielen Dank noch mal!<\/p>\n<p>Die Antworten vom <a href=\"http:\/\/www.stadtneurotiker.org\/\" target=\"_blank\">stadtneurotiker<\/a> sind in <font color=\"black\">schwarz<\/font>, die vom <a href=\"http:\/\/www.baziblogger.de\/\" target=\"_blank\">baziblogger<\/a> sind in <font color=\"blue\">blau<\/font>.<\/p>\n<p>Viel Spa\u00df beim lesen!<\/p>\n<p><em>Am Samstag ist dann tats\u00e4chlich ein Fu\u00dfballspiel zwischen dem HSV und dem FCB. In wie weit habt ihr die Entwicklungen der letzten Tage verarbeitet? K\u00f6nnt ihr schon wieder an Fu\u00dfball denken?<\/em><\/p>\n<p><font color=\"black\">Es ist ganz gut, da\u00df zur Abwechslung auch mal wieder gespielt wird. In der langen Sommerpause brauchen wir doch auch noch Gespr\u00e4chsstoff&#8230;<\/font><\/p>\n<p><font color=\"blue\">Klar, darum geht es letztendlich und das Sportliche sollte immer im Vordergrund stehen. Zwar k\u00f6nnte man bef\u00fcrchten, dass die Spieler jetzt nicht f\u00fcr den Verein und sich selbst, sondern haupts\u00e4chlich gegen den geschassten Trainer spielen, aber daf\u00fcr geht es um zu viel. Die Bayern wollen sicherlich, unabh\u00e4ngig allen Rummels, mal wieder ein Spiel gewinnen und das letzte F\u00fcnkchen Hoffnung auf die Champions League nicht so fr\u00fch schon begraben. Und der HSV sieht sich am Ende der Saison auch lieber vor dem FC N\u00fcrnberg und vielleicht sogar \u00fcber dem Tabellenstrich, der am Ende die Europa League bedeutet.<\/font><\/p>\n<p><em>Louis van Gaal geht also. Was haltet ihr von der Entscheidung eures Vorstandes?<\/em><\/p>\n<p><font color=\"black\">Sie hat sich ja sp\u00e4testens seit dem Hoene\u00df-Auftritt bei sky90 im vergangenen Herbst abgezeichnet. Es macht die Entscheidung nicht besser. Der Verein wirft die Chance, sich konzeptionell endlich einmal aufzustellen, leichtfertig weg. Der streitbare Holl\u00e4nder hat Fehler gemacht, aber die von ihm ges\u00e4ten Gladiolen werden mutwillig niedergetrampelt, ohne da\u00df man Alternativen hat.<br \/>\nSeit Udo Lattek 1987 haben nur zwei Trainer ihre Vertr\u00e4ge erf\u00fcllen d\u00fcrfen: Giovanni Trapattoni (1995) und Ottmar Hitzfeld in seiner zweiten Amtszeit. Alle anderen, Jupp Heynckes, S\u00f8ren Lerby, Erich Ribbeck, Otto Rehhagel, Giovanni Trapattoni, Ottmar Hitzfeld, Felix Magath und J\u00fcrgen Klinsmann, mussten vorzeitig gehen.<\/font><\/p>\n<p><font color=\"blue\">Ich bin seit Wochen auf der Suche nach einer klaren Meinung zu der Frage. Zum einen habe ich den Trainer im eigenen Blog selbst infrage gestellt, zum anderen kann es der FC Bayern in der Trainerfrage nicht so viel besser treffen, als mit Louis van Gaal. Wenn es l\u00e4uft. Und genau das war zuletzt einfach nicht der Fall. Wenn Robben und Ribery aus dem Spiel genommen werden, was im Moment gef\u00fchlt die ganze Liga beherrscht, dann geht nicht viel zusammen. Wo ist hier die Alternative im Herausspielen von Chancen, wenn es \u00fcber die Fl\u00fcgelzange nicht geht? Wo ist ein Anf\u00fchrer, der seine Kollegen ins Gebet nimmt und antreibt? Der fehlt seit van Bommel, was vor allem in schwierigen Phasen nun deutlich wird. Und Philipp Lahm, unser PR-Kapit\u00e4n, ist das ganz bestimmt nicht. Auch Schweinsteiger versteckt sich in der Sache.<br \/>\nWie man h\u00f6rt, h\u00e4tte sich Hoene\u00df ja gern unmittelbar von Louis van Gaal getrennt. Dies scheiterte an der fehlenden Alternative. Hitzfeld wurde ernsthaft in Betracht gezogen, auch Co-Trainer Andries Jonker spielte in den Gedanken eine Rolle, wie berichtet wurde. Beide winkten ab, es folgte die Vertragsaufl\u00f6sung zum Saisonende, weil es unterm Strich im Moment ja doch keiner besser machen kann. Ein Eingest\u00e4ndnis, auf Vorstandsebene nicht alles zu 100% richtig gemacht zu haben.<\/font><\/p>\n<p><em>Christian Nerlinger ist (aus meiner entfernten Sicht aus Hamburg) untergetaucht. Er wirkt f\u00fcr mich genauso bla\u00df wie Bastian Reinhardt bei uns. Wie seht ihr seine Rolle im Verein? Und bekommt ihr irgendwas davon mit, wie die Rolle von Bastian Reinhardt bei uns ist?<\/em><\/p>\n<p><font color=\"black\">Christian Nerlinger hat ja nicht einmal eine Weltmeisterschaft gespielt, eigentlich die Basisqualifikation, um in der \u00d6ffentlichkeit als Repr\u00e4sentant des FC Bayern anerkannt zu werden. Selbst der Ex-Oppositionelle Paul Breitner hat in der \u00d6ffentlichkeit mehr Gewicht, obwohl wir ihm Flops wie dos Santos und Sosa verdanken.<br \/>\nNerlinger macht nicht den Eindruck, sich gegen\u00fcber den Granden eindeutig positionieren zu k\u00f6nnen. Es ist nicht klar, wof\u00fcr er steht. Tr\u00e4te er entschiedener (er galt als einer seiner F\u00fcrsprecher) auf, h\u00e4tte van Gaal vielleicht bleiben k\u00f6nnen. Vor allem dieses Jahr ist \u00fcber die Rolle des Vasallen nicht hinausgekommen. Der Spitzname Lehrlinger trifft seinen Status ganz gut.<br \/>\nVon Bastian Reinhardt kriege ich nicht viel mit. Eure Aufsichtsr\u00e4te sind weitaus pr\u00e4senter&#8230;<\/font><\/p>\n<p><font color=\"blue\">Christian Nerlinger ist ganz am Anfang seiner Laufbahn. Das soll man ja nicht vergessen. Wenn ich dann aber sehe, dass Nerlinger ein Auftreten an den Tag legt, wie ein Gro\u00dfer, dann denke ich, muss man diesen Welpenschutz, den manche fordern, auf ihn nicht anwenden. Ich sehe noch nicht so viel, was Nerlinger in seiner Rolle erreicht hat.<br \/>\nAber ich kenne ja nicht seine Aufgabengebiete. Wenn er vielleicht im Buchen von Hotels besser ist, als im Verst\u00e4rken des Kaders, bekommt man als Fan ja h\u00f6chstens letzteres mit, was kaum zu Jubelst\u00fcrmen f\u00fchrt. In der Winterpause war man laut Medien am Lauterer Ilicevic dran und an Gervinho vom OSC Lille. Beides scheiterte. Das eine, weil kurzfristig kein Ersatz aufgetrieben werden konnte, das eine an finanziellen Differenzen. Als Bayernfan mit mia-san-mia-Verst\u00e4ndnis denke ich mir schon, dass man Vereine wie Kaiserslautern und Lille verhandlungstechnisch in die Tasche stecken kann. Vielleicht ist Nerlinger das ja nicht ganz geschickt angegangen. Fraglich ist auch, ob wir bei der vorhandenen Abwehr unbedingt Offensivspieler verpflichten m\u00fcssen. Mir war es noch nicht m\u00f6glich, mir eine hohe Meinung von Nerlinger als Sportdirektor zu bilden. Wenn das noch kommt \u2013 mich w\u00fcrde es freuen. Es k\u00e4me dem Verein zu Gute.<br \/>\nBastian Reinhardt ist, wenn ich mich nicht irre, unter sehr ungl\u00fccklichen Umst\u00e4nden an seine Funktion gekommen. War es nicht so, dass man f\u00fcr sein Amt eine viel prominentere L\u00f6sung im Sinn hatte, dies aber dann doch scheiterte, so dass Reinhardt den Notnagel gab? Das schw\u00e4cht die Position von Beginn an. Beim HSV wei\u00df ich um die Aufgabenverteilung nat\u00fcrlich nicht Bescheid, aber die Fu\u00dfballvereine sind heute doch allesamt Unternehmen, in denen es um gewaltig viel Geld geht. Ob einer im Management dann immer so viel taugt, wenn er ein halbes Jahr vorher noch die Fu\u00dfballschuhe schn\u00fcrte, ich habe Zweifel. Ich wei\u00df aber auch nicht, wie Bastian Reinhardt in seiner Rolle im Verein angesehen ist. Er wird vermutlich einer sein, die man schnell ersetzt, wenn man ein Zeichen setzen will oder muss. Besonders stark sehe ich seine Rolle nicht.<\/font><\/p>\n<p><em>Breno, Badstuber, Timostschuk, Lahm, Pranjic und van Buyten. So richtig \u00fcberzeugt bin ich von eurer Abwehr nicht. Wer meint ihr kann Petric und Guerrero stoppen?<\/em><\/p>\n<p><font color=\"black\">Versuchen werden sich wohl Lahm, Tymoshchuk, van Buyten und Badstuber. Wenn Schweinsteiger Rib\u00e9ry, M\u00fcller und Robben wieder mit verbesserter Form spielen, kommen Petric und Guerrero gar nicht erst in den Strafraum&#8230;<\/font><\/p>\n<p><font color=\"blue\">Wer kann von der Abwehr schon \u00fcberzeugt sein? Breno ist gesperrt, Badstuber weit entfernt von dem, was man sich von ihm verspricht. Tymoshchuk spielt immerhin solide, ist aber kein Innenverteidiger und hat daher Fehler im Spiel, die man ihm nicht einmal vorwerfen kann.<br \/>\nDaniel van Buyten hatte seine beste Zeit beim HSV, du wirst dich erinnern. Petric und Guerrero haben zusammen 12 Tore geschossen, ich will hoffen, dass es nicht so viel mehr werden.<\/font><\/p>\n<p><em>Koan Neuer oder do&#8217;a Neuer?<\/em><\/p>\n<p><font color=\"black\">Manuel Neuer geh\u00f6rt im Tor zur absoluten Weltspitze. Es w\u00e4re fast schon t\u00f6richt, \u00fcber ihn nicht nachzudenken. Aber ich bef\u00fcrchte, da\u00df er zu viele interessante Angebote aus der Premier League hat, so da\u00df sich die Frage gar nicht mehr stellen wird.<br \/>\nThomas Kraft mag die Anlagen zu einem hervorragenden Torh\u00fcter haben, steht in M\u00fcnchen aber zu sehr unter st\u00e4ndiger Beobachtung. Da\u00df sein grober Fehler am Samstag nicht weiter vertieft wurde, ist der Causa van Gaal zu verdanken. Die misslungene Inthronisierung von Michael Rensing macht mich skeptisch&#8230;<\/font><\/p>\n<p><font color=\"blue\">Man muss ihn verpflichten. Ich bin auch guter Dinge, dass der Transfer schon beschlossen ist. Es w\u00e4re ein klassischer Prestige-Transfer Marke Uli Hoene\u00df. Und das kann er ja. Wie w\u00fcrde er auch dastehen, wenn er etwas sagt wie, \u201eEr hat uns nie etwas getan, au\u00dfer der beste Torh\u00fcter der Welt zu sein\u201c, wenn er keine Chance h\u00e4tte, ihn zu verpflichten? Auf lange Sicht w\u00e4re man mit Manuel Neuer im Tor optimal besetzt. Und seien wir mal ehrlich, die Statements, die Neuer zuletzt in Sachen Bayernwechsel \u00fcberlieferte, klangen vor einem Jahr noch ganz anders, oder? Ich sehe ein sehr lobenswertes Bem\u00fchen, die Schalker nicht zu ver\u00e4rgern, aber dennoch den n\u00e4chsten Schritt einleiten zu wollen.<\/font><\/p>\n<p><em>Eure Schickeria hat sich mit der &#8222;Koan Neuer&#8220; Aktion deutlich positioniert. Bei uns haben die Chosen Few Hamburg (CFHH) das Spiel gegen die, die da her kommen, wo selbnst die Weser einen Bogen drum macht, boykottiert. Die Ultras sind also auch bei uns daf\u00fcr bekannt, die Fangemeinde zu spalten. Wie steht ihr zu euren Ultras? Ich frage das explizit, weil ich in der Ultrakurve stehe und so gar nicht mit deren Aktion gegen wer da? einverstanden war.<\/em><\/p>\n<p><font color=\"black\">Ich bin zu selten im Stadion, um die diversen Gruppierungen n\u00e4her beurteilen zu k\u00f6nnen. Als Meinungshoheit nehme ich Schickeria allerdings nicht wahr. Und sie wird ruhig sein, wenn der eventuell verpflichtete Manuel Neuer zwei Unhaltbare gehalten und damit sechs Punkte gerettet hat. <\/font><\/p>\n<p><font color=\"blue\">Ich bin und war ehrlich gesagt nie ein regelm\u00e4\u00dfiger Stadiong\u00e4nger. Ostwestfalen und M\u00fcnchen trennt doch ein gutes St\u00fcckchen Deutschland. Und Karten f\u00fcr Ausw\u00e4rtsspiele bekommt man in der Regel ohne weiteres auch nicht. Von daher bekomme ich die Ultrabewegung nur am Rande mit. Mich hat diese \u201eKoan Neuer\u201c-Aktion aber sehr ge\u00e4rgert. Es ist ihr gutes Recht, ihre Meinung zu \u00e4u\u00dfern. Sie unterst\u00fctzen den Verein bei jedem Spiel und jeder darf seine Meinung kundtun. Die Politik macht aber trotzdem der Vorstand. Man l\u00e4sst bei Neuer v\u00f6llig au\u00dfer Acht, dass man mit ihm einen gewaltigen Qualit\u00e4tssprung bek\u00e4me. Die Schickeria braucht nicht auch zu glauben, mit der Aktion die Fans des FC Bayern repr\u00e4sentiert zu haben. Meine Meinung dazu: Die Fans im Stadion haben ihre Meinung demonstriert, die Fans vor dem Fernsehen haben eine andere. Denen ist das Sportliche wichtiger als das Fangehabe, was nicht abwertend gemeint ist. Jeder war mal jung und wenn Neuer als Jugendlicher fanatisch die Schalker angefeuert hat \u2013 prima, das machen auch viele Fans anderer Vereine. Heute ist er aber in erster Linie Berufsfu\u00dfballer und nicht Fan. Er wird gewiss sein Leben lang nach Schalke schauen und sich \u00fcber jeden Sieg freuen. Aber glaubt ernsthaft ein \u201eKoan Neuer\u201c-Hochhalter, dass er in M\u00fcnchen eine weniger professionelle Einstellung an den Tag legen w\u00fcrde? Garantiert nicht. Er w\u00fcrde auch den FC Bayern mit Leidenschaft und Herzblut vertreten. Er w\u00fcrde beim FC Bayern bestm\u00f6glich seinen Beruf ausf\u00fchren und das mit allem was er hat.<\/font><\/p>\n<p><em>Armin Veh geht, der Aufsichtsrat verk\u00fcndet, da\u00df die Vertr\u00e4ge des Vorstands nicht verl\u00e4ngert werden. Wie wirkt die aktuelle Situation beim HSV auf euch? Bekommt ihr was mit von der Spaltung der Mitgliedschaft in die Pro- und Contra-Hoffmann Fraktionen?<\/em><\/p>\n<p><font color=\"black\">Man liest ja in dem einen oder anderen Blog. ;-)<br \/>\nDer HSV bewegt sich ja schon l\u00e4ngeren in unsicheren Gew\u00e4ssern. Acht Trainer in acht Jahren \u2013 das k\u00f6nnen nicht einmal wir \u00fcberbieten. Ich habe den Eindruck, da\u00df mit Beiersdorfer Abgang ein Vakuum entstanden ist, da\u00df bis heute nicht gef\u00fcllt werden werden konnte.  Ein Trainer, der zum Saisonende geht, ein Sportdirektor, der erst zur neuen Saison anf\u00e4ngt und ein Vorstand auf Abruf versprechen einen interessanten Sommer&#8230;<br \/>\nIch kann die Str\u00f6mungen Pro- und Contra-Hoffmann dennoch nicht beurteilen. Aus der Distanz betrachtet steht Hoffmann einerseits f\u00fcr Solidit\u00e4t mit regelm\u00e4\u00dfiger Teilnahme an den internationalen Wettbewerben andererseits f\u00fcr mangelnde Kontinuit\u00e4t (Trainer).<\/font><\/p>\n<p><font color=\"blue\">Ich habe deinen Artikel \u201eDanke, Bernd Hoffmann\u201c gelesen und finde ihn toll. Du vergisst, trotz angemessener Kritik nicht, dass er dem HSV vieles gegeben hat. Vielleicht ist es an der Zeit, sportlich und wirtschaftlich ein neues Kapitel zu er\u00f6ffnen. Das kann ich aber alles nicht wirklich einsch\u00e4tzen. Man hat es als Entscheider bei einem Verein wie dem HSV h\u00e4ufig nicht leicht, wie zwei holl\u00e4ndische Personalien zeigen: den einen musst du verkaufen, weil er an einem sehr hohen Level einfach nicht mehr zu halten ist. Hier geht es um Geld und das F\u00f6rdern einer Spielerkarriere, den anderen kannst du erst kaufen, wenn er seine besten Tage wom\u00f6glich schon hinter sich hat. Das kann einen deutschen, ambitionierten Traditionsverein nicht zufriedenstellen. Man w\u00fcrde herausragende Spieler lieber selbst erst abgeben, wenn die Karriere ausklingt. Es m\u00fcssen also Entscheidungen getroffen werden, die nicht immer popul\u00e4r sind. Das wird viele Anh\u00e4nger immer wieder aufbringen, die irgendwann dann Druck aus\u00fcben.<\/font><\/p>\n<p><em>Beide Trainer sind am Ende der Saison weg. Wird das ein Faktor im Spiel am Sonntag sein?<\/em><\/p>\n<p><font color=\"black\">In Hamburg war der Abschied von Armin Veh die kleinere \u00dcberraschung und scheint mir noch das geringste Problem zu sein. Die auslaufenden Vertr\u00e4ge vieler Stammspieler und die ungekl\u00e4rte Vorstandsfrage halte ich bei Euch f\u00fcr den gr\u00f6\u00dferen Unsicherheitsfaktor.<br \/>\nIch gehe davon aus, da\u00df es unseren Spielern egal ist, unter welchem Trainer sie n\u00e4chste Saison nicht in der Europa League spielen wollen, und sie deshalb alles unternehmen werden, um wenigstens noch Dritter zu werden.<\/font><\/p>\n<p><font color=\"blue\">Wie anfangs schon erw\u00e4hnt: es steht f\u00fcr beide zu viel auf dem Spiel, die Ziele sind noch nicht vollst\u00e4ndig au\u00dfer Reichweite geraten. Insofern, hier m\u00f6chte ich mich der Rummenigge\u2019schen Phrasendrescherei bedienen, tut man gut daran, die Spiele nun seri\u00f6s anzugehen und rational zu sehen, was am Ende des Tages f\u00fcr die Mannschaft am besten ist.<\/font><\/p>\n<p><em>Ihr habt einen Wunsch frei, welchen Trainer w\u00fcnscht ihr euch f\u00fcr die neue Saison?<\/em><\/p>\n<p><font color=\"black\">Louis van Gaal. Im Ernst: Ich wei\u00df es nicht. In der Bundesliga sehe ich au\u00dfer Klopp (noch) keinen, der unserem allwissenden Vorstand dauerhaft mit einem Konzept, das \u00fcber \u201eErfolg sofort!\u201c hinaus geht, die Stirn bieten kann.<br \/>\nDen momentan gehandelten Jupp Heynckes sehe ich nicht als Trainer bei uns. Ich bezweifle, da\u00df er mit gerne mal zickenden Primadonnen wie Franck Rib\u00e9ry zurecht kommt. In Leverkusen hat er mit einer jungen, entwicklungsf\u00e4higen Mannschaft ohne Superstars, die ihm aus der Hand frisst, das Paradies auf Erden und auch ein Medienumfeld, das ihn in Ruhe arbeiten l\u00e4sst. Wenn es ihm gelingt, Ballack in Schach zu halten, wird er auch nicht mehr wechseln.<br \/>\nMomentan k\u00f6nnte ich mich mit Guus Hiddink noch am ehesten anfreunden. Aber der ist ja auch schon 64&#8230;<\/font><\/p>\n<p><font color=\"blue\">Man muss dabei so vieles abw\u00e4gen. Will ich tollen Fu\u00dfball? Will ich haupts\u00e4chlich Ergebnisse? Muss er sympathisch sein, mit der Mannschaft gut k\u00f6nnen oder wieder stark autorit\u00e4r auftreten? Mir w\u00e4re es ganz recht, wenn die Dortmunder der laufenden Saison Bayern w\u00e4ren. Dann h\u00e4tte man einen Trainer, der \u00e4u\u00dferst gut mit den Medien umgeht, dem die Spieler folgen, auch wenn sie nicht zur ersten Garde z\u00e4hlen, man bek\u00e4me tollen Fu\u00dfball geboten, bei dem aber auch die Defensive herausragt. In Dortmund stimmt im Moment alles, sie zeigen sich in dieser Spielzeit als die beste Mannschaft in Deutschland. Interessant wird es aber immer erst dann, wenn so ein Gipfelst\u00fcrmer nach dem lange Zeit v\u00f6llig unerwarteten Triumph dann gegen internationale Brocken ran m\u00fcssen. Zum einen die k\u00f6rperliche Mehrbelastung, zum anderen die erforderliche geistige Reife, wenn du mittwochs vielleicht gegen Manchester spielst und samstags gegen eine \u2013 vielleicht kann ich damit hier ein bisschen punkten \u2013 graue Maus, wie den St. Adtteilverein ran musst.<br \/>\nAber es ging ja um den Trainer. Ich w\u00e4re mit J\u00fcrgen Klopp zufrieden, wei\u00df aber nicht, wie der mit Stars umgeht. Den M\u00fcnchner Boulevard w\u00fcrde er kaum scheuen. Heynckes w\u00e4re f\u00fcr ein Jahr auch okay. Dann wirft man zwar weiterhin jedes langfristige Konzept \u00fcber den Haufen, wenn es das \u00fcberhaupt geben sollte, hat aber einen Trainer, bei dem man absolut wei\u00df, was man hat. Ob es dann L\u00f6w, Klopp oder wer auch immer wird, ich lasse mich \u00fcberraschen.<\/font><\/p>\n<p><em>Am Ende solcher Interviews werden immer Tipps abgegeben. Also hier die ultimative Frage:<br \/>\nWie geht das Spiel FSV Mainz 05 gegen Bayer 04 Leverkusen aus?<\/em><\/p>\n<p><font color=\"black\">1:3<\/font><\/p>\n<p><font color=\"blue\">Unentschieden w\u00e4re f\u00fcr die Bayern am besten. Zwar hat Mainz erst einmal remis gespielt, Leverkusen daf\u00fcr aber umso mehr. Also sage ich 2:2.<\/font><\/p>\n<p>Vielen Dank an die beiden Blogger! Wie immer sind hier verlinkte Blogs eine Leseempfehlung auch an allen anderen Tagen im Jahr!<\/p>\n<p>In diesem Sinne: <strong>Nur der HSV!<\/strong><\/p>\n","protected":false},"excerpt":{"rendered":"<p>Vor dem Spiel gegen den FC Bayern M\u00fcnchen habe ich den stadtneurotikr und den baziblogger gebeten, mir Fragen zum Spiel und Verein zu beantworten. Beide haben dies ausf\u00fchrlich getan, vielen Dank noch mal! Die Antworten vom stadtneurotiker sind in schwarz, die vom baziblogger sind in blau. Viel Spa\u00df beim lesen! Am Samstag ist dann tats\u00e4chlich [&hellip;]<\/p>\n","protected":false},"author":2,"featured_media":0,"comment_status":"open","ping_status":"open","sticky":false,"template":"","format":"standard","meta":{"footnotes":""},"categories":[23,4],"tags":[258,642,55,639,121,257],"class_list":["post-3421","post","type-post","status-publish","format-standard","hentry","category-bundesliga","category-hsv","tag-baziblogger","tag-bundesliga","tag-fc-bayern-munchen","tag-hsv","tag-saison-20102011","tag-stadtneurotiker"],"_links":{"self":[{"href":"http:\/\/www.nedsblog.de\/index.php?rest_route=\/wp\/v2\/posts\/3421","targetHints":{"allow":["GET"]}}],"collection":[{"href":"http:\/\/www.nedsblog.de\/index.php?rest_route=\/wp\/v2\/posts"}],"about":[{"href":"http:\/\/www.nedsblog.de\/index.php?rest_route=\/wp\/v2\/types\/post"}],"author":[{"embeddable":true,"href":"http:\/\/www.nedsblog.de\/index.php?rest_route=\/wp\/v2\/users\/2"}],"replies":[{"embeddable":true,"href":"http:\/\/www.nedsblog.de\/index.php?rest_route=%2Fwp%2Fv2%2Fcomments&post=3421"}],"version-history":[{"count":20,"href":"http:\/\/www.nedsblog.de\/index.php?rest_route=\/wp\/v2\/posts\/3421\/revisions"}],"predecessor-version":[{"id":3452,"href":"http:\/\/www.nedsblog.de\/index.php?rest_route=\/wp\/v2\/posts\/3421\/revisions\/3452"}],"wp:attachment":[{"href":"http:\/\/www.nedsblog.de\/index.php?rest_route=%2Fwp%2Fv2%2Fmedia&parent=3421"}],"wp:term":[{"taxonomy":"category","embeddable":true,"href":"http:\/\/www.nedsblog.de\/index.php?rest_route=%2Fwp%2Fv2%2Fcategories&post=3421"},{"taxonomy":"post_tag","embeddable":true,"href":"http:\/\/www.nedsblog.de\/index.php?rest_route=%2Fwp%2Fv2%2Ftags&post=3421"}],"curies":[{"name":"wp","href":"https:\/\/api.w.org\/{rel}","templated":true}]}}