{"id":3502,"date":"2011-04-13T18:31:28","date_gmt":"2011-04-13T17:31:28","guid":{"rendered":"http:\/\/www.nedsblog.de\/?p=3502"},"modified":"2011-04-13T18:31:28","modified_gmt":"2011-04-13T17:31:28","slug":"frank-arnesen","status":"publish","type":"post","link":"http:\/\/www.nedsblog.de\/?p=3502","title":{"rendered":"Frank Arnesen"},"content":{"rendered":"<p>Im Juli ist es soweit, der neue Sportvorstand beginnt bei uns zu arbeiten. Wie man der Presse entnehmen kann, ist er schon vorab in Hamburg unterwegs, f\u00fchrt Gespr\u00e4che mit Spielern und plant den Kader f\u00fcr die neue Saison. Einige Vertr\u00e4ge sind schon verl\u00e4ngert (\u00c4nis) andere nicht (Trochowski, Rost und Collo).<\/p>\n<p>Die Einstellung von Frank Arnesen wird \u00fcber all als positives Ereignis gesehen. Mein Wissen \u00fcber die Premier League ist nicht gerade gro\u00df, also habe ich <a href=\"http:\/\/www.twitter.com\/honigstein\" target=\"_blank\">Raphael Honigstein<\/a> ein paar Fragen zu dem Wirken von Frank Arnesen bei Chelsea gestellt. <\/p>\n<p><em>Frank Arnesen ist seit 2008 bei Chelsea. Kannst du uns erkl\u00e4ren, was sein Aufgabengebiet war? Welche Befugnisse hatte er? Konnte er ungest\u00f6rt arbeiten?<\/em><\/p>\n<p>Anfangs war er Chef-Scout und Jugendkoordinator, dann Sportdirektor, allerdings mit zunehmend eingeschr\u00e4nkter Befehlsgewalt. Sein R\u00fccktritt im November nahm angeblich nur seinen Rauswurf vorweg.<br \/>\nEr war mal mehr, mal weniger in Transfers involviert; Abramowitsch ist in dieser Hinsicht sehr launisch. Ungest\u00f6rt im Sinne von kontinuierlich konnte er kaum arbeiten.<\/p>\n<p><em>Chelsea ist in meiner Wahrnehmung ein Club, der durch die Milliarden von Roman Abramowitsch gepr\u00e4gt wird. Diese Millionen hat der HSV nicht und wird sie auch erstmal nicht haben. Kann er mit viel viel weniger Geld trotzdem dem HSV helfen den Umbruch zu gestalten?<br \/>\n<\/em><\/p>\n<p>Wenn man seine Zeit bei PSV zur Grundlage nimmt, kann er das sicher. Bei Chelsea war die Bilanz zwar durchwachsen, aber das hatte auch viel mit den verqueren Strukturen und st\u00e4ndig wechselnden Machtkonstellationen und Trainern zu tun.<\/p>\n<p><em>Kannst du uns was \u00fcber die Tops und Flops von unserem neuen Sportvorstand sagen? Ich habe irgendwo gelesen, da\u00df er Khalid Boulahrouz verpflichtet hat. Welche Spieler sind noch auf seinem Mist gewachsen?<br \/>\n<\/em><\/p>\n<p>Das l\u00e4sst sich im Einzelnen gar nicht so leicht auseinander dividieren. Bei Boulharouz (Flop), Alex (Top), Pizarro (Flop), Ballack (Top), Kalou (neutral, Franco Di Santo (Flop) und Daniel Sturridge (Flop) hatte er die H\u00e4nde im Spiel. Dazu kamen ein Dutzend Jugendspieler.<\/p>\n<p><em>Er ist ja auch Nachwuchskoordinator bei Chelsea gewesen. Welche Talente hat er in die erste Mannschaft gef\u00fchrt?<br \/>\n<\/em><\/p>\n<p>Kein Einziges. Seit Robert Huth ist kein Mann aus der eigenen Jugend Stammspieler geworden. Das ist der gro\u00dfe Vorwurf, der Arnesen gemacht wird. Das lag zum Teil aber auch an den Trainern und der Hektik im Verein.<\/p>\n<p><em>Frank Arnesen und der HSV? Wie ist deine Meinung, kann das klappen?<br \/>\n<\/em><\/p>\n<p>Bestimmt. Ich denke, dass Arnesen mit seinen internationalen Kontakten dem HSV sicher weiterhelfen kann.<\/p>\n<p><em>Zuletzt mu\u00df ich noch Fragen, wie der HSV auf der Insel wahrgenommen wird. Bekommt man dort das Chaos mit? Versteht man was im Verein los ist, immerhin k\u00f6nnen die Fans bei uns im Verein mitbestimmen, etwas was man in Clubs der Premier League nicht kennt.<br \/>\n<\/em><\/p>\n<p>Das denkw\u00fcrdige Werder-Halbfinale im UEFA-Pokal vor zwei Jahren lief hier live im Fernsehen, aber ansonsten ist der HSV eher &#8222;off the radar&#8220;. Wenn \u00fcberhaupt, ist Bayern ein Begriff, zuletzt auch Dortmund. Ab und zu f\u00e4llt mal der Name, wenn es um Kevin Keegan geht. Aber das war es auch schon.<\/p>\n<p>Vielen Dank f\u00fcr das Interview! Ich bin gespannt, wie sich Frank Arnesen bei uns entfalten kann. Er hat bei PSV bewiesen, da\u00df er mit wenig Mitteln viel bewirken kann. Die Zeit bei Chelsea war ja gepr\u00e4gt von wechselnden Trainer und sich immer wieder \u00e4ndernden Aufgabengebieten f\u00fcr ihn. Hoffen wir, da\u00df unser Verein zur Ruhe kommt und er seiner Arbeit professionell nachgehen kann.<\/p>\n<p>In diesem Sinne: <strong>Nur der HSV!<\/strong><\/p>\n","protected":false},"excerpt":{"rendered":"<p>Im Juli ist es soweit, der neue Sportvorstand beginnt bei uns zu arbeiten. Wie man der Presse entnehmen kann, ist er schon vorab in Hamburg unterwegs, f\u00fchrt Gespr\u00e4che mit Spielern und plant den Kader f\u00fcr die neue Saison. Einige Vertr\u00e4ge sind schon verl\u00e4ngert (\u00c4nis) andere nicht (Trochowski, Rost und Collo). Die Einstellung von Frank Arnesen [&hellip;]<\/p>\n","protected":false},"author":2,"featured_media":0,"comment_status":"open","ping_status":"open","sticky":false,"template":"","format":"standard","meta":{"footnotes":""},"categories":[4,165],"tags":[126,267,266,639,10,228,262],"class_list":["post-3502","post","type-post","status-publish","format-standard","hentry","category-hsv","category-kader-hsv","tag-bastian-reinhardt","tag-chelsea-fc","tag-frank-arnesen","tag-hsv","tag-kader","tag-raphael-honigstein","tag-saison-20112012"],"_links":{"self":[{"href":"http:\/\/www.nedsblog.de\/index.php?rest_route=\/wp\/v2\/posts\/3502","targetHints":{"allow":["GET"]}}],"collection":[{"href":"http:\/\/www.nedsblog.de\/index.php?rest_route=\/wp\/v2\/posts"}],"about":[{"href":"http:\/\/www.nedsblog.de\/index.php?rest_route=\/wp\/v2\/types\/post"}],"author":[{"embeddable":true,"href":"http:\/\/www.nedsblog.de\/index.php?rest_route=\/wp\/v2\/users\/2"}],"replies":[{"embeddable":true,"href":"http:\/\/www.nedsblog.de\/index.php?rest_route=%2Fwp%2Fv2%2Fcomments&post=3502"}],"version-history":[{"count":9,"href":"http:\/\/www.nedsblog.de\/index.php?rest_route=\/wp\/v2\/posts\/3502\/revisions"}],"predecessor-version":[{"id":3585,"href":"http:\/\/www.nedsblog.de\/index.php?rest_route=\/wp\/v2\/posts\/3502\/revisions\/3585"}],"wp:attachment":[{"href":"http:\/\/www.nedsblog.de\/index.php?rest_route=%2Fwp%2Fv2%2Fmedia&parent=3502"}],"wp:term":[{"taxonomy":"category","embeddable":true,"href":"http:\/\/www.nedsblog.de\/index.php?rest_route=%2Fwp%2Fv2%2Fcategories&post=3502"},{"taxonomy":"post_tag","embeddable":true,"href":"http:\/\/www.nedsblog.de\/index.php?rest_route=%2Fwp%2Fv2%2Ftags&post=3502"}],"curies":[{"name":"wp","href":"https:\/\/api.w.org\/{rel}","templated":true}]}}