{"id":3796,"date":"2011-06-10T22:53:10","date_gmt":"2011-06-10T20:53:10","guid":{"rendered":"http:\/\/www.nedsblog.de\/?p=3796"},"modified":"2011-06-10T22:53:10","modified_gmt":"2011-06-10T20:53:10","slug":"bundesliga-20102011-die-ruckschau-teil-iv","status":"publish","type":"post","link":"http:\/\/www.nedsblog.de\/?p=3796","title":{"rendered":"Bundesliga 2010\/2011 Die R\u00fcckschau Teil IV"},"content":{"rendered":"<p>Nach <a href=\"http:\/\/www.nedsblog.de\/?p=3635\" target=\"_blank\">Teil I<\/a>, <a href=\"http:\/\/www.nedsblog.de\/?p=3750\" target=\"_blank\">Teil II<\/a> und <a href=\"http:\/\/www.nedsblog.de\/?p=3771\" target=\"_blank\">Teil III<\/a> kommt nun Teil IV der R\u00fcckschau: Die Leihspieler.<\/p>\n<h4>\u00dcberblick <\/h4>\n<p><iframe loading=\"lazy\" height=\"189\" src=\"https:\/\/spreadsheets.google.com\/spreadsheet\/pub?hl=en_US&amp;hl=en_US&amp;key=0Av4ETf833YNgdFhiTWR5R3YtRDlJeGt0ZnVxbFJqR0E&amp;single=true&amp;gid=4&amp;range=A1%3AI11&amp;output=html\" frameborder=\"0\" width=\"487\"><\/iframe><\/p>\n<p><strong>Marcus Berg<\/strong><\/p>\n<p>Die Eredivisie ist nicht die Bundesliga und trotzdem sehen seine Zahlen nicht sehr gut aus. Noch nicht mal 60 Minuten im Schnitt und nur alle drei Spiele ein Tor. War lange gesperrt, weil er einen Ellbogencheck verteilt hat. In \u00fcber der H\u00e4lfte der Spiele ist er ausgewechselt worden.<br \/>\n  <br \/>Er wird es nicht leicht haben in der neuen Saison, aber ich hoffe er bekommt seine Chance und nutzt sie. Immerhin ist er der teuerste Einkauf des HSV gewesen.<\/p>\n<p><strong>Tolgay-Ali Arslan<\/strong><\/p>\n<p>Nur 67 Minuten pro Spiel, aber in Aachen wurde viel rotiert, ich glaube nicht, da\u00df es an seinen Leistungen lag. Hat eine gute Saison gespielt, auch wenn 6 Tore und 4 Vorlagen nicht danach aussieht. Aber wenn man sich die genauer betrachtet, so waren 5 von 6 Toren wichtige Tore, also z.B. das einsnull, der Ausgleich oder die F\u00fchrung nach einem Ausgleich. Er hat also nur ein unwichtiges Tor geschossen, es war das dreizueins. Bei den Vorlagen sind es noch besser aus: 4 von 4. Man k\u00f6nnte es also so interpretieren, da\u00df wenn er schon mal ein Tor schie\u00dft oder vorbereitetet es nur bei den wichtigen macht :-)<br \/>\n  <br \/>Ich freue mich auf ihn, er wird sich hoffentlich in der ersten Bundesliga durchsetzen.<\/p>\n<p><strong>Maxi Beister<\/strong><\/p>\n<p>Von den Leihspieler der Spieler mit den besten offensiven Werten. 7 Tore und 6 Vorlagen in nur 1562 Minuten. Damit liegt er bei allen HSV Spieler auf Rang 2!<br \/>\n  <br \/>Hier die \u00dcbersicht \u00fcber alle Spieler:<\/p>\n<p><iframe loading=\"lazy\" height=\"564\" src=\"https:\/\/spreadsheets.google.com\/spreadsheet\/pub?hl=en_US&amp;hl=en_US&amp;key=0Av4ETf833YNgdFhiTWR5R3YtRDlJeGt0ZnVxbFJqR0E&amp;single=true&amp;gid=5&amp;range=A1%3AG33&amp;output=html\" frameborder=\"0\" width=\"335\"><\/iframe><\/p>\n<p><small><small>Min-Minuten; Tor-Tore; TVO-Torvorlagen; Score-Scorerpunkte (Tore+Torvorlagen); SpM-Scorerpunkte pro Minute; SaxM-Scorerpoints alle x Minuten)<\/small><\/small>&#160; <\/p>\n<p>In D\u00fcsseldorf hat er 4 wichtige Tore geschossen. Das ist \u00fcber die H\u00e4lfte. Er bekommt ein weiteres Jahr die Chance, sich in der zweiten Liga weiter zu entwickeln.<\/p>\n<blockquote>\n<p>Exkurs<br \/>\n    <br \/>Man sieht hier sehr sch\u00f6n, wie wichtig Mladen Petric f\u00fcr uns ist. Alle 102 Minuten ist er f\u00fcr ein Tor verantwortlich. Guerrero also zum Beispiel nur alle 223 Minuten (das doppelte!) mit einem Tor oder einer Vorlage. Ich finde diese Darstellung sehr interessant, werde das n\u00e4chste Saison mal beobachten. Schlechtester Spieler ist \u00fcbrigens Jarolim (Die Spieler mit 9999 sind nat\u00fcrlich schlechter, haben nie einen Scorerpunkt gemacht), was meine Meinung \u00fcber seine offensiven Qualit\u00e4ten unterst\u00fctzt.<\/p>\n<\/blockquote>\n<p><strong>Kai-Fabian Schulz<\/strong><\/p>\n<p>Aus der zweiten Mannschaft ausgeliehen an die zweite Mannschaft vom FSV Frankfurt. Habe ich nicht so richtig verstanden, auch die spielen in der Regionalliga. Immerhin hat er es geschafft am 10. und 11. Spieltag in der ersten Mannschaft jeweils 90 Minuten zu spielen. Im ersten Spiel hatte er 33 Ballkontakte 16 von 25P\u00e4ssen kamen an und er f\u00fchrte keinen Zweikampf. Das Zweite sieht da besser aus: 4 von 6 ZK, 67 BK und 46 von 53 P\u00e4ssen kamen an. Ich bin gespannt, wie es mit ihm weiter geht. In der IV haben wir mit Besic und Stepanek weitere Talente auf Halde. <\/p>\n<p><strong>Macauly Chrisantus<\/strong><\/p>\n<p>Nach Schulz, Hesl und Rozehnal der Spieler mit dem h\u00f6chsten Minuten pro Spiel im Schnitt. 8 Tore und 3 Vorlagen hat er beim KSC in 22 Spielen zu Stande gebracht. Alle 142 Minuten schafft er ein Tor bzw. eine Vorlage. 5 seiner Tore waren wichtige Tore, 3 seiner Vorlagen ebenfalls. Liest sich alles gut finde ich.<br \/>\n  <br \/>Er ist nun 21 Jahre alt, konnte sich an den deutschen Zweitligafu\u00dfball gew\u00f6hnen. Seine Leihe zum KSC ist beendet. Es scheint aber so, da\u00df er sich nach einem neuem Verein umschauen kann. <\/p>\n<p><strong>S\u00f6ren Bertram<\/strong><\/p>\n<p>Mit Augsburg aufgestiegen. Bis zum 22. Spieltag kam er regelm\u00e4ssig (wenn auch nur im Schnitt 40 Minuten) zum Einsatz. Seine Leistungen sind schwer f\u00fcr mich zu bewerten. Bei bundesliga.de finde ich f\u00fcr ihn:<\/p>\n<ul>\n<li>13% seiner 30 Flanken waren erfolgreich <\/li>\n<li>72% seiner 246 P\u00e4sse sind angekommen <\/li>\n<li>51% seiner 106 Zweik\u00e4mpfe hat er gewonnen <\/li>\n<\/ul>\n<p>Klingt nicht sehr \u00fcberzeugend. Nicht schlecht, aber auch nicht gut.<br \/>\n  <br \/>Er kommt wohl wieder zur\u00fcck. Ich bin gespannt, ob er einen Platz in der ersten Mannschaft finden wird. Glaube da im Moment aber nicht dran.<\/p>\n<p><strong>Mikael Tavares<\/strong><\/p>\n<p>2. Liga in England, wohlwollend Championship genannt. Kommt auf 13 Eins\u00e4tze mit im Schnitt 70 Minuten. Habe keine weiteren aussagekr\u00e4ftigen Statistiken gefunden. Aber ich vermute die 2. Liga in England ist weiter weg von der ersten, als die 2. Bundesliga. Und ins neue Konzept (jung entwicklungsf\u00e4hige Spieler <strike>von Chelsea<\/strike> kaufen) pa\u00dft er nicht. Also wird er bei uns keine Rolle mehr spielen.<\/p>\n<p><strong>Wolfgang Hesl<\/strong><\/p>\n<p>Kam zum SV Ried um dort spielen zu k\u00f6nnen. Die ersten 7 Spiel klappte es nicht. Dann verletzte sich Thomas Gebauer und er bekam seine Chance. Er brachte es dann auf 16 Spiele hintereinander. Danach wechselte er sich mit seinem Konkurrenten ab. Bis Spieltag 28 ging das so. Dann war er nur noch auf der Bank und erst am 35. Spieltag durfte er wieder ran.<br \/>\n  <br \/>Er soll zur\u00fcck kommen, sagt FA. MO sagt, Drobny ist seine Nummer eins. Keine guten Aussichten f\u00fcr ihn. Ich k\u00f6nnte verstehen, wenn er wechselt.<\/p>\n<p><strong>David Rozehnal<\/strong><\/p>\n<p>Durfte beim OSC Lille in der Ligue 1 seine Schuhe schn\u00fcren. Kam dort auf 13 Spiele und 74 Minuten im Schnitt. Er scheint seine Sache gut gemacht zu haben, Lille m\u00f6chte ihn gerne behalten. Es scheitert hoffentlich nicht an der Abl\u00f6sesumme, in der Planung der neuen Saison spielt er wohl keine Rolle.<\/p>\n<p><strong>Gerrit Pressel<\/strong><\/p>\n<p>Aus der zweiten Mannschaft in die Eredivisie gewechselt. Kam aber nur auf 6 Eins\u00e4tze mit 60 Minuten im Schnitt. Wird sich wohl wieder in die zweite Mannschaft einordnen m\u00fcssen. Seine Position (LAV) ist allerdings mit Aogo gut besetzt und als Backup mu\u00df er sich gegen Sowah durchsetzen.<\/p>\n<p><strong>Alex Silva<\/strong><\/p>\n<p>Ja, den gibt es auch noch. Seine Leihe endet dieses Jahr. Was hat er gemacht in Brasilien? Wohl gut gespielt, er spielte in der Regel durch. Ich glaube nicht daran, da\u00df er zur\u00fcck kommt. Als Innenverteidiger h\u00e4tte ich ihn gerne bei uns gesehen, aber diese Chance ist wohl vorbei.<\/p>\n<p>So, die Leihspieler sind durch. Fehlt der letzte Teil. Mal sehen, ob ich den vor meinem Urlaub noch schaffe.<\/p>\n<p>In diesem Sinne: <strong>Nur der HSV!<\/strong><\/p>\n","protected":false},"excerpt":{"rendered":"<p>Nach Teil I, Teil II und Teil III kommt nun Teil IV der R\u00fcckschau: Die Leihspieler. \u00dcberblick Marcus Berg Die Eredivisie ist nicht die Bundesliga und trotzdem sehen seine Zahlen nicht sehr gut aus. Noch nicht mal 60 Minuten im Schnitt und nur alle drei Spiele ein Tor. War lange gesperrt, weil er einen Ellbogencheck [&hellip;]<\/p>\n","protected":false},"author":2,"featured_media":0,"comment_status":"open","ping_status":"open","sticky":false,"template":"","format":"standard","meta":{"footnotes":""},"categories":[4,165],"tags":[280,64,125,279,639,10,134,281,150,146,164,278,121,144,140,123],"class_list":["post-3796","post","type-post","status-publish","format-standard","hentry","category-hsv","category-kader-hsv","tag-alex-silva","tag-ausleihe","tag-david-rozehnal","tag-gerrit-pressel","tag-hsv","tag-kader","tag-kai-fabian-schulz","tag-leihspieler","tag-macauly-chrisantus","tag-marcus-berg","tag-maxi-beister","tag-mikael-tavares","tag-saison-20102011","tag-soren-bertram","tag-tolgay-ali-arslan","tag-wolfgang-hesl"],"_links":{"self":[{"href":"http:\/\/www.nedsblog.de\/index.php?rest_route=\/wp\/v2\/posts\/3796","targetHints":{"allow":["GET"]}}],"collection":[{"href":"http:\/\/www.nedsblog.de\/index.php?rest_route=\/wp\/v2\/posts"}],"about":[{"href":"http:\/\/www.nedsblog.de\/index.php?rest_route=\/wp\/v2\/types\/post"}],"author":[{"embeddable":true,"href":"http:\/\/www.nedsblog.de\/index.php?rest_route=\/wp\/v2\/users\/2"}],"replies":[{"embeddable":true,"href":"http:\/\/www.nedsblog.de\/index.php?rest_route=%2Fwp%2Fv2%2Fcomments&post=3796"}],"version-history":[{"count":12,"href":"http:\/\/www.nedsblog.de\/index.php?rest_route=\/wp\/v2\/posts\/3796\/revisions"}],"predecessor-version":[{"id":3808,"href":"http:\/\/www.nedsblog.de\/index.php?rest_route=\/wp\/v2\/posts\/3796\/revisions\/3808"}],"wp:attachment":[{"href":"http:\/\/www.nedsblog.de\/index.php?rest_route=%2Fwp%2Fv2%2Fmedia&parent=3796"}],"wp:term":[{"taxonomy":"category","embeddable":true,"href":"http:\/\/www.nedsblog.de\/index.php?rest_route=%2Fwp%2Fv2%2Fcategories&post=3796"},{"taxonomy":"post_tag","embeddable":true,"href":"http:\/\/www.nedsblog.de\/index.php?rest_route=%2Fwp%2Fv2%2Ftags&post=3796"}],"curies":[{"name":"wp","href":"https:\/\/api.w.org\/{rel}","templated":true}]}}