{"id":3817,"date":"2011-07-10T21:46:46","date_gmt":"2011-07-10T19:46:46","guid":{"rendered":"http:\/\/www.nedsblog.de\/?p=3817"},"modified":"2011-07-10T21:46:46","modified_gmt":"2011-07-10T19:46:46","slug":"bundesliga-20102011-die-ruckschau-teil-v","status":"publish","type":"post","link":"http:\/\/www.nedsblog.de\/?p=3817","title":{"rendered":"Bundesliga 2010\/2011 Die R\u00fcckschau Teil V"},"content":{"rendered":"<p>Nun der letzte Teil der R\u00fcckschau. Ein Rundumschlag auf alles, was in den Teilen <a href=\"http:\/\/www.nedsblog.de\/?p=3635\" target=\"_blank\">I<\/a>, <a href=\"http:\/\/www.nedsblog.de\/?p=3750\" target=\"_blank\">II<\/a>, <a href=\"http:\/\/www.nedsblog.de\/?p=3771\" target=\"_blank\">III<\/a> und <a href=\"http:\/\/www.nedsblog.de\/?p=3796\" target=\"_blank\">IV<\/a> noch verschont geblieben ist.<\/p>\n<h4><strike>Der<\/strike> Die Trainer<\/h4>\n<p>Und wieder einmal wechselten wir in der Saison den Trainer. Das zweite Jahr in Folge. War ja klar. <\/p>\n<p>Als Armin Veh kam, war ich skeptisch: \u201c<a href=\"http:\/\/www.nedsblog.de\/?p=2361\" target=\"_blank\">Ich bin gespannt, leicht negativ voreingestimmt<\/a>\u201d. Woran lag das? Nunja, wie damals geschrieben, beim VfB hat er es nach der Meisterschaft nicht hin bekommen und beim VfL auch nicht. Es fehlt ihm also etwas. Was? Keine Ahnung, die F\u00e4higkeit eine Mannschaft mitzurei\u00dfen, zu begeistern? Seine taktischen F\u00e4higkeiten sind wohl bestimmt vorhanden, gesehen habe ich sie selten.<\/p>\n<p>Er machte auch gleich einen Fehler: Guerrero als Wunschst\u00fcrmer bekam einen neuen Vertrag und unser bester St\u00fcrmer Petric sollte verkauft werden. Ne, das zeugt von Verstand. Der zweite Fehler: 4-2-3-1. Mit dieser Mannschaft. Wer wurde nicht alles auf der zehn ausprobiert. Ich glaube nur Collo und Rost wurden da nicht aufgestellt. Erst nach meinen <a href=\"http:\/\/www.nedsblog.de\/?p=2941\" target=\"_blank\">Protesten<\/a> *hust* wechselte er das System. Der dritte Fehler war dann sein Theater in der Winterpause. Es klang immer mehr nach Abschied, doch weder er, der Sportchef noch der Vorstand zogen die Rei\u00dfleine. Es mu\u00dfte dann ein nullsechs gegen den FC Bayern herhalten um den Trainer schlu\u00dfendlich zu entlassen. <\/p>\n<p>Ich bewerte seine Verpflichtung gleich wie die von Labbadia. Es war unn\u00f6tig diesen Trainer zu holen, es war zum scheitern verurteilt. Aber mich fragt ja keiner.<\/p>\n<p>Der zweite Trainer diese Saison war der vormalige Co-Trainer: Michael Oenning, auch MO von mir genannt (ich mag den Namen MO, hat was mit meinem Nick aus alten Unreal Tournament Zeiten zu tun, aber dies f\u00fchre jetzt hier zu weit\u2026). Ein undankbarer Job. Die Mannschaft ohne Teamgeist, der Vorstand ohne Plan, wie soll man da in Ruhe arbeiten. Und seine Serie sieht auch nicht gut aus: 1-5-2. 8 Punkte aus 8 Spielen. Eine Visitenkarte f\u00fcr die neue Saison sieht anders aus. <\/p>\n<p>Aber: Neue Saison, neues Gl\u00fcck. Er bekommt nun eine Chance. Ich freue mich darauf und hoffe er kann den Spielern die Begeisterung und den Teamgeist vermitteln.<\/p>\n<h4>Der Vorstand<\/h4>\n<p>Wechsel war wohl in dieser Saison unser Motto. War nach der Wahl der neuen Aufsichtsratsmitglieder noch von Bernd Hoffmann zu h\u00f6ren, da\u00df er sich dieser Herausforderung stellen wird, so sah es nach kurzer Zeit schnell so aus, da\u00df der AR den jetzigen Vorstand nicht mehr will und alles daf\u00fcr tut, damit er freiwillig geht. <\/p>\n<p>Er ging dann. Freiwillig. So wurde es ver\u00f6ffentlicht. Ich verstehe immer noch nicht, wieso der alte Vorstand kein Konzept vorlegen durfte, der Neue es aber nicht brauchte. <\/p>\n<p>Wir hatten eine erfolgreiche Zeit mit ihm. <a href=\"http:\/\/www.nedsblog.de\/?p=3418\" target=\"_blank\">Bedankt<\/a> habe ich mich bei ihm. <\/p>\n<p>Der neue ist Carl-Edgar Jarchow. Kommisarisch wie es hei\u00dft. Ich glaube da nicht dran, oder habt ihr davon geh\u00f6rt, da\u00df wir einen neuen Vorstandsvorsitzenden suchen? Nein? Seht ihr! <\/p>\n<p>Seine N\u00e4he zum Verein, zur Basis ist unbestritten. Mir ist es in Teilen zu nah. Klar, es ist gut, wenn jemand mehr mit der Basis zusammen arbeitet, aber es geht mir gegen den Strich, wenn auf jedes Buh! der Ultras geh\u00f6rt wird. Das ist nicht professionell! <\/p>\n<p><strike>Ich werde noch nicht warm mit ihm. Gespannt bin ich, wie aus kommisarisch dann ein Vertrag wird. Ich hoffe, es mu\u00df ein Konzept vorgelegt werden und es werden auch andere Kandidaten werden noch geh\u00f6rt.<\/strike><\/p>\n<p>Nun ist der kommisarische Vorstand also <a href=\"http:\/\/www.hsv.de\/verein\/meldungen\/verein\/juli-2011\/carl-edgar-jarchow-bleibt-vorstandsvorsitzender-des-hsv\/\" target=\"_blank\">fest bestellt<\/a> worden. Ich hoffe er mu\u00dfte ein Konzept vorlegen. Bernd Hoffmann sollte ja nicht mehr, der Neue wird es hoffentlich gemacht haben m\u00fcssen. Warm bin ich mit ihm noch nicht geworden. Bisher sind keine wesentlichen Entscheidungen von ihm gef\u00e4llt worden (Arnesen wurde von Hoffmann vorgeschlagen, eingestellt vom Aufsichtsrat nat\u00fcrlich). Eine Chance wird er auch bei mir erhalten, ich bin gespannt, was werden wird.<\/p>\n<h4>Der Sportchef<\/h4>\n<p>Urs Siegenthaler hat einen guten Job gemacht. Erm, ich meine Bastian Reinhardt. Nein, halt, ich meine Matthias Sammer. Halt, Bastian Reinhardt\u2026<\/p>\n<p>Hatten wir einen Sportchef? Ja, einen auf Abruf. Einen ehemaligen Praktikanten, der zum Vorstand berufen wurde. Aber nur als \u00dcbergangsl\u00f6sung, <strike>Urs<\/strike> <strike>Matthias<\/strike> Frank stand ja vor der T\u00fcr. Er ist geblieben. Wird nun die Koordination der Schnittstelle zwischen den Jugendmannschaften und der Profielf besetzen. Ich finde das gut. <\/p>\n<p>In Sachen Sportchefsuche haben wir diese Saison den Vogel abgeschossen. Blamieren war da unsere St\u00e4rke. Auch wenn die Schuld nicht auf unserer Seite lag, mit Ruhm bekleckert haben wir uns nicht.<\/p>\n<p>Jetzt kehrt Ruhe ein. Er ist gefunden. Mit klaren Kompetenzen und einem Konzept. Ich bin froh, da\u00df er gekommen ist. Nach <strike>dem Rauswurf<\/strike> der im beidseitigem Einverst\u00e4ndnis vollzogenen Trennung von Bernd Hoffmann dachte ich eine kurze Zeit, da\u00df er nun auch einen R\u00fcckzieher macht. Er bleibt. Und die Kaderplanung wird nun vorangetrieben. <\/p>\n<h4>Der Aufsichtsrat<\/h4>\n<p>12 Mann. Das sind viele. Und ein oder 12 Maulw\u00fcrfe sind auch immer dabei, Informationen werden erst an die Presse und dann an die Mitglieder weitergeleitet. Das schadet vor allem dem Verein. Ich w\u00e4re f\u00fcr eine Verkleinerung des ARs. Und eine ungerade Zahl. 7 Finde ich gut. 5. Sowas in der Art. Werden dann alle direkt von den Mitgliedern gew\u00e4hlt. Die jetzigen aus den Abteilungen gesendeten Aufsichtsr\u00e4te erhalten eine andere Rolle im Verein, so da\u00df ihr Einflu\u00df weiterhin bestehen bleibt. Irgendwie so.<\/p>\n<h4>Die Fans<\/h4>\n<p>\u00cdch bin mit der Liebsten in dieser Saison voller Vorfreude in den Block 22c gewechselt. F\u00fcr alle Aussenstehende: Dort stehen die ChosenFew, Ultras, sind f\u00fcr die Stimmung im Block im Stadion zust\u00e4ndig. Es wurde daf\u00fcr geworben, da\u00df alle in den Stimmungsblock kommen sollen.<\/p>\n<p>Es fing auch gut an. Endlich waren wir angekommen. Man kann von dem Block aus das Spiel super verfolgen, obwohl man h\u00fcpft, singt und die Mannschaft anfeuert. Gef\u00e4llt!<\/p>\n<p>Das es anders kam und vor allem als ich gedacht habe, habe ich dann zum ersten Mal gegen Leverkusen mitbekommen, als 15 Minuten vor Ende gesagt wurde, nun ist Schlu\u00df mit Support, bringt ja eh nichts. \u201cAll give some, some give all\u201d ist das Motto der CFHH. Sieht f\u00fcr mich so aber nicht danach aus! Nach der Heimspielniederlage gegen den St. Adtteilverein wurde dann zu einem Boykott aufgerufen. Das Heimspiel gegen werda? sollte nicht besucht werden. Ab diesem Zeitpunkt habe ich die nicht mehr ernst genommen. Zumal in der Diskussion mit einem Vertreter der Ultras klar wurde, da\u00df wir eben keine echten Fans sind. Wir waren ja nicht in Bremen, in London, ach halt, war ich doch!<\/p>\n<p>Seit diesem Spiel stehen wir am Rand. Wir k\u00f6nnen immer noch das Spiel gut sehen, entscheiden aber, was wir an Aktionen mitmachen. <\/p>\n<p>Schade, ich hatte mich so auf 22C gefreut. Auch in der n\u00e4chsten Saison werde ich dort oben stehen. Ich habe schon im Stadion gestanden, da waren die meisten Ultras noch nicht mal ein Gl\u00e4nzen in den Augen ihres Vaters. Ein Blockwechsel kam nicht so richtig in Frage, weil die Pl\u00e4tze halt zum Fu\u00dfball schauen und supporten Ideal sind. Und sitzen ist f\u00fcr\u2019n Arsch.<\/p>\n<h4>Besonderheiten<\/h4>\n<p>Der HSV macht nun auch in Web2.0 Es gibt einen offiziellen <a href=\"http:\/\/twitter.com\/hsv\" target=\"_blank\">Twitteraccount<\/a>, bei <a href=\"http:\/\/www.facebook.com\/HSV\" target=\"_blank\">Facebook<\/a> ist man nat\u00fcrlich auch. Was ist daran nun besonders, andere Vereine machen das doch auch. Zum einen wird es nicht als Linkschleuder verwendet, es werden kleine Anekdoten aus dem Alltag getwittert.<\/p>\n<p>H\u00f6hepunkt war die Fahrt zum Ausw\u00e4rtsspiel nach Gladbach. Alle Wirrungen und Irrungen wurden detailliert geschildert und ich erinnere mich an Lob f\u00fcr diese Geschichte auch von anderen Usern bei Twitter, die nicht dem HSV verschrieben sind.<\/p>\n<p>Hier noch mal ein Auszug.<\/p>\n<p><a href=\"http:\/\/www.nedsblog.de\/wp-content\/uploads\/Die-Reise-nach-Gladbach.jpg\" target=\"_blank\"><img loading=\"lazy\" decoding=\"async\" class=\"alignnone size-medium wp-image-3178\" title=\"Die Reise nach Gladbach\" alt=\"\" src=\"http:\/\/www.nedsblog.de\/wp-content\/uploads\/Die-Reise-nach-Gladbach-99x300.jpg\" width=\"99\" height=\"300\" \/><\/a> <\/p>\n<h4>Was war gut?<\/h4>\n<ul>\n<li>Sieg im Derby gegen werda? (auch wenn die sich nicht gewehrt haben) <\/li>\n<li>Mladen Petric <\/li>\n<li>Das 4:2 gegen Stuttgart <\/li>\n<li>Die R\u00fcckkehr von Romeo Castelen (wenn auch nur auf der Bank) im letzten Spiel <\/li>\n<li>Die Verabschiedung von Collo und Rost (auch wenn es traurig war) <\/li>\n<li>Die Entscheidung in Bremen im Block zu warten, auch wenn wir diese nicht ausgesprochen hatten <\/li>\n<li><a href=\"http:\/\/www.youtube.com\/watch?v=HJ8Tcj1CbSw\" target=\"_blank\">Das T\u00fcddelband<\/a> <\/li>\n<\/ul>\n<h4>Was war schlecht?<\/h4>\n<ul>\n<li>Niederlage gegen den St. Adtteilverein <\/li>\n<li>werda? Ausw\u00e4rts (der Block ist eine Frechheit) <\/li>\n<li>Das Nichtausw\u00e4rtsspiel gegen den St. Adtteilverein <\/li>\n<li>Die Trainerposse im Winter <\/li>\n<li>Die Sportchefsuche (ganzj\u00e4hrig) <\/li>\n<li>Die Wahl der 4 neuen Aufsichtsratmitglieder (nur einer Stand auf meinem Wahlzettel) <\/li>\n<li>Die zahlreichen Rasenexperten, die nach dem abgesagtem Derby auftauchten <\/li>\n<li>Die Hinrunde <\/li>\n<li>Die R\u00fcckrunde <\/li>\n<\/ul>\n<h4>Was bleibt.<\/h4>\n<p>Hoffnung. <\/p>\n<p>Die habe ich immer. <\/p>\n<p>So wie dieses Jahr (und im Grunde auch das Jahr davor) kann und darf es nicht weiter gehen. Wir brauchen einen Umbruch, dieser wird anscheinend auch vollzogen. Der HSV mu\u00df neben seinem historischem und klangvollem Namen auch f\u00fcr eine Art Fu\u00dfball zu spielen stehen. Ich will keine Kopie vom BVB, Mainz 05 oder der Nationalelf. Ich will eine eigene Idee. Ein Teil scheint ja schon angefangen zu haben, laut dem Sportchef wird in allen Jugendmannschaften 4-3-3 gespielt werden. Ein Anfang. Es macht mich traurig, da\u00df bei der aktuellen U17 WM kein einziger Spieler vom HSV dabei ist. Das mu\u00df sich \u00e4ndern! Das wird sich \u00e4ndern.<\/p>\n<p>Nicht \u00e4ndern wird sich dieses Blog. Ich werde weiterhin meine Meinung zu den Spielen und dem HSV schreiben. Wenn ich es schaffe, dann bastel ich mir ein neues Theme, Umbruch wird ja gro\u00df geschrieben. Auch der Inhalt des jeweiligen Artikels zum Spieltag wird angepa\u00dft, ich wei\u00df aber noch nicht, was wegf\u00e4llt und was dazu kommt. Eine Idee habe ich schon, la\u00dft euch \u00fcberraschen.<\/p>\n<h4>Fazit<\/h4>\n<p>Es ist eine verlorene Saison gewesen. In jeder Hinsicht. Die negativen Momente \u00fcberwiegten. <\/p>\n<p>Nun geht die neue Saison los. Es sind viele Spieler gegangen und neue gekommen. Was mich daran erinnert: <\/p>\n<p>Die R\u00fcckennummern \u00e4ndern sich, die Raute bleibt!<\/p>\n<p>In diesem Sinne: <strong>Nur der HSV!<\/strong><\/p>\n","protected":false},"excerpt":{"rendered":"<p>Nun der letzte Teil der R\u00fcckschau. Ein Rundumschlag auf alles, was in den Teilen I, II, III und IV noch verschont geblieben ist. Der Die Trainer Und wieder einmal wechselten wir in der Saison den Trainer. Das zweite Jahr in Folge. War ja klar. Als Armin Veh kam, war ich skeptisch: \u201cIch bin gespannt, leicht [&hellip;]<\/p>\n","protected":false},"author":2,"featured_media":0,"comment_status":"open","ping_status":"open","sticky":false,"template":"","format":"standard","meta":{"footnotes":""},"categories":[4,165],"tags":[120,126,160,286,266,639,10,246,121,159],"class_list":["post-3817","post","type-post","status-publish","format-standard","hentry","category-hsv","category-kader-hsv","tag-aufsichtsrat","tag-bastian-reinhardt","tag-bernd-hoffmann","tag-carl-edgar-jarchow","tag-frank-arnesen","tag-hsv","tag-kader","tag-matthias-sammer","tag-saison-20102011","tag-urs-siegenthaler"],"_links":{"self":[{"href":"http:\/\/www.nedsblog.de\/index.php?rest_route=\/wp\/v2\/posts\/3817","targetHints":{"allow":["GET"]}}],"collection":[{"href":"http:\/\/www.nedsblog.de\/index.php?rest_route=\/wp\/v2\/posts"}],"about":[{"href":"http:\/\/www.nedsblog.de\/index.php?rest_route=\/wp\/v2\/types\/post"}],"author":[{"embeddable":true,"href":"http:\/\/www.nedsblog.de\/index.php?rest_route=\/wp\/v2\/users\/2"}],"replies":[{"embeddable":true,"href":"http:\/\/www.nedsblog.de\/index.php?rest_route=%2Fwp%2Fv2%2Fcomments&post=3817"}],"version-history":[{"count":12,"href":"http:\/\/www.nedsblog.de\/index.php?rest_route=\/wp\/v2\/posts\/3817\/revisions"}],"predecessor-version":[{"id":3840,"href":"http:\/\/www.nedsblog.de\/index.php?rest_route=\/wp\/v2\/posts\/3817\/revisions\/3840"}],"wp:attachment":[{"href":"http:\/\/www.nedsblog.de\/index.php?rest_route=%2Fwp%2Fv2%2Fmedia&parent=3817"}],"wp:term":[{"taxonomy":"category","embeddable":true,"href":"http:\/\/www.nedsblog.de\/index.php?rest_route=%2Fwp%2Fv2%2Fcategories&post=3817"},{"taxonomy":"post_tag","embeddable":true,"href":"http:\/\/www.nedsblog.de\/index.php?rest_route=%2Fwp%2Fv2%2Ftags&post=3817"}],"curies":[{"name":"wp","href":"https:\/\/api.w.org\/{rel}","templated":true}]}}