{"id":3858,"date":"2011-07-28T22:02:12","date_gmt":"2011-07-28T20:02:12","guid":{"rendered":"http:\/\/www.nedsblog.de\/?p=3858"},"modified":"2011-07-28T22:22:48","modified_gmt":"2011-07-28T20:22:48","slug":"wir-haben-eine-kleine-abwehr","status":"publish","type":"post","link":"http:\/\/www.nedsblog.de\/?p=3858","title":{"rendered":"Wir haben eine kleine Abwehr&#8230;"},"content":{"rendered":"<p>&#8230; so fing meine Idee zu diesem Eintrag an. Im Spiel gegen die Bayern fiel es mir auf. Westermann ist kein Riese, Mancienne sieht sehr schm\u00e4chtig aus und Aogo scheint ist wenn auch nur ein Sitzriese. <\/p>\n<p>Aber ist das so? Haben wir eine kleine Abwehr? <\/p>\n<p><del datetime=\"2011-07-28T20:20:45+00:00\">Ja und nein. Mit 187 cm im Schnitt sind unsere Spieler nicht gerade klein. Liegen aber unter dem Ligaschnitt. Der liegt bei 190 cm. <\/del><\/p>\n<p>Man sollte tats\u00e4chlich nicht auf Schmerztablette bloggen. Unsere Abwehr ist 185cm gro\u00df und liegt damit im Schnitt der Liga. Unsere Torh\u00fcter sind 187cm gro\u00df und der Schnitt liegt bei 190cm.<\/p>\n<p>Eine \u00dcbersicht<\/p>\n<p>&#160;<a href=\"http:\/\/www.nedsblog.de\/wp-content\/uploads\/cm.jpg\"><img loading=\"lazy\" decoding=\"async\" class=\"alignnone size-full wp-image-3859\" title=\"Gr\u00f6\u00dfe der Bundesligaspieler in cm\" alt=\"\" src=\"http:\/\/www.nedsblog.de\/wp-content\/uploads\/cm.jpg\" width=\"376\" height=\"402\" srcset=\"http:\/\/www.nedsblog.de\/wp-content\/uploads\/cm.jpg 376w, http:\/\/www.nedsblog.de\/wp-content\/uploads\/cm-280x300.jpg 280w\" sizes=\"auto, (max-width: 376px) 100vw, 376px\" \/><\/a> <\/p>\n<p>Basis ist die Liste aller Spieler, die bei <a title=\"fussballdaten.de\" href=\"http:\/\/www.fussballdaten.de\" target=\"_blank\">fussballdaten.de<\/a> zum jeweiligen Verein im Kader stehen. (Stichtag 28.07.2011) Da ich den Daten von den Vereinen selber aber eher traue, gerade was die Zuordnung der Spieler (Tor, Abwehr, Mittelfeld, Angriff) angeht, habe ich alle 18 Homepages durchst\u00f6bert und die Daten entsprechend angepasst. Es sollte soweit also stimmen. (Dabei ein Appell an den SC Freiburg: Eine Kaderliste w\u00e4re echt ganz sch\u00f6n, jeden Spieler auf dem Mannschaftsfoto anklicken macht irgendwann keinen Spa\u00df mehr). Zur Kontrolle kann die Liste <a title=\"hier\" href=\"https:\/\/spreadsheets.google.com\/spreadsheet\/pub?hl=en_US&amp;hl=en_US&amp;key=0Av4ETf833YNgdDVPZ1FQYlhLTVdnUGc4WlY1NjZSVWc&amp;single=true&amp;gid=0&amp;output=html\" target=\"_blank\">hier<\/a> eingesehen werden. Wenn ich es schaffe, werde ich diese Liste versuchen immer aktuell zu halten. Mal schauen, ist viel Arbeit. <\/p>\n<p>Wir sehen also, der HSV hat eine vermeintlich kleine Abwehr. Es sieht sogar noch &quot;schlimmer&quot; aus, wenn man die potentiellen Bankdr\u00fccker (Lennard Sowah, Guy Demel, Miroslav Stepanek, Janek Sternberg) rausrechnet. Dennis Diekmeier, Michael Mancienne, Heiko Westermann, Jeffrey Bruma, Dennis Aogo und Muhamed Besic sind dann im Schnitt gerade mal 185 cm gro\u00df. So gro\u00df wie ich! Das finde ich dann ein wenig &quot;bedenklich&quot;. <\/p>\n<p>Warum? Nun, auf die Gr\u00f6\u00dfe kommt es nicht an, hat man mir mal gesagt. Das mag in vielen Situationen stimmen, in der Abwehr sehe ich das anders. Bei jeder Standardsituation mu\u00df der vermeintlich kleine Abwehrspieler beim Kopfball eine sehr gute Absprungposition und \u2013zeit erwischen, damit er vor dem St\u00fcrmer an den Ball kommt. Ich spreche nicht aus Fu\u00dfballerfahrung, eher aus dem Basketball: Ich durfte mit meinen 185cm immer auf der Centerposition spielen, weil ich der \u201cgr\u00f6\u00dfte\u201d war. Ja, ich kam an Rebounds ran, ja, ich konnte W\u00fcrfe blocken, aber ich mu\u00dfte mich daf\u00fcr um so mehr anstrengen. Und je mehr man sich anstrengt, desto weniger Konzentration hat man. Und gerade zum Ende eines Spiels, wenn die Kondition nachl\u00e4sst sind die fehlenden cm meiner Meinung nach ein Nachteil. Gutes Stellungsspiel kann da einiges bewirken, klar, aber seht ihr das so anders als ich?<\/p>\n<p>Ich will nicht sagen wir brauchen 2m Kerle in der Abwehr, nein, aber so an die 190cm in der Innenverteidigung h\u00e4tte ich doch schon gerne.<\/p>\n<p>Da ich ja nun eine Liste aller Spieler habe, k\u00f6nnen wir uns ja mal anschauen, wie sich die K\u00f6rpergr\u00f6\u00dfen so verteilen.<\/p>\n<p><a href=\"http:\/\/www.nedsblog.de\/wp-content\/uploads\/Bundesligaspieler_cm.jpg\" target=\"_blank\"><img loading=\"lazy\" decoding=\"async\" src=\"http:\/\/www.nedsblog.de\/wp-content\/uploads\/Bundesligaspieler_cm-300x193.jpg\" alt=\"\" title=\"Bundesligaspieler in cm\" width=\"300\" height=\"193\" class=\"alignnone size-medium wp-image-3863\" srcset=\"http:\/\/www.nedsblog.de\/wp-content\/uploads\/Bundesligaspieler_cm-300x193.jpg 300w, http:\/\/www.nedsblog.de\/wp-content\/uploads\/Bundesligaspieler_cm.jpg 831w\" sizes=\"auto, (max-width: 300px) 100vw, 300px\" \/><\/a><\/p>\n<p>Im Schnitt ist ein Bundesligaspieler also 183cm gro\u00df. Die meisten Spieler (50) messen 180cm. Es folgt 185 (38) und dann 190 (35). Und siehe da, 16 von diesen langen Recken sind Abwehrspieler. 9 davon sind Torh\u00fcter und immerhin noch 8 Angreifer. Im Mittelfeld laufen 2 von diesen langen Lulatschen rum (Marcell Jansen und Martin Lanig). Ha. W\u00e4re Jansen also ein Linksverteidiger, w\u00fcrde er den Schnitt nach oben ziehen. Aber wie ihr ja alle wisst: Marcell Jansen ist kein Linksverteidiger!!!<br \/>\n&#8222;Zwerge&#8220; gibt es nicht viele, lediglich 4 Spieler sind kleiner als 170cm. Drei sind Mittelfeldspieler und einer spielt in der Abwehr. Allerdings Au\u00dfenverteidiger. Der gr\u00f6\u00dfte Spieler der Liga ist Lars Unnerstall (dritter Torwart bei S04) mit 199cm. Der kleinste Spieler ist ja nun nicht mehr Piotr Trochowski sondern Arthur Boka vom VfB mit 166cm. Der eben genannte Abwehrzwerg.<\/p>\n<p>Den cm-gr\u00f6\u00dften Kader haben BRE und B04 (185cm). Am cm-kleinsten sind der VfB, S04 und H96 mit 182 cm. Wir liegen mit 183 cm genau im Schnitt.<\/p>\n<h4>Die Kaderaufteilung<\/h4>\n<p>Und wenn man dann schon Zeit hat 18 Vereinsseiten zu durchst\u00f6bern, kann man sich doch gleich mal Gedanken \u00fcber den Kader der Mannschaften machen<\/p>\n<p>Wir gehen mit 4 St\u00fcrmern in die Saison. Das finde ich wenig, zumal aus der zweiten Mannschaft sich im Moment niemand aufdr\u00e4ngt und die Nachwuchskandidaten, die vielleicht in Frage k\u00e4men, verliehen sind (Beister nach D\u00fcsseldorf, Chrisantus zum FSV Frankfurt). Haben wir also zu wenig St\u00fcrmer?<\/p>\n<p>Ja. Mit 4 St\u00fcrmern liegen wir unter dem Schnitt der anderen Bundesligisten (der ist 6). Daf\u00fcr haben wir \u00fcberdurchschnittlich viele Mittelfeldspieler im Kader (14, der Schnitt liegt bei 10). Das wiederrum macht bei den angedachten 4-3-3 und 4-2-3-1 als Spielsystem aber dann wieder Sinn. Schon unsere jetzigen 4 St\u00fcrmer w\u00fcrden in den beiden Systemen wenig Platz bekommen.<\/p>\n<p>Die Verteilung der Kader in der gesamten Bundesliga<\/p>\n<p><a href=\"http:\/\/www.nedsblog.de\/wp-content\/uploads\/kg.jpg\"><img loading=\"lazy\" decoding=\"async\" src=\"http:\/\/www.nedsblog.de\/wp-content\/uploads\/kg.jpg\" alt=\"\" title=\"Kadergr\u00f6\u00dfe je Mannschaftsteil\" width=\"374\" height=\"399\" class=\"alignnone size-full wp-image-3867\" srcset=\"http:\/\/www.nedsblog.de\/wp-content\/uploads\/kg.jpg 374w, http:\/\/www.nedsblog.de\/wp-content\/uploads\/kg-281x300.jpg 281w\" sizes=\"auto, (max-width: 374px) 100vw, 374px\" \/><\/a><\/p>\n<p>Ein durchschnittlicher Bundesligaverein hat also 3 Torh\u00fcter, 9 Abwehrspieler, 10 Mittelfeldasse und 6 St\u00fcrmer im Kader. Also 28 Mann im Kader. Die auff\u00e4lligsten Abweichungen: M05 nur 2 Torh\u00fcter; HOF 11 Abwehrspieler, aber nur 8 Spieler im Mittelfeld; SCF g\u00f6nnt sich gar nur 6 Abwehrspieler; wir haben 14 Mittelfeldler zur Verf\u00fcgung; BRE, FCN und HOF gehen mit jeweils 8 St\u00fcrmern in die Saison.<\/p>\n<p>Und? Welche Mannschaft hat den gr\u00f6\u00dften Kader? Nein, diesmal nicht der Magath in Wolfsburg, es ist der Verein, der da spielt, wo selbst die Weser einen Bogen drum macht! 33 Spieler werden in den h\u00e4sslichen gr\u00fcnen Trikots die Saison bestreiten wollen. Danach folgen der FCK (32), der HSV (31) und dann erst WOB (30). B04 geht gerade mal mit 23 Mann in die Bundesligasaison. Wohlgemerkt, Stand 28.07.11 Eine \u00dcberpr\u00fcfung nach Ende der Transferperiode ist hiermit versprochen.<\/p>\n<p><a href=\"http:\/\/www.nedsblog.de\/wp-content\/uploads\/Kader-Bungesliga.jpg\" target=\"_blank\"><img loading=\"lazy\" decoding=\"async\" src=\"http:\/\/www.nedsblog.de\/wp-content\/uploads\/Kader-Bungesliga-300x193.jpg\" alt=\"\" title=\"Kader Bungesliga\" width=\"300\" height=\"193\" class=\"alignnone size-medium wp-image-3868\" srcset=\"http:\/\/www.nedsblog.de\/wp-content\/uploads\/Kader-Bungesliga-300x193.jpg 300w, http:\/\/www.nedsblog.de\/wp-content\/uploads\/Kader-Bungesliga.jpg 831w\" sizes=\"auto, (max-width: 300px) 100vw, 300px\" \/><\/a><\/p>\n<p>Und hinterher die Kadergr\u00f6\u00dfe inklusive der durchschnittlichen K\u00f6rpergr\u00f6\u00dfe aller Bundesligisten. Heute bekommt ihr die volle Dr\u00f6hnung (ich sollte nicht unter dem Einflu\u00df von Schmerztabletten bloggen, merken f\u00fcr die Zukunft)<\/p>\n<p><a href=\"http:\/\/www.nedsblog.de\/wp-content\/uploads\/kg-cm.jpg\"><img loading=\"lazy\" decoding=\"async\" src=\"http:\/\/www.nedsblog.de\/wp-content\/uploads\/kg-cm.jpg\" alt=\"\" title=\"kg cm\" width=\"139\" height=\"403\" class=\"alignnone size-full wp-image-3871\" srcset=\"http:\/\/www.nedsblog.de\/wp-content\/uploads\/kg-cm.jpg 139w, http:\/\/www.nedsblog.de\/wp-content\/uploads\/kg-cm-103x300.jpg 103w\" sizes=\"auto, (max-width: 139px) 100vw, 139px\" \/><\/a><\/p>\n<h4>Nationen<\/h4>\n<p>Und wo kommen die Spieler her?<\/p>\n<p>Gute Frage! Will ich doch gleich mal beantworten. Es sind 506 Spieler in der Datenbank, die aus 60 verschiedenen L\u00e4ndern kommen. \u00dcber die H\u00e4lfte aller Spieler kommen nat\u00fcrlich aus Deutschland (268). Der Rest der 238 Spieler verteilt sich auf 59 L\u00e4nder. Brasilien f\u00fchrt die Liste an (18) gefolgt von *trommelwirbel* \u00d6sterreich (16)! Das fand ich dann doch \u00fcberraschend. Dahinter kommen Kroatien (15), die Niederlande (13), Tschechien (12) und nur noch Frankreich ist zweistellig mit 10. Immerhin 9 Spieler kommen aus Japan, der Boom h\u00e4lt also an. Braucht nicht jeder einen Japaner im Team? Bei der Liste fiel mir auf, da\u00df es &#8222;nur&#8220; drei Spanier in der Bundesliga spielen und alle drei spielen beim S04 (Sergio Escudero, Jurado und Ra\u00fal).<\/p>\n<p>Hier die L\u00e4nderaufteilung in der Bundesliga<\/p>\n<p><a href=\"http:\/\/www.nedsblog.de\/wp-content\/uploads\/Bundesliga-Nationen.jpg\" target=\"_blank\"><img loading=\"lazy\" decoding=\"async\" src=\"http:\/\/www.nedsblog.de\/wp-content\/uploads\/Bundesliga-Nationen-300x193.jpg\" alt=\"\" title=\"Bundesliga Nationen\" width=\"300\" height=\"193\" class=\"alignnone size-medium wp-image-3875\" srcset=\"http:\/\/www.nedsblog.de\/wp-content\/uploads\/Bundesliga-Nationen-300x193.jpg 300w, http:\/\/www.nedsblog.de\/wp-content\/uploads\/Bundesliga-Nationen.jpg 794w\" sizes=\"auto, (max-width: 300px) 100vw, 300px\" \/><\/a><\/p>\n<p><small>Die &#8222;Anderen&#8220; sind Argentinien, Australien, Kanada, Elfenbeink\u00fcste, Spanien, Griechenland, Israel, Norwegen, Peru, Tunesien, Venezuela (jeweils 3), Georgien, Kolumbien, Korea, Nigeria, Portugal, Rum\u00e4nien, Slowenien (jeweils 2), Burkina Faso, Wei\u00dfrussland, Bulgarien, Kongo, \u00c4gypten, England, Finnland, Guinea, Island, Lybien,<br \/>\nMarokko, Mexiko, Mazedonien, Paraguay, Russland, Senegal, Sierra Loene, Ukraine, Zambia (je 1)<\/small><\/p>\n<p>Grob aufgeteilt bedeutet das, 268 (53%) kommen aus Deutschland, 160 (32%) kommen aus dem UEFA Ausland und 77 (15%) kommen aus allen anderen L\u00e4ndern. Ich habe einfach mal die UEFA L\u00e4nder genommen, EU Ausl\u00e4nder fand ich zu doof, weil ich mir zum Beispiel nicht sicher war, welchen Status dann Wei\u00dfrussland hat. Also dachte ich mir, packe ich die UEFA mal in einen Topf.<\/p>\n<p>Auf die Mannschaft verteilt sieht das absolut so aus<\/p>\n<p><a href=\"http:\/\/www.nedsblog.de\/wp-content\/uploads\/Bundesliga-Nationen-absolut.jpg\" target=\"_blank\"><img loading=\"lazy\" decoding=\"async\" src=\"http:\/\/www.nedsblog.de\/wp-content\/uploads\/Bundesliga-Nationen-absolut-300x193.jpg\" alt=\"\" title=\"Bundesliga Nationen absolut\" width=\"300\" height=\"193\" class=\"alignnone size-medium wp-image-3876\" srcset=\"http:\/\/www.nedsblog.de\/wp-content\/uploads\/Bundesliga-Nationen-absolut-300x193.jpg 300w, http:\/\/www.nedsblog.de\/wp-content\/uploads\/Bundesliga-Nationen-absolut.jpg 794w\" sizes=\"auto, (max-width: 300px) 100vw, 300px\" \/><\/a><\/p>\n<p>Die Mannschaft von der Weser hat also die meisten Deutschen im Team. Die wenigsten hat der VfB. Bayer Leverkusen kommt mit 4 UEFA Ausl\u00e4ndern aus, der FCK hat 14 im Kader. K\u00f6ln und Gladbach haben jeweils 7 Spieler aus anderen Kontinenten, w\u00e4hrend N\u00fcrnberg nur 2 im Kader hat. Beim HSV f\u00e4llt auf, da\u00df 13 Spieler aus dem UEFA Ausland kommen und nur einer mehr aus Deutschland. Sollte das Konzept nicht irgendwie anders sein?<\/p>\n<p>Die Absoluten Zahlen h\u00e4ngen nat\u00fcrlich von der Anzahl der Spieler im Kader ab. Werfen wir also mal einen Blick auf die prozentuale Verteilung je Verein<\/p>\n<p><a href=\"http:\/\/www.nedsblog.de\/wp-content\/uploads\/Bundesliga-Nationen-prozentual.jpg\" target=\"_blank\"><img loading=\"lazy\" decoding=\"async\" src=\"http:\/\/www.nedsblog.de\/wp-content\/uploads\/Bundesliga-Nationen-prozentual-300x193.jpg\" alt=\"\" title=\"Bundesliga Nationen prozentual\" width=\"300\" height=\"193\" class=\"alignnone size-medium wp-image-3877\" srcset=\"http:\/\/www.nedsblog.de\/wp-content\/uploads\/Bundesliga-Nationen-prozentual-300x193.jpg 300w, http:\/\/www.nedsblog.de\/wp-content\/uploads\/Bundesliga-Nationen-prozentual.jpg 794w\" sizes=\"auto, (max-width: 300px) 100vw, 300px\" \/><\/a><\/p>\n<p>B04 hat somit den h\u00f6chsten Anteil an deutschen Spieler im Kader. Fast 3\/4 (73,9%). Der VfB hat nicht mal die H\u00e4lfte im Kader (41,7%). Beim FCK komman 43,8% der Spieler aus dem UEFA Ausland. Beim FCA sind es nur 13,8%. Ein viertel der Spieler bei Gladbach kommen von sehr weit her, w\u00e4hrend N\u00fcrnberg fast darauf verzichtet (7,1%). Unsere Werte sind mit 45,2% deutschen Spielern nicht da\u00df, was als neue Vision ausgegeben wurde. Oder habe ich das falsch verstanden?<\/p>\n<p>Wenn mir jetzt noch jemand erkl\u00e4rt, wie ich von der Gr\u00f6\u00dfe der Spieler auf den prozentualen Anteil der Nationen gekommen bin, gebe ich ein Bier aus. Nunja, ich finde die Zahlen interessant und werde versuchen diese Daten weiter vorzuhalten. Ist nicht leicht, weil die tats\u00e4chlichen Kader auf den Vereinsseiten stehen und das sammeln recht aufw\u00e4ndig ist. Aber wenn wir schon nicht international dabei sind, dann habe ich ja Zeit f\u00fcr sowas.<\/p>\n<h4>Fazit<\/h4>\n<p>Ich finde unsere Abwehr zu klein und sehe da eine Schw\u00e4che bei Standards. Das war es, was ich eigentlich sagen wollte.<\/p>\n<p>In diesem Sinne: <strong>Nur der HSV!<\/strong><\/p>\n","protected":false},"excerpt":{"rendered":"<p>&#8230; so fing meine Idee zu diesem Eintrag an. Im Spiel gegen die Bayern fiel es mir auf. Westermann ist kein Riese, Mancienne sieht sehr schm\u00e4chtig aus und Aogo scheint ist wenn auch nur ein Sitzriese. Aber ist das so? Haben wir eine kleine Abwehr? Ja und nein. Mit 187 cm im Schnitt sind unsere [&hellip;]<\/p>\n","protected":false},"author":2,"featured_media":0,"comment_status":"open","ping_status":"open","sticky":false,"template":"","format":"standard","meta":{"footnotes":""},"categories":[23,4,165],"tags":[289,290,291,292,642,270,293,294,295,296,297,298,639,10,299,306,300,305,301,302,303,304],"class_list":["post-3858","post","type-post","status-publish","format-standard","hentry","category-bundesliga","category-hsv","category-kader-hsv","tag-b04","tag-bmg","tag-bre","tag-bsc","tag-bundesliga","tag-bvb","tag-fca","tag-fcb","tag-fck","tag-fcn","tag-h96","tag-hof","tag-hsv","tag-kader","tag-koe","tag-korpergrose","tag-m05","tag-nationen","tag-s04","tag-scf","tag-vfb","tag-wob"],"_links":{"self":[{"href":"http:\/\/www.nedsblog.de\/index.php?rest_route=\/wp\/v2\/posts\/3858","targetHints":{"allow":["GET"]}}],"collection":[{"href":"http:\/\/www.nedsblog.de\/index.php?rest_route=\/wp\/v2\/posts"}],"about":[{"href":"http:\/\/www.nedsblog.de\/index.php?rest_route=\/wp\/v2\/types\/post"}],"author":[{"embeddable":true,"href":"http:\/\/www.nedsblog.de\/index.php?rest_route=\/wp\/v2\/users\/2"}],"replies":[{"embeddable":true,"href":"http:\/\/www.nedsblog.de\/index.php?rest_route=%2Fwp%2Fv2%2Fcomments&post=3858"}],"version-history":[{"count":18,"href":"http:\/\/www.nedsblog.de\/index.php?rest_route=\/wp\/v2\/posts\/3858\/revisions"}],"predecessor-version":[{"id":3884,"href":"http:\/\/www.nedsblog.de\/index.php?rest_route=\/wp\/v2\/posts\/3858\/revisions\/3884"}],"wp:attachment":[{"href":"http:\/\/www.nedsblog.de\/index.php?rest_route=%2Fwp%2Fv2%2Fmedia&parent=3858"}],"wp:term":[{"taxonomy":"category","embeddable":true,"href":"http:\/\/www.nedsblog.de\/index.php?rest_route=%2Fwp%2Fv2%2Fcategories&post=3858"},{"taxonomy":"post_tag","embeddable":true,"href":"http:\/\/www.nedsblog.de\/index.php?rest_route=%2Fwp%2Fv2%2Ftags&post=3858"}],"curies":[{"name":"wp","href":"https:\/\/api.w.org\/{rel}","templated":true}]}}