{"id":3935,"date":"2011-08-04T22:02:42","date_gmt":"2011-08-04T20:02:42","guid":{"rendered":"http:\/\/www.nedsblog.de\/?p=3935"},"modified":"2011-08-04T22:02:42","modified_gmt":"2011-08-04T20:02:42","slug":"20-sekunden-sind-ziemlich-kurz","status":"publish","type":"post","link":"http:\/\/www.nedsblog.de\/?p=3935","title":{"rendered":"20 Sekunden sind ziemlich kurz"},"content":{"rendered":"<p>&#8230; aber ich habe es geschafft.<\/p>\n<p>Ich bin von <a href=\"http:\/\/www.sportradio360.de\" target=\"_blank\">sportradio360.de<\/a> gefragt worden, ob ich eine Frage beantworten kann:<br \/>\n<strong>Wir wollen wissen, ob die j\u00fcngste Mannschaft der Bundesliga, der HSV, ausreichend F\u00fchrungsspieler hat, um in der oberen Tabellenh\u00e4lfte zu bleiben?<\/strong><\/p>\n<p>Klingt gut, aber ich habe nur 20 Sekunden f\u00fcr die Antwort gehabt.<br \/>\nDas ist dabei raus gekommen:<br \/>\n[audio:http:\/\/www.nedsblog.de\/wp-content\/uploads\/LigaGlobe1.mp3|titles=LigaGlobe1]<\/p>\n<p>Ich wurde nat\u00fcrlich nicht nur alleine gefragt, h\u00f6rt es euch an.<br \/>\nDie gesamte Show kann man <a href=\"http:\/\/www.sportradio360.de\/show.html\" title=\"sportradio360.de\" target=\"_blank\">hier<\/a> h\u00f6ren.<\/p>\n<p>Es werden noch weitere Episoden folgen, ich werde euch dar\u00fcber informieren.<\/p>\n<p>In diesem Sinne: <strong>Nur der HSV!<\/strong><\/p>\n","protected":false},"excerpt":{"rendered":"<p>&#8230; aber ich habe es geschafft. Ich bin von sportradio360.de gefragt worden, ob ich eine Frage beantworten kann: Wir wollen wissen, ob die j\u00fcngste Mannschaft der Bundesliga, der HSV, ausreichend F\u00fchrungsspieler hat, um in der oberen Tabellenh\u00e4lfte zu bleiben? Klingt gut, aber ich habe nur 20 Sekunden f\u00fcr die Antwort gehabt. Das ist dabei raus [&hellip;]<\/p>\n","protected":false},"author":2,"featured_media":0,"comment_status":"open","ping_status":"open","sticky":false,"template":"","format":"standard","meta":{"footnotes":""},"categories":[23,4],"tags":[642,138,317,639,318,10,262,316],"class_list":["post-3935","post","type-post","status-publish","format-standard","hentry","category-bundesliga","category-hsv","tag-bundesliga","tag-david-jarolim","tag-fuhrungsspieler","tag-hsv","tag-jungste-mannschaft","tag-kader","tag-saison-20112012","tag-sportradio360-de"],"_links":{"self":[{"href":"http:\/\/www.nedsblog.de\/index.php?rest_route=\/wp\/v2\/posts\/3935","targetHints":{"allow":["GET"]}}],"collection":[{"href":"http:\/\/www.nedsblog.de\/index.php?rest_route=\/wp\/v2\/posts"}],"about":[{"href":"http:\/\/www.nedsblog.de\/index.php?rest_route=\/wp\/v2\/types\/post"}],"author":[{"embeddable":true,"href":"http:\/\/www.nedsblog.de\/index.php?rest_route=\/wp\/v2\/users\/2"}],"replies":[{"embeddable":true,"href":"http:\/\/www.nedsblog.de\/index.php?rest_route=%2Fwp%2Fv2%2Fcomments&post=3935"}],"version-history":[{"count":5,"href":"http:\/\/www.nedsblog.de\/index.php?rest_route=\/wp\/v2\/posts\/3935\/revisions"}],"predecessor-version":[{"id":3941,"href":"http:\/\/www.nedsblog.de\/index.php?rest_route=\/wp\/v2\/posts\/3935\/revisions\/3941"}],"wp:attachment":[{"href":"http:\/\/www.nedsblog.de\/index.php?rest_route=%2Fwp%2Fv2%2Fmedia&parent=3935"}],"wp:term":[{"taxonomy":"category","embeddable":true,"href":"http:\/\/www.nedsblog.de\/index.php?rest_route=%2Fwp%2Fv2%2Fcategories&post=3935"},{"taxonomy":"post_tag","embeddable":true,"href":"http:\/\/www.nedsblog.de\/index.php?rest_route=%2Fwp%2Fv2%2Ftags&post=3935"}],"curies":[{"name":"wp","href":"https:\/\/api.w.org\/{rel}","templated":true}]}}