{"id":3984,"date":"2011-08-14T23:35:16","date_gmt":"2011-08-14T21:35:16","guid":{"rendered":"http:\/\/www.nedsblog.de\/?p=3984"},"modified":"2011-08-14T23:35:16","modified_gmt":"2011-08-14T21:35:16","slug":"bundesliga-20112012-hertha-zu-hause","status":"publish","type":"post","link":"http:\/\/www.nedsblog.de\/?p=3984","title":{"rendered":"Bundesliga 2011\/2012: Hertha, zu Hause"},"content":{"rendered":"<p><strong>Das Spiel kurz zusammengefa\u00dft<\/strong><br \/>\nEs gibt noch viel zu tun, haben wir Geduld!<\/p>\n<h2>Wie war&#8217;s?<\/h2>\n<p>Ein Punkt gegen einen Aufsteiger. Das ist zu wenig, vor allem zu Hause. Ein Patzer von unserer neuen Nummer 1 hat uns 3, zugegebener Ma\u00dfen verdammt gl\u00fcckliche, Punkte zu nichte gemacht. Aber war es seine alleinige Schuld? Der letzte Konter, der zu einem Eckball gef\u00fchrt hat, h\u00e4tte niemals so passieren d\u00fcrfen. Meiner Meinung nach war mit Westermann ein Spieler mit nach hinten gelaufen, der die Situation vorher h\u00e4tte bereinigen k\u00f6nnen. Er trabte nur leider neben her, griff nicht ein. Ein Fernsehbeweis habe ich leider nicht sehen k\u00f6nnen, aber ich habe im Stadion den Eindruck gehabt, da\u00df unser Kapit\u00e4n da nichts gemacht hat. Er lief in die richtige Richtung (von Drobny aus Rechts) aber eben nicht schnell genug. Die Flanke kam und wurde zur Ecke gekl\u00e4rt. Die Ecke w\u00e4re niemals zu Stande gekommen, wenn Westermann da durchzieht und den Zweikampf nimmt. Hat das jemand von euch auch so gesehen?<\/p>\n<p>Aber nun zum Spiel. Wo fangen wir an? Damit, da\u00df Hertha beweglicher war? Unser Spiel in der Offensive war zu statisch, es wurde nicht ohne Ball gelaufen. Machen wir weiter mit dem nicht vorhandenem Pressing in der ersten H\u00e4lfte? Erst mit der Einwechslung von Tesche und Jansen fand es dann in der zweiten H\u00e4lfte statt. Bestes Beispiel war doch das Tor von Son! Beim Ballbesitz des Gegners wurde hoch gepresst und der Gegner zu Fehlern gezwungen. Son hat diesen Platz herrlich genutzt und seine sehr schwache Leistung mal kurz f\u00fcr ein Tor unterbrochen. Solch einene Einsatz hatte ich im ersten Spiel zu Hause gegen einen Aufsteiger und Abstiegskandidaten ehrlich gesagt von Anfang an erwartet.<\/p>\n<p>Es ist erst der zweite Spieltag, wir hatten 4 neue Spieler in der Mannschaft, aber so langsam sollte mal eine Taktik, ein Spielplan erkennbar sein. In der Offensive war davon nichts zu sehen. Halt, nicht ganz: Vor dem einsnull gab es eine sch\u00f6ne schnelle Kombination zum sechszehner und den verungl\u00fcckten Schu\u00df von Son werte ich mal als genialen Pa\u00df auf Petric. Aber sonst war da nichts. Keine Idee, was mit dem Ball angefangen werden soll, der Mitspieler steht einfach nur rum. Und die Defensive? Immer noch ein H\u00fchnerhaufen. Die R\u00fcckw\u00e4rstbewegung aller Mannschaftsteile war gut. Also gut, wenn wir das Spiel genau 1 Sekunde sp\u00e4ter betrieben h\u00e4tten. Wir liefen wie auch gegen Dortmund hinterher, machten die R\u00e4ume an der falschen Stelle dicht und lie\u00dfen die Berliner immer sch\u00f6n bis durch zur Grundlinie laufen. <\/p>\n<p>Es ist noch viel zu tun. Mir stellt sich nur die Frage, wei\u00df der Trainer nicht was zu tun ist, oder wissen es die Spieler noch nicht?<\/p>\n<p>Wir sind noch nicht abgestiegen. Das ist noch nie ein Team am zweiten Spieltag! Wir brauchen Geduld. Ich habe sie! Ihr auch? Es waren drei 19j\u00e4hrige auf dem Platz. Das darf man bei aller Kritik nicht vergessen.<\/p>\n<p><strong>Tor<\/strong><\/p>\n<p>\u00dcber den Fehler brauchen wir nicht zu reden. Schon vorher gab es ein zwei Situationen, wo er falsch rausgelaufen ist. Daf\u00fcr lenkte er auch ein paar B\u00e4lle am Tor vorbei.<\/p>\n<p><strong>Abwehr<\/strong><\/p>\n<p>Mit Bruma und Mancienne zwei Neue in der Abwehr, da kommt es zu Unstimmigkeiten. Trotzdem wirkt es so auf mich, als wenn wir da ein Duo haben, was die Saison zusammen bestreiten kann. Diekmeier immer noch nicht hinten sattelfest, stand h\u00e4ufig falsch, das mu\u00df trainiert werden! Aogo fiel besonders ab, sehr schlechtes Defensivspiel, kaum Aktzente in der Offensive, das kann er besser. War er ver\u00e4rgert, da\u00df er unter der Woche nicht zum Zuge kam?<\/p>\n<p><strong>Mittelfeld<\/strong><\/p>\n<p>Defensiv im falschen Raum zur falschen Zeit. Da mu\u00df justiert werden. Skjelbred noch mit Welpenschutz, bem\u00fcht aber nicht effektiv. Der Kapit\u00e4n dagegen vorbidlich, was Einsatz und Laufbereitschaft angeht. Leider zu oft zu sp\u00e4t und dadurch ohne M\u00f6glichkeit richtig in die Zweik\u00e4mpfe zu kommen. Nur 42% gewann er.<br \/>\nDie Offensive auch unter ihrem M\u00f6glichkeiten. Son tauchte bis auf sein Tor unter und Elia lief nebenher. T\u00f6re immer wieder mit Tempodribblings, aber er dachte wohl 2 Sekunden schneller als seine Mitspieler, die Anspielstationen waren dann immer verstellt. Er sollte dringend die richtige Dosis zwischen Pa\u00df und Dribbling finden.<\/p>\n<p><strong>Sturm<\/strong><\/p>\n<p>War Mladen auf dem Platz? Machte keine R\u00e4ume auf f\u00fcr das Mittelfeld bekam aber auch wenig verwertbare B\u00e4lle. Der Elfer war gut!<\/p>\n<p><strong>Taktik<\/strong><\/p>\n<p>4-1-4-1 oder 4-2-3-1 je nach Sitaution. So war es bestimmt geplant. Leider kam es selten zu einem geordnetem Aufbau. Kein Pressing in der ersten H\u00e4lfte, Hertha konnte das Mittelfeld gut und teilweise ungest\u00f6rt \u00fcberbr\u00fccken. Das Umschalten mu\u00df gelernt werden. Dringend!<\/p>\n<p><strong>Einwechslungen<\/strong><\/p>\n<p>Mit Tesche und Jansen schafften wir es Druck auf die Abwehrspieler zu erzeugen. Jarolim gleich pr\u00e4sent, wenn auch offensiv nicht so wirksam.<\/p>\n<p><strong>Spieler des Spiels:<\/strong><\/p>\n<p>Schwer. Echt schwer. Gefallen hat mir T\u00f6re, aber das auch eher als Ein\u00e4ugiger unter Blinden.<\/p>\n<p><strong>P\u00f6bler des Spiels:<\/strong><\/p>\n<p>Westermann. Die Situation vor dem entscheidenem Eckball h\u00e4tte er verhindern k\u00f6nnen. Meiner Meinung nach.<\/p>\n<h2>Was sagt die Statistik?<\/h2>\n<p>Die Laufleistung der Spieler hat bundesliga.de in diesem Spiel nicht zur Verf\u00fcgung gestellt. Schade, h\u00e4tte gerne gewu\u00dft, ob wir mehr gelaufen sind. Es f\u00fchlte sich so an.<br \/>\n<iframe width='482' height='377' frameborder='0' src='https:\/\/docs.google.com\/spreadsheet\/pub?hl=en_US&#038;hl=en_US&#038;key=0Av4ETf833YNgdHZ0dUNCb0dkaExTMmlxeXNmdkpLc2c&#038;single=true&#038;gid=3&#038;range=B1%3AT22&#038;output=html'><\/iframe><br \/>\n<small><small>2K\u00e4mpfe gew-Zweik\u00e4mpfe gewonnen; ges-Gesamt; %-Prozent gewonnen (Beim Torwart: Torsch\u00fcsse geh-Torsch\u00fcsse gehalten; ges-gesamt; %-Prozent gehalten), BK-Ballkontakte, TS-Torsch\u00fcsse (Beim Torwart AF-abgefangene Flanken), P\u00e4sse a-P\u00e4sse angekommen; g-gespielt; %-Prozent angekommen, FL-Flanken, TSV-Torschussvorlagen, Tor-Tore, TVO-Torvorlagen, LF-Laufleistung in km, Sp-Sprints >-raus, < -rein, Min-Minuten, OF-Offensivfaktor; Quelle: <a href=\"http:\/\/www.bundesliga.de\">bundesliga.de<\/a> f\u00fcr die Offensiven Daten (TS, TSV, Tor; TVO) und <a href=\"http:\/\/www.sky.de\" target=\"_blank\">sky.de<\/a> f\u00fcr den Rest<\/small><\/small><\/p>\n<h2>Was war sonst noch?<\/h2>\n<p>Lautern-Augsburg klingt immer noch nach zweiter Liga, mu\u00df man sich dran gew\u00f6hnen.<br \/>\nBrazzo kann Bayern nicht stoppen.<br \/>\nRa\u00fal sollte man wirklich einfach nur Fu\u00dfball spielen lassen.<br \/>\nMainz und Hannover sind wohl mehr als eine Eintagsfliege. Taktik kann eben doch viel bewirken.<br \/>\nBallack wird ausgewechselt, schon f\u00e4llt ein Tor. Gibt es da einen Zusammenhang?<br \/>\nIn Hoffenheim passieren merkw\u00fcrdige Dinge, bin gespannt, ob in der Presse da noch was folgen wird. (Bin echt vorsichtig, da was dr\u00fcber zu schreiben, wenn es nur die Quelle <a href=\"http:\/\/www.borussen.tv\/\" target=\"_blank\">hier<\/a> gibt).<\/p>\n<h2>Leihspielercheck<\/h2>\n<p>Hier ein kurzer Blick auf die verliehenen Spieler. <\/p>\n<p><em><a href=\"http:\/\/www.transfermarkt.de\/de\/maximilian-beister\/leistungsdaten\/spieler_58379.html\" target=\"_blank\">Maxi Beister<\/a> &#8211; Fortuna D\u00fcsseldorf<\/em><br \/>\nSpielt erst am Montag. Reiche ich nach.<br \/>\n<em><a href=\"http:\/\/www.transfermarkt.de\/de\/macauley-chrisantus\/leistungsdaten\/spieler_62552.html\" target=\"_blank\">Macauly Chrisantus<\/a> &#8211; FSV Frankfurt<\/em><br \/>\nWeiterhin nicht im Kader. Immer noch Malaria?<\/p>\n<h2>Was macht eigentlich &#8230;?<\/h2>\n<p><em>Frank Rost<\/em> ist wohl noch verletzt, spielt nicht. <em>Collin Benjamin<\/em> nicht auf der Bank, wohl aber nach der Verletzung immerhin wieder im Kader (Hat jemand mitbekommen, da\u00df Benny Lauth 7 Scorerpunkte hat? Das w\u00e4re doch einer f\u00fcr uns. Herrje, ich hatte so viel Hoffnung in ihn gesetzt. Damals). <em>Piotr Trochowski<\/em> streikt wohl. Also in Spanien wollen die Spieler streiken. Bin auf sein erstes Spiel gespannt.<\/p>\n<p>In diesem Sinne: <strong>Nur der HSV!<\/strong><\/p>\n<p style=\"font-size: x-small\">N\u00e4chstes Wochenende die Bayern. Da haben wir in der Vorbereitung gut ausgesehen, das schaffen wir dann noch mal!<\/p>\n","protected":false},"excerpt":{"rendered":"<p>Das Spiel kurz zusammengefa\u00dft Es gibt noch viel zu tun, haben wir Geduld! Wie war&#8217;s? Ein Punkt gegen einen Aufsteiger. Das ist zu wenig, vor allem zu Hause. Ein Patzer von unserer neuen Nummer 1 hat uns 3, zugegebener Ma\u00dfen verdammt gl\u00fcckliche, Punkte zu nichte gemacht. Aber war es seine alleinige Schuld? Der letzte Konter, [&hellip;]<\/p>\n","protected":false},"author":2,"featured_media":0,"comment_status":"open","ping_status":"open","sticky":false,"template":"","format":"standard","meta":{"footnotes":""},"categories":[23,4],"tags":[642,53,231,639,51,262],"class_list":["post-3984","post","type-post","status-publish","format-standard","hentry","category-bundesliga","category-hsv","tag-bundesliga","tag-hertha-bsc","tag-heung-min-son","tag-hsv","tag-mladen-petric","tag-saison-20112012"],"_links":{"self":[{"href":"http:\/\/www.nedsblog.de\/index.php?rest_route=\/wp\/v2\/posts\/3984","targetHints":{"allow":["GET"]}}],"collection":[{"href":"http:\/\/www.nedsblog.de\/index.php?rest_route=\/wp\/v2\/posts"}],"about":[{"href":"http:\/\/www.nedsblog.de\/index.php?rest_route=\/wp\/v2\/types\/post"}],"author":[{"embeddable":true,"href":"http:\/\/www.nedsblog.de\/index.php?rest_route=\/wp\/v2\/users\/2"}],"replies":[{"embeddable":true,"href":"http:\/\/www.nedsblog.de\/index.php?rest_route=%2Fwp%2Fv2%2Fcomments&post=3984"}],"version-history":[{"count":14,"href":"http:\/\/www.nedsblog.de\/index.php?rest_route=\/wp\/v2\/posts\/3984\/revisions"}],"predecessor-version":[{"id":3999,"href":"http:\/\/www.nedsblog.de\/index.php?rest_route=\/wp\/v2\/posts\/3984\/revisions\/3999"}],"wp:attachment":[{"href":"http:\/\/www.nedsblog.de\/index.php?rest_route=%2Fwp%2Fv2%2Fmedia&parent=3984"}],"wp:term":[{"taxonomy":"category","embeddable":true,"href":"http:\/\/www.nedsblog.de\/index.php?rest_route=%2Fwp%2Fv2%2Fcategories&post=3984"},{"taxonomy":"post_tag","embeddable":true,"href":"http:\/\/www.nedsblog.de\/index.php?rest_route=%2Fwp%2Fv2%2Ftags&post=3984"}],"curies":[{"name":"wp","href":"https:\/\/api.w.org\/{rel}","templated":true}]}}