{"id":4017,"date":"2011-08-23T21:02:35","date_gmt":"2011-08-23T19:02:35","guid":{"rendered":"http:\/\/www.nedsblog.de\/?p=4017"},"modified":"2011-08-23T21:02:35","modified_gmt":"2011-08-23T19:02:35","slug":"oenning-der-abstieg-die-hsv-fans-und-20-sekunden","status":"publish","type":"post","link":"http:\/\/www.nedsblog.de\/?p=4017","title":{"rendered":"Oenning, der Abstieg, die HSV Fans und 20 Sekunden"},"content":{"rendered":"<p>Es ist Dienstag, die Niederlage gegen die Bayern ist gerade mal ein paar Tage her, verarbeitet habe ich noch nicht alles. <\/p>\n<p>In diesem Internet ist einiges los, normalerweise veranstalte ich hier bei mir keine &#8222;Presseschau&#8220;, allerdings gibt es ein paar Texte, zu denen ich gerne meinen Senf dazu geben m\u00f6chte. Ach hielten wir es doch alle wie Uli Hoene\u00df und w\u00fcrden dieses Internet mit diesen Blogs einfach irgonieren.<\/p>\n<p>Also los geht&#8217;s:<\/p>\n<p>Zuerst ein lesenwerte Text \u00fcber unseren aktuellen Trainer:<br \/>\n<a href=\"http:\/\/www.spox.com\/myspox\/group-blogdetail\/Der-gute-Herr-Oenning--Teil-1-,136772.html\" target=\"_blank\">Der gute Herr Oenning<\/a><\/li>\n<p>Geschrieben von einem Glubberer, der mu\u00df also wissen, wie unser Trainer einzusch\u00e4tzen ist. Er blogt <a href=\"http:\/\/www.clubfans-united.de\/\" target=\"_blank\">hier<\/a>.<br \/>\nIch teile nicht alle seine Einsch\u00e4tzungen, kann nun aber sein Wirken beim Club besser einsch\u00e4tzen. Ich erkenne parallelen bei uns (Diekmeier, ein System welches die Spieler anscheinend nicht verstehen) hoffe aber, da\u00df auch MO dazu gelernt hat und es bei uns anders laufen wird. Gut finde ich auch, da\u00df unser schwerer Start ber\u00fccksichtigt wird. Die Aufgabe ist alleine schon schwer (leere Kasse, Umbruch im Verein) da sind der BVB, FCB, SVW, S04 und VfB kein leichtes Auftaktprogramm.<\/p>\n<p>Dann habe ich bei einem fleissigem Kommentierer (@<a href=\"http:\/\/www.twitter.com\/hertizworld\" target=\"_blank\">hertizworld<\/a>) diesen Beitrag gelesen: <a href=\"http:\/\/hertizworld.blogspot.com\/2011\/08\/umbruch-tut-weh.html\" target=\"_blank\">(Um)bruch tut weh<\/a>. Ich stimmt nicht in allen Punkten mit ihm \u00fcberein, aber gr\u00f6\u00dftenteils stellt er die Situation gut dar. Sein Faible f\u00fcr einen weiteren Innenverteidiger verstehe ich nicht, aber gerade seinen Aufruf zur Geduld unterst\u00fctze ich. Und die Zuversicht, da\u00df es mit dieser Mannschaft klappen wird. Und abgestiegen sind wir noch lange nicht!<\/p>\n<p>Richtig ge\u00e4rgert habe ich mich \u00fcber diesen Beitrag: <a href=\"http:\/\/www.sportal.de\/sportal\/generated\/article\/fussball\/2011\/08\/22\/20506400000.html\" target=\"_blank\">HSV und Fans &#8211; Anatomie einer gest\u00f6rten Beziehung<\/a>. Ich wei\u00df gar nicht, wo ich bei diesem Artikel anfangen soll. Es wird nicht wirklich der Anbschied eines Spielers\/Trainers, der 18 Jahre (!!!) bei einem Verein gearbeitet hat als heroisches Beispiel angef\u00fchrt, wie toll die Fans sind? Hat der Autor die Verabschiedung von Collo verpasst? Der war nur 13 Jahre da. Und warum ist es schlimm, da\u00df unser Masseur, der immerhin 25 Jahre (!!!) im Verein war, ein Kultstatus hat?<br \/>\nDer Boykott der wenig Auserw\u00e4hlten nach der Niederlage gegen wer da? hat echt sehr gut geklappt. Das hat der Autor wohl nicht mitbekommen. Haben wir Pl\u00e4tze gest\u00fcrmt oder Busse blockiert? Nein! Die Ultras haben den Kontakt zur Mannschaft gesucht und zwar im Gespr\u00e4ch! (Auch wenn sie dort als alle Fans aufgetreten sind und ich irgendwie nicht daran beteiligt war. Aber das ist eine andere Geschichte). Und welche Stimmung gerade aus dem Block kommt, trotz der ersten drei Spiele in dieser Saison, ging an dem Autor wohl auch vorbei. Welchen Hass meinte der Autor denn genau?<br \/>\nDer Autor ist also davon \u00fcberzeugt, da\u00df Eventfans am Millerntor die \u00dcberhand haben? Das glaube ich tats\u00e4chlich mal nicht. Und wir alle sind frustriert ob der \u00c4ra Hoffmann? Bitte was? Es ging einigen um die Art der Vereinsf\u00fchrung, nicht um die \u00c4ra selber. Das hat der Autor wohl nicht verstanden.<br \/>\nDie Erwartungshaltung wird ebenfalls angeprangert. Nach zwei Halbfinals in Folge gibt sich ja auch jeder mit einem Mittelfeldplatz zufrieden. Nee, ist klar!<br \/>\nDie Kritik an Guerrero und Elia wird uns allen vorgeworfen. Ist es so neu, da\u00df Fans eigene Spieler mal nicht m\u00f6gen? Und das soll nun so HSV spezifisch sein? Bitte was?<br \/>\n&#8222;Au\u00dfer Hermann k\u00f6nnt ihr alle gehen&#8220; habe ich auch schon mal aus M\u00fcnchen geh\u00f6rt, da ist es halt ein Trainer und kein Masseur. Was genau ist daran jetzt so HSV spezifisch? <\/p>\n<p>Der Text ist meiner Meinung nach vom ersten bis zum letzten Wort absoluter M\u00fcll! Es werden alle Fans \u00fcber einen Kamm geschoren, ob nun Ultras, normale Dauerkarteninhaber wie ich, normale Tageskartenfans und auch die Eventfans. Sezten, 6!<\/p>\n<p>Genug aufgeregt, nun noch was anderes. Ich durfte mal wieder bei <a href=\"http:\/\/www.sportradio360.de\" target=\"_blank\">sportradio360.de<\/a> in 20 Sekunden was \u00fcber den HSV sagen. Die ganze Sendung findet ihr <a href=\"http:\/\/www.sportradio360.de\/show.html\" target=\"_blank\">hier<\/a>. Dort sollten auch die mp3s einzeln zur Verf\u00fcgung stehen, wer nicht unbedingt die ganzen 73 Minuten h\u00f6ren will. Ihr findet mich im LigaGlobus, also im Part2.<\/p>\n<p>In diesem Sinne: <strong>Nur der HSV!<\/strong><\/p>\n","protected":false},"excerpt":{"rendered":"<p>Es ist Dienstag, die Niederlage gegen die Bayern ist gerade mal ein paar Tage her, verarbeitet habe ich noch nicht alles. In diesem Internet ist einiges los, normalerweise veranstalte ich hier bei mir keine &#8222;Presseschau&#8220;, allerdings gibt es ein paar Texte, zu denen ich gerne meinen Senf dazu geben m\u00f6chte. Ach hielten wir es doch [&hellip;]<\/p>\n","protected":false},"author":2,"featured_media":0,"comment_status":"open","ping_status":"open","sticky":false,"template":"","format":"standard","meta":{"footnotes":""},"categories":[23,4],"tags":[320,319,639,263,262,316],"class_list":["post-4017","post","type-post","status-publish","format-standard","hentry","category-bundesliga","category-hsv","tag-clubfans-united","tag-hertizworld","tag-hsv","tag-michael-oenning","tag-saison-20112012","tag-sportradio360-de"],"_links":{"self":[{"href":"http:\/\/www.nedsblog.de\/index.php?rest_route=\/wp\/v2\/posts\/4017","targetHints":{"allow":["GET"]}}],"collection":[{"href":"http:\/\/www.nedsblog.de\/index.php?rest_route=\/wp\/v2\/posts"}],"about":[{"href":"http:\/\/www.nedsblog.de\/index.php?rest_route=\/wp\/v2\/types\/post"}],"author":[{"embeddable":true,"href":"http:\/\/www.nedsblog.de\/index.php?rest_route=\/wp\/v2\/users\/2"}],"replies":[{"embeddable":true,"href":"http:\/\/www.nedsblog.de\/index.php?rest_route=%2Fwp%2Fv2%2Fcomments&post=4017"}],"version-history":[{"count":9,"href":"http:\/\/www.nedsblog.de\/index.php?rest_route=\/wp\/v2\/posts\/4017\/revisions"}],"predecessor-version":[{"id":4026,"href":"http:\/\/www.nedsblog.de\/index.php?rest_route=\/wp\/v2\/posts\/4017\/revisions\/4026"}],"wp:attachment":[{"href":"http:\/\/www.nedsblog.de\/index.php?rest_route=%2Fwp%2Fv2%2Fmedia&parent=4017"}],"wp:term":[{"taxonomy":"category","embeddable":true,"href":"http:\/\/www.nedsblog.de\/index.php?rest_route=%2Fwp%2Fv2%2Fcategories&post=4017"},{"taxonomy":"post_tag","embeddable":true,"href":"http:\/\/www.nedsblog.de\/index.php?rest_route=%2Fwp%2Fv2%2Ftags&post=4017"}],"curies":[{"name":"wp","href":"https:\/\/api.w.org\/{rel}","templated":true}]}}