{"id":4028,"date":"2011-08-25T20:00:21","date_gmt":"2011-08-25T18:00:21","guid":{"rendered":"http:\/\/www.nedsblog.de\/?p=4028"},"modified":"2011-08-25T16:25:31","modified_gmt":"2011-08-25T14:25:31","slug":"%d0%b4%d0%be%d0%b1%d1%80%d0%be%d0%b4%d0%be%d1%88%d0%bb%d0%b8-%d1%83-%d1%85%d0%b0%d0%bc%d0%b1%d1%83%d1%80%d0%b3%d1%83-%d1%81%d0%bb%d0%be%d0%b1%d0%be%d0%b4%d0%b0%d0%bd-%d1%80%d0%b0%d1%98%d0%ba%d0%be","status":"publish","type":"post","link":"http:\/\/www.nedsblog.de\/?p=4028","title":{"rendered":"\u0414\u043e\u0431\u0440\u043e\u0434\u043e\u0448\u043b\u0438 \u0443 \u0425\u0430\u043c\u0431\u0443\u0440\u0433\u0443 \u0421\u043b\u043e\u0431\u043e\u0434\u0430\u043d \u0420\u0430\u0458\u043a\u043e\u0432\u0438\u0446"},"content":{"rendered":"<p>&#8222;Dobrodo\u0161li u Hamburgu Slobodan Rajkovic&#8220; hei\u00dft auf deutsch: Herzlich Willkommen in Hamburg Slobodan Rajkovic<\/p>\n<p>Der f\u00fcnfte Spieler von Chelsea <a href=\"http:\/\/www.hsv.de\/teams\/meldungen\/bundesliga\/august-2011\/perfekt-hsv-verpflichtet-slobodan-rajkovic\/\" target=\"_blank\">ist da<\/a>. [Bitte f\u00fcgt hier s\u00e4mtliche H\u00e4me und Witze \u00fcber die erneute Verpflichtung eines Spielers vom ehemaligen Verein unseres Sportchefs ein]. <\/p>\n<p>Aber anscheinend waren wir nicht die einzigen, die den Spieler verpflichten wollten, seine Qualit\u00e4t scheint als nicht nur Frank Arnesen aufgefallen zu sein. Laut <a href=\"http:\/\/mobil.abendblatt.de\/sport\/fussball\/hsv\/article2003106\/Slobodan-Rajkovic-darf-endlich-arbeiten.html\" target=\"_blank\">abendblatt<\/a> sollen auch Valenciennes und Bayer Leverkusen angefragt haben (Augsburg und den St. Adtteilverein unterschlage ich hier mal absichtlich!). <\/p>\n<p>Und endlich mal ein gro\u00dfer Abwehrspieler, er misst 191cm! Als wenn jemand der Verantwortlichen <a href=\"http:\/\/www.nedsblog.de\/?p=3858\" title=\"Wir haben eine kleine Abwehr\u2026\" target=\"_blank\">hier mitliest<\/a> :-) Slobodan Rajkovic ist 22 Jahre alt, pa\u00dft also auch in den viel beschrieben Umbruch. Er ist gekauft worden, es wird also geplant sein, mit ihm eine Abwehr aufzubauen, vor der sich die Bundesliga f\u00fcrchten soll.<\/p>\n<h4>Statistik<\/h4>\n<p>Machen wir uns nichts vor: Er hat kein Spiel in der Premier League f\u00fcr Chelsea gemacht. Das lag zum einen an der Konkurrenz in der Stammformation und zum anderen an einer fehlenden Arbeitserlaubnis.<br \/>\nDer Hintergrund dazu:<\/p>\n<blockquote><p>Currently a non-EU player applying for the permit must have played for his country in at least 75 percent of its competitive &#8218;A&#8216; team matches for which he was available for selection during the previous two years, and his country must have averaged at least 70th place in the official FIFA world rankings over the previous two years. If a player does not meet those criteria, the club wishing to sign him may appeal if they believe that he is a special talent and &#8222;able to contribute significantly to the development of the game at the top level in the UK.<small> <a href=\"Quelle: http:\/\/en.wikipedia.org\/wiki\/Premier_League#Foreign_players_and_transfer_regulations\" target=\"_blank\">Quelle<\/a><\/p><\/blockquote>\n<p><\/small><\/p>\n<p>Also blieb dem Verein nichts anderes \u00fcbrig, als ihn zu verleihen. Er ging in die Eredevisie, 1 Jahr PSV Eindhoven, 2 Jahre Twente Enschede und letzte Saison dann Vitesse Arnheim. In seinen ersten drei Jahren spielte er nicht h\u00e4ufig, 13, 13 bzw. 10 Spiele, er stand im Schnitt 62 Minuten auf dem Platz. <\/p>\n<p>Die letzte Saison war dann seine St\u00e4rkste: 24 Spiele, alle von Beginn an und nicht einmal ausgewechselt. Seit 2 Jahren spielt er in der serbischen Nationalmannschaft, brachte es auf immerhin 4 Spiele (was nicht wundert, immerhin hat er als Konkurrenten die Herren Vidic von ManUtd und Subotic vom BVB vor sich). <\/p>\n<p>F\u00fcr einen Innenverteidiger hat er erstaunlich wenig gelbe Karten in der letzten Saison bekommen, nur 2. Wenn man bedenkt, da\u00df es in der U21 w\u00e4hrend der Olympiade 2008 die sog. Spukaff\u00e4re gab (er bestreitet weiterhin, gespukt zu haben, wurde aber f\u00fcr 10 L\u00e4nderspiele gesperrt) so habe ich aus statistischer Sicht nicht den Eindruck, da\u00df er ein Hei\u00dfsporn ist. <\/p>\n<h4>Meinung<\/h4>\n<p>Mein holl\u00e4ndisch hat sich immer noch nicht gebessert und in englischsprachigen Blogs habe ich nichts \u00fcber ihn finden k\u00f6nnen.<br \/>\nErstaunlich finde ich die Meldung, da\u00df der neue Trainer von Chelsea Slobodan Rajkovic unbedingt halten wollte, sprich unbedingt eine Arbeitserlaubnis bekommen wollte, damit er in die erste Mannschaft aufr\u00fccken kann. Dem Herren Villas-Boas traue ich schon zu einen guten Spieler zu erkennen. Quelle daf\u00fcr <a href=\"http:\/\/www.givemefootball.com\/premier-league\/chelsea-make-u-turn-over-serbian-defender-decision\" target=\"_blank\">hier<\/a>.<\/p>\n<h4>Fazit<\/h4>\n<p>Nun zum Eigentlichem: Als die ersten Ger\u00fcchte aufkamen, wir wollen einen neuen Innenverteidiger verpflichten, habe ich nicht verstanden warum. Unser Kader hat 3 gelernte Innenverteidiger (Mancienne, Bruma, Westermann) und mindestens drei junge Nachwuchsspieler, die auf ihre Chance warten (Stepanek, Besic und Sternberg). Bruma und Mancienne haben meiner Meinung nach weiter Chancen verdient. Warum also einen Spieler holen, der bestimmt nicht gekommen ist um auf der Bank zu sitzen. OK, Bruma ist nur geliehen, man mu\u00df sich vielleicht darauf einstellen, da\u00df er n\u00e4chstes Jahr weg ist.<br \/>\nWenn ich aber nun die Daten von Rajkovic anschaue, so denke ich, da\u00df wir einen Spieler verpflichtet haben, der uns sofort helfen kann. Unsere Abwehr braucht Stabilit\u00e4t und er scheint ein robuster Verteidiger zu sein. Da unser Kapit\u00e4n anscheinend fest im defensiven Mittelfeld eingeplant ist (was mir mi\u00dff\u00e4llt, aber das ist eine andere Geschichte), brauchen wir einen dritten Innenverteidiger. Ich bin also \u00fcberzeugt, da\u00df es eine gute und notwendige Verpflichtung ist. So kann Mancienne auch mal auf die Au\u00dfenposition ausweichen, wenn Diekmeier mal offensiv eingesetzt werden sollte. <\/p>\n<p>Schade ist nat\u00fcrlich, da\u00df den Talenten so noch weniger Chancen auf einen Einsatz bleiben. Stepanek soll ja ein Riesentalent sein, sehen konnte ich es bisher leider nicht. Und jetzt in der Abwehr experimentieren, nein, das traut sich der MO wohl eher nicht.<\/p>\n<p>Wie immer findet ihr die Liste der neuen Spieler <a href=\"http:\/\/www.nedsblog.de\/?page_id=3908\" title=\"Kader \/ Transfers\" target=\"_blank\">hier<\/a>.<\/p>\n<p>In diesem Sinne: <strong>Nur der HSV!<\/strong><\/p>\n","protected":false},"excerpt":{"rendered":"<p>&#8222;Dobrodo\u0161li u Hamburgu Slobodan Rajkovic&#8220; hei\u00dft auf deutsch: Herzlich Willkommen in Hamburg Slobodan Rajkovic Der f\u00fcnfte Spieler von Chelsea ist da. [Bitte f\u00fcgt hier s\u00e4mtliche H\u00e4me und Witze \u00fcber die erneute Verpflichtung eines Spielers vom ehemaligen Verein unseres Sportchefs ein]. Aber anscheinend waren wir nicht die einzigen, die den Spieler verpflichten wollten, seine Qualit\u00e4t scheint [&hellip;]<\/p>\n","protected":false},"author":2,"featured_media":0,"comment_status":"open","ping_status":"open","sticky":false,"template":"","format":"standard","meta":{"footnotes":""},"categories":[23,4,165],"tags":[642,267,266,639,22,262,321,274,322],"class_list":["post-4028","post","type-post","status-publish","format-standard","hentry","category-bundesliga","category-hsv","category-kader-hsv","tag-bundesliga","tag-chelsea-fc","tag-frank-arnesen","tag-hsv","tag-neuzugang","tag-saison-20112012","tag-slobodan-rajkovic","tag-transfer","tag-vitesse-arnheim"],"_links":{"self":[{"href":"http:\/\/www.nedsblog.de\/index.php?rest_route=\/wp\/v2\/posts\/4028","targetHints":{"allow":["GET"]}}],"collection":[{"href":"http:\/\/www.nedsblog.de\/index.php?rest_route=\/wp\/v2\/posts"}],"about":[{"href":"http:\/\/www.nedsblog.de\/index.php?rest_route=\/wp\/v2\/types\/post"}],"author":[{"embeddable":true,"href":"http:\/\/www.nedsblog.de\/index.php?rest_route=\/wp\/v2\/users\/2"}],"replies":[{"embeddable":true,"href":"http:\/\/www.nedsblog.de\/index.php?rest_route=%2Fwp%2Fv2%2Fcomments&post=4028"}],"version-history":[{"count":18,"href":"http:\/\/www.nedsblog.de\/index.php?rest_route=\/wp\/v2\/posts\/4028\/revisions"}],"predecessor-version":[{"id":4047,"href":"http:\/\/www.nedsblog.de\/index.php?rest_route=\/wp\/v2\/posts\/4028\/revisions\/4047"}],"wp:attachment":[{"href":"http:\/\/www.nedsblog.de\/index.php?rest_route=%2Fwp%2Fv2%2Fmedia&parent=4028"}],"wp:term":[{"taxonomy":"category","embeddable":true,"href":"http:\/\/www.nedsblog.de\/index.php?rest_route=%2Fwp%2Fv2%2Fcategories&post=4028"},{"taxonomy":"post_tag","embeddable":true,"href":"http:\/\/www.nedsblog.de\/index.php?rest_route=%2Fwp%2Fv2%2Ftags&post=4028"}],"curies":[{"name":"wp","href":"https:\/\/api.w.org\/{rel}","templated":true}]}}