{"id":4048,"date":"2011-08-29T00:24:29","date_gmt":"2011-08-28T22:24:29","guid":{"rendered":"http:\/\/www.nedsblog.de\/?p=4048"},"modified":"2011-08-29T00:24:29","modified_gmt":"2011-08-28T22:24:29","slug":"bundesliga-20112012-koln-zu-hause","status":"publish","type":"post","link":"http:\/\/www.nedsblog.de\/?p=4048","title":{"rendered":"Bundesliga 2011\/2012, K\u00f6ln zu Hause"},"content":{"rendered":"<p><strong>Das Spiel kurz zusammengefa\u00dft<\/strong><\/p>\n<p>Wenn drei Tore zu Hause gegen K\u00f6ln nicht reichen, was dann?<\/p>\n<h2>Wie war&#8217;s?<\/h2>\n<p>Vor dem Spiel war ich nerv\u00f6s wie lange nicht mehr. Die Woche \u00fcber habe ich allen, die mich gefragt haben, ein zuversichtliches &#8222;Wir gewinnen, ist doch K\u00f6ln&#8220; entgegen geschmettert. Kurz vor Anpfiff war dann aber vorbei mit mir, ich war ein Wrack. Ich hatte ein schlechtes Gef\u00fchl, war total nerv\u00f6s. Als der Schiri uns dann einen Elfmeter schenkte, h\u00f6rte es nicht auf. Selbst nach der erneuten F\u00fchrung zum 3:2 war ich nicht ruhig. Zu unsicher, zu ungenau war unser Spiel. Zu recht irgendwie. Das Spiel war nie vollends in unserer Hand, wir haben unsere \u00dcberlegenheit nicht ausgenutzt. Die Konter der K\u00f6lner waren zwar sehr gut zu Ende gespielt, aber auch da profitierte der Gegner von unserer Unsortiertheit in der R\u00fcckw\u00e4rtsbewegung.<\/p>\n<p>Aufgeh\u00f6rt hat es mit der Nerv\u00f6sit\u00e4t beim Eckball in der 86. Minute. Ich rief noch zur Leinwand: Den mu\u00df er dann jetzt nehmen und schwubbs faustete Drobny den Ball vorbildlich auf McKenna. Ohne Not. Danach war ich ruhig und die Nerv\u00f6sit\u00e4t war vollkommen weg. Es war dann eine Leere im Kopf. Wir haben uns das Spiel erarbeitet, die Tore erarbeitet und werden trotzdem nicht belohnt. Wir schiessen zu Hause drei Tore und es reicht nicht? Das macht es den Spielern nicht leichter in den n\u00e4chsten Spielen. Die Spirale im Kopf dreht sich weiter nach unten und ich wei\u00df nicht, was wir schnell tun k\u00f6nnen. <\/p>\n<p>4 Spiele, ein Punkt, Platz 18. Das ist ein Fehlstart. Dummerweise ist jetzt L\u00e4nderspielpause. 14 Tage spielt der Kopf einem nun seine Streiche. (Und laut Medien sind wir nat\u00fcrlich schon l\u00e4ngst abgestiegen, es gibt kein Entkommen mehr! Wir werden alle sterben!!!)<\/p>\n<p>Was k\u00f6nnen wir nun positives aus dem Spiel mit nehmen? Wir haben 3 Tore geschossen. Das ist gut, das k\u00f6nnen wir gerne so weiter machen. Son hat nach einem Tief in der ersten Halbzeit eine bessere zweite gespielt. Petric hat defensiv mitgeholfen. Westermann und Rajkovic k\u00f6nnte unsere Innenverteidigung f\u00fcr die n\u00e4chsten Spiele sein. Der Kopfball von Westermann an die Latte. 4mal wurden unsere Spieler zu unrecht zur\u00fcck gepfiffen, weil der Schiedsrichterassitent meinte, es w\u00e4re Abseits gewesen. War es nicht. Daran lag es nicht, aber darauf k\u00f6nnen wir aufbauen. Den Pa\u00df wieder spielen, den Weg wieder rennen, beim n\u00e4chsten Mal klappt es dann vielleicht. <\/p>\n<p>Was mu\u00df sich dringend \u00e4ndern: Das defensive Mittelfeld ist mit 5 potentiellen Spieler eigentlich gut besetzt, es scheint nur keine Kombination dabei zu sein, die uns Stabilit\u00e4t bringt. Die Aussenverteidiger m\u00fcssen viel dazu lernen (Diekmeier) oder einfach ihr Leistungspotenzial abrufen (Aogo).<br \/>\nDie Offensive will \u00fcber die Fl\u00fcgel spielen. Da mu\u00df trainiert werden! Da kam leider zu wenig. Es fehlt immer noch der box-to-box Spieler, allerdings hat man bei Skjelbred gesehen, da\u00df er das kann. Bleibt noch Drobny. Der Trainer hat ganz fr\u00fch in der Vorbereitung auf ihn als Nummer eins gesetzt. Das kann dem Spieler Sicherheit geben, kann aber auch dazu f\u00fchren, da\u00df er sich zu sicher f\u00fchlt und nachl\u00e4ssig wird. Er ist ein guter Bundesligatorwart, mu\u00df jetzt aber mal ein Spiel sicher, die Punkte retten. Sonst w\u00fcrde ich Mickel eine Chance geben. <\/p>\n<p>Brauchen wir nun noch neue Spieler? Es scheint gerade das Allheilmittel zu sein, nach neuen Spielern zu suchen. Was sagt das denn \u00fcber den jetzigen Kader aus? Und ich habe noch im Hinterkopf, da\u00df wir unseren Kader verkleinern wollen. 22+3 war die Devise. Bin mal gespannt, wer diese 25 Spieler am 01.09. sind.<br \/>\nWo sind denn auf einmal die Finanzl\u00f6cher hin? Wir m\u00fcssen noch jemanden verkaufen, bevor wir dar\u00fcber nachdenken, einen neuen Spieler zu kaufen. Helfen w\u00fcrde uns ein echter, guter 6er. Nur sind die nicht billig. Offensiv meine ich, da\u00df wir nicht unbedingt nachlegen m\u00fcssen, es sei denn ein St\u00fcrmer w\u00fcrde verkauft. <\/p>\n<p>Zeit brauchen wir.<br \/>\nDie Mannschaft hat sich noch nicht gefunden, hat noch keine Basis, die sie abrufen kann, wenn es mal nicht so gut l\u00e4uft. Es fehlt an Stabilit\u00e4t in der Defensive und an einem Plan, wie wir die Offensive gestalten wollen.<br \/>\nZeit brauchen wir.<br \/>\nDie haben wir aber leider nicht mehr all zu lange. Noch ist nichts verloren, noch sind wir lange nicht abgestiegen. Es reicht eine kleine Serie (2 gewinnen, eins Unentschieden in den n\u00e4chsten 3 Spielen) und schon ist die Sicherheit da und die Ruhe zur\u00fcck. Es stehen uns aber in den n\u00e4chsten drei Spielen wer da? Gladbach und Stuttgart im Weg. Bei letzterem w\u00fcrde ich sagen, da\u00df die genauso verunsichert sind wie wir, die ersten beiden Gegner sind es aber nicht.<br \/>\nZeit brauchen wir<br \/>\nDie bekommen wir aber in der ersten Bundesliga leider nicht geschenkt.<\/p>\n<p>Es gibt noch verdammt viel zu tun, haben wir noch viel mehr Geduld.<\/p>\n<p><strong>Tor<\/strong><\/p>\n<p>Was soll ich sagen? Meiner Meinung nach am Ausgleich nicht unschuldig (er f\u00e4llt doch sehr langsam finde ich) und das 4. Tor geht klar auf seine Kappe. Schon wieder Punkte wegen eines Torwartfehlers liegen lassen.<\/p>\n<p><strong>Abwehr<\/strong><\/p>\n<p>Innen fand ich uns ganz gut. Rajkovic und Westermann wirkten nur beim ersten Gegentor unsortiert, ansonsten fand ich das aufbauend. Die Aussen dagegen wieder mal mit einem schlechtem Spiel. Was ist nur mit Aogo los? Diekmeier wirkt immer noch nicht sattelfest, wobei er in ein, zwei Szenen gezeigt hat, da\u00df er es eigentlich kann.<\/p>\n<p><strong>Mittelfeld<\/strong><\/p>\n<p>Defensiv wieder mit gro\u00dfen L\u00fccken. Das Umschalten klappt einfach nicht. Der Gegner ist wieder zu oft am Kontern nicht gehindert worden. Was meiner Meinung nach gar nicht klappt ist das Aushelfen der Aussenspieler im Mittelfeld.<br \/>\nDie Offensive wirkte etwas beweglicher, mehr integriert als in den letzten Spielen. Das war auch nicht schwer, aber ich will da nicht zu schwarz sehen!<\/p>\n<p><strong>Sturm<\/strong><\/p>\n<p>Petric ist sehr viel gelaufen, versuchte den Ball im Mittelfeld zu sichern und weiterzuleiten. Eines seiner besseren Spiele!<\/p>\n<p><strong>Taktik<\/strong><\/p>\n<p>4-2-3-1<br \/>\nGegen K\u00f6ln. Kann man machen, gerade in der jetzigen Situation. Aber: Wenn wir dann den Ball haben, dann mu\u00df ein defensiver Spieler mit aufr\u00fccken, das klappte noch nicht so gut. Ich h\u00e4tte auch nur mit einem sechser gespielt, um die K\u00f6lner noch mehr unter Druck zusetzen. Meinetwegen in einem 4-1-4-1 System. Bei gegnerischem Ballbesitz mu\u00df dann schnell nachger\u00fcckt werden und nicht getrabt. <\/p>\n<p>Der Trainer hat es aber auch nicht leicht, im Moment wirkt kein 6er auf mich reif f\u00fcr diese Aufgabe. Und der Partner an seiner Seite hat es demnach nicht leicht. Es w\u00e4re aber wichtig, mit einem festen Defensivverbund ins Training und in das n\u00e4chste Spiel zu gehen, damit dort Selbstvertrauen aufgebaut werden kann.<\/p>\n<p><strong>Einwechslungen<\/strong><\/p>\n<p>Ich h\u00e4tte Son nach der ersten H\u00e4lfte raus genommen, da hat er ein sehr schlechtes Spiel gemacht. Zum Gl\u00fcck habe ich keine Ahnung vom Fu\u00dfball :-) Elia hat nichts bewirkt, ist wohl nun im Kopf endg\u00fcltig schon woanders. Guerrero ging unter, brachte nichts. <\/p>\n<p><strong>Spieler des Spiels:<\/strong><\/p>\n<p>Die Spieler vom Balkan teilen sich diese Ehre: Petric und Rajkovic. Tolles Deb\u00fct vom Serben und ein tolles Spiel vom Kroaten.<\/p>\n<p><strong>P\u00f6bler des Spiels:<\/strong><\/p>\n<p>Jansen. Wer so viel redet, der mu\u00df auf dem Platz mehr zeigen! Laufen und nicht traben. Er w\u00fcrde gerne Linksverteidiger spielen, schafft es aber nicht im linken Mittelfeld defensiv auszuhelfen! Die Offensive haben wir schon besser gesehen.<\/p>\n<h2>Was sagt die Statistik?<\/h2>\n<p><iframe width='482' height='377' frameborder='0' src='https:\/\/docs.google.com\/spreadsheet\/pub?hl=de&#038;hl=de&#038;key=0Av4ETf833YNgdHZ0dUNCb0dkaExTMmlxeXNmdkpLc2c&#038;single=true&#038;gid=5&#038;range=B1%3AT22&#038;output=html'><\/iframe><br \/>\n<small><small>2K\u00e4mpfe gew-Zweik\u00e4mpfe gewonnen; ges-Gesamt; %-Prozent gewonnen (Beim Torwart: Torsch\u00fcsse geh-Torsch\u00fcsse gehalten; ges-gesamt; %-Prozent gehalten), BK-Ballkontakte, TS-Torsch\u00fcsse (Beim Torwart AF-abgefangene Flanken), P\u00e4sse a-P\u00e4sse angekommen; g-gespielt; %-Prozent angekommen, FL-Flanken, TSV-Torschussvorlagen, Tor-Tore, TVO-Torvorlagen, LF-Laufleistung in km, Sp-Sprints >-raus, < -rein, Min-Minuten, OF-Offensivfaktor; Quelle: <a href=\"http:\/\/www.bundesliga.de\">bundesliga.de<\/a> f\u00fcr die Offensiven Daten (TS, TSV, Tor; TVO) und <a href=\"http:\/\/www.sky.de\" target=\"_blank\">sky.de<\/a> f\u00fcr den Rest<\/small><\/small><\/p>\n<h2>Was war sonst noch?<\/h2>\n<p>Gomez schie\u00dft Tore, g\u00e4hn!<br \/>\nFelix Magath kauft und kauft und verliert trotzdem dreinull.<br \/>\nDas Spitzentoppsuperwichtig18:30 Spiel wird ein nullnull<br \/>\nHoffenheimer Ordern verpr\u00fcgeln Fans aus Prehmen. Da gibt es schlechtere Nachrichten. Hochfrequenz reicht wohl nicht mehr. (Wobei man sagen mu\u00df, es handelte sich wohl um einen mit der Polizei abgesprochener Einsatz, es sollten Pyroz\u00fcndler rausgeholt werden. Und die Fans haben auch gleich draufgehauen, da sollen die sich nicht wundern.)<br \/>\nF\u00fcr Stuttgart ist alles wie immer: Die Hinrunde, oder wie @hirngabel meinte: Schlimmrunde<br \/>\nDer Glubb gewinnt das brisante Bayernderby! (Heutzutage ist doch alle Derby, was nicht bei drei auf den B\u00e4umen ist, oder?? Wobei es in Wahrheit ein Franken gegen Schwaben Spiel war, aber das interessiert ja niemanden)<br \/>\nHannover mit einer grandiosen zweiten Halbzeit, wird leider nicht belohnt wie am Donnerstag.<br \/>\nRa\u00fal mal nicht mit Eleganz sondern mit Nachdruck.<\/p>\n<p>Das Spiel habe ich in Berlin im The Dubliner gesehen. Das ist der Fantreff des OFC <a href=\"http:\/\/www.hsv-fanszeneberlin.de\/\" target=\"_blank\">Fanszene-Berlin<\/a>. Es war echt klasse da, am Spieltag wird extra ein Fa\u00df Holsten angestochen, man ist umgeben von Rautentr\u00e4gern und an allen Ecken und Enden wird das Spiel \u00fcbertragen.<br \/>\n<a href=\"http:\/\/www.nedsblog.de\/wp-content\/uploads\/2011-08-27-16.26.09.jpg\"><img loading=\"lazy\" decoding=\"async\" src=\"http:\/\/www.nedsblog.de\/wp-content\/uploads\/2011-08-27-16.26.09-225x300.jpg\" alt=\"\" title=\"The Dubliner Berlin\" width=\"225\" height=\"300\" class=\"alignnone size-medium wp-image-4051\" srcset=\"http:\/\/www.nedsblog.de\/wp-content\/uploads\/2011-08-27-16.26.09-225x300.jpg 225w, http:\/\/www.nedsblog.de\/wp-content\/uploads\/2011-08-27-16.26.09-768x1024.jpg 768w, http:\/\/www.nedsblog.de\/wp-content\/uploads\/2011-08-27-16.26.09.jpg 1920w\" sizes=\"auto, (max-width: 225px) 100vw, 225px\" \/><\/a><br \/>\nDas war fein!<\/p>\n<h2>Leihspielercheck<\/h2>\n<p>Hier ein kurzer Blick auf die verliehenen Spieler. <\/p>\n<p><em><a href=\"http:\/\/www.transfermarkt.de\/de\/maximilian-beister\/leistungsdaten\/spieler_58379.html\" target=\"_blank\">Maxi Beister<\/a> &#8211; Fortuna D\u00fcsseldorf<\/em><br \/>\n77 Minuten auf dem Platz, SPN 2.<br \/>\n<em><a href=\"http:\/\/www.transfermarkt.de\/de\/macauley-chrisantus\/leistungsdaten\/spieler_62552.html\" target=\"_blank\">Macauly Chrisantus<\/a> &#8211; FSV Frankfurt<\/em><br \/>\nEin Tor, er scheint wieder gesund. Er war aber nur 22 Minuten auf dem Platz. SPN 5.<\/p>\n<h2>Was macht eigentlich &#8230;?<\/h2>\n<p><em>Frank Rost<\/em> spielt immer noch nicht. <em>Collin Benjamin<\/em> war wieder nicht mal auf der Bank und <em>Piotr Trochowski<\/em> durfte am Sonntag wieder ran. 90 Minuten ist er beim 2-1 von Sevilla gegen Malaga auf dem Platz gewesen. Aufgefallen ist er mir nicht so sehr. <\/p>\n<p>In diesem Sinne: <strong>Nur der HSV!<\/strong><\/p>\n<p style=\"font-size: x-small\">\n","protected":false},"excerpt":{"rendered":"<p>Das Spiel kurz zusammengefa\u00dft Wenn drei Tore zu Hause gegen K\u00f6ln nicht reichen, was dann? Wie war&#8217;s? Vor dem Spiel war ich nerv\u00f6s wie lange nicht mehr. Die Woche \u00fcber habe ich allen, die mich gefragt haben, ein zuversichtliches &#8222;Wir gewinnen, ist doch K\u00f6ln&#8220; entgegen geschmettert. Kurz vor Anpfiff war dann aber vorbei mit mir, [&hellip;]<\/p>\n","protected":false},"author":2,"featured_media":0,"comment_status":"open","ping_status":"open","sticky":false,"template":"","format":"standard","meta":{"footnotes":""},"categories":[23,4],"tags":[642,639,51,262,321],"class_list":["post-4048","post","type-post","status-publish","format-standard","hentry","category-bundesliga","category-hsv","tag-bundesliga","tag-hsv","tag-mladen-petric","tag-saison-20112012","tag-slobodan-rajkovic"],"_links":{"self":[{"href":"http:\/\/www.nedsblog.de\/index.php?rest_route=\/wp\/v2\/posts\/4048","targetHints":{"allow":["GET"]}}],"collection":[{"href":"http:\/\/www.nedsblog.de\/index.php?rest_route=\/wp\/v2\/posts"}],"about":[{"href":"http:\/\/www.nedsblog.de\/index.php?rest_route=\/wp\/v2\/types\/post"}],"author":[{"embeddable":true,"href":"http:\/\/www.nedsblog.de\/index.php?rest_route=\/wp\/v2\/users\/2"}],"replies":[{"embeddable":true,"href":"http:\/\/www.nedsblog.de\/index.php?rest_route=%2Fwp%2Fv2%2Fcomments&post=4048"}],"version-history":[{"count":17,"href":"http:\/\/www.nedsblog.de\/index.php?rest_route=\/wp\/v2\/posts\/4048\/revisions"}],"predecessor-version":[{"id":4066,"href":"http:\/\/www.nedsblog.de\/index.php?rest_route=\/wp\/v2\/posts\/4048\/revisions\/4066"}],"wp:attachment":[{"href":"http:\/\/www.nedsblog.de\/index.php?rest_route=%2Fwp%2Fv2%2Fmedia&parent=4048"}],"wp:term":[{"taxonomy":"category","embeddable":true,"href":"http:\/\/www.nedsblog.de\/index.php?rest_route=%2Fwp%2Fv2%2Fcategories&post=4048"},{"taxonomy":"post_tag","embeddable":true,"href":"http:\/\/www.nedsblog.de\/index.php?rest_route=%2Fwp%2Fv2%2Ftags&post=4048"}],"curies":[{"name":"wp","href":"https:\/\/api.w.org\/{rel}","templated":true}]}}