{"id":4142,"date":"2011-09-19T21:27:57","date_gmt":"2011-09-19T19:27:57","guid":{"rendered":"http:\/\/www.nedsblog.de\/?p=4142"},"modified":"2011-09-19T21:27:57","modified_gmt":"2011-09-19T19:27:57","slug":"michael-oenning","status":"publish","type":"post","link":"http:\/\/www.nedsblog.de\/?p=4142","title":{"rendered":"Michael Oenning"},"content":{"rendered":"<p>Seit heute ist der n\u00e4chste Trainer <a href=\"http:\/\/www.hsv.de\/saison\/meldungen-saison\/bundesliga\/september\/der-hsv-trennt-sich-von-michael-oenning\/\" target=\"_blank\">Geschichte beim HSV<\/a><\/p>\n<p><em>[hier bitte alle Jahreszahlen und Trainerzahlen einf\u00fcgen, ich bin zu m\u00fcde das alles zu wiederholen]<\/em><\/p>\n<p>Seine Bilanz war nicht gut. Verheerend sogar. Ein Sieg in in 14 Spielen, 15:27 Tore. Da halfen auch alle &#8222;es gab auch etwas Positives&#8220; Aussagen nach den Spielen nichts.<\/p>\n<p>Die Mannschaft wirkte nicht nur am letzten Spieltag nicht richtig eingestellt. Die Abstimmung zwischen den Mannschaftsteilen stimmte nicht, das Offensivspiel war nicht vorhanden. Die Defensive stand besser, aber das reichte dann am Ende nicht mehr. Ich habe gedacht, es wird bis zum Schalke Spiel gewartet, bevor \u00fcber eine Trainerentlassung nachgedacht wird. Die schnelle und doch dann \u00fcberraschende Reaktion h\u00e4tte ich nicht erwartet, da doch der Vorstand nun alles besser und anders machen wollte.<\/p>\n<p>Nat\u00fcrlich war die Trennung einvernehmlich, Michael Oenning versteht die Entscheidung des Vereins. Nat\u00fcrlich.<\/p>\n<p>Aber: Hatte er \u00fcberhaupt eine Chance?<br \/>\nIn der letzten Saison \u00fcbernahm er ein Team, welches auseinander gebrochen war. Dann folgte der Umbruch. Ein Umbruch auf dem Niveau der Bundesliga, mit einem Kader, der immer noch viele Spieler aus der letzten Saison hat, mit vielen neuen jungen Spieler, die noch nicht bundesligatauglich sind. Von den ersten 6 Spielen warteten ausw\u00e4rst drei Topmannschaften (BVB, FCB und werda?), da waren keine Wunder zu erwarten. Klar, gegen Hertha, K\u00f6ln und Gladbach zu Hause erwartet man keine Wunder, sondern Punkte. Das steht wohl ausser Frage. <\/p>\n<p>Doch, ich glaube Michael Oenning hat eine Chance gehabt. Trotz aller Schwierigkeiten hat er Spieler bekommen, die er fordern und f\u00f6rdern konnte. Es wurde aussortiert und verpflichtet. Nur fehlte es meiner Meinung nach am Konzept, an einem Spielplan. Den konnte ich selbst beim Spiel gegen einen F\u00fcnftligisten nicht sehen. Nur in der Vorbereitung konnte man kurz sehen, was der Trainer sich vorstellen k\u00f6nnte: Ein schnelles Spiel \u00fcber die Fl\u00fcgel. Nur: Warum wurde das nicht in der Saison gespielt. Konnte er die Spieler nicht richtig einstellen, ihnen klar machen, da\u00df es nun ernst ist?<\/p>\n<p>Ich wei\u00df es nicht. Ich bin aber froh, da\u00df dieses Kapitel rechtzeitig beendet wurde. Es pa\u00dfte nicht. Aber: Welcher Trainer pa\u00dft schon? Ist diese Mannschaft \u00fcberhaupt zu retten? <\/p>\n<p>Ich denke es mu\u00df nun der Umbruch weiter fort gef\u00fchrt werden. Wir brauchen einen Trainer, der ganz ohne Sicht auf Vertragslaufzeiten schaut, sondern jeden einzelnen Spieler bewertet und zur Not auch unpopul\u00e4re Entscheidungen trifft. Jemand, der mit jungen Spielern kann, der die zweite Mannschaft weiter im Auge beh\u00e4lt. Vor allem erwarte ich eine Idee, wie er Fu\u00dfball spielen will. Damit meine ich nicht, da\u00df die Defensive stehen mu\u00df, ich glaube es gibt keinen Trainer auf der Welt, der da\u00df nicht verinnerlicht hat. Ich erwarte ein Plan, wie mit unseren Spielern ein Offensivspiel aufgezogen werden kann.<\/p>\n<p>Ihr wollte Namen? Na hier, den Dings. Und den anderen, hier, Dingens&#8230; Im ernst: Mir f\u00e4llt einfach kein Kandidat ein. Ich habe keine Ahnung vom Trainermarkt.<\/p>\n<p>Welche Hoffnung habe ich denn, da\u00df wir DEN Trainer finden? Den Trainer, der uns nach vorne bringt, der Zeit bekommt. Es wird wieder mitten in der Saison gewechselt, was soll ich da erwarten? Schnell Punkte holen, darum geht es wohl erstmals. Experimente k\u00f6nnen wir wohl nicht eingehen. Aber wollen wir die klassischen Feuerwehrm\u00e4nner?<\/p>\n<p>Frank Arnesen einen Vorwurf zu machen, da\u00df er am Samstag nach dem Spiel noch was anderes zum Thema Trainerentlassung gesagt hat ist doch kokolores. Das ist das Gesch\u00e4ft. Punkt.<\/p>\n<p>Allerdings mu\u00df er nun schnell zeigen, wie gut er ist. Die Erwartungen sind glaube ich sehr gro\u00df. Wobei ich mich Frage: Wer hat die Initiative gestartet, Michael Oenning zu entlassen? War es Frank Arnesen? Ich hoffe doch, der neue Vorstandsvorsitzende wollte ja alles anders machen als der alte Vorstand und sich nicht in die Aufgabe des Sportvorstandes einmischen.<\/p>\n<p>Es geht immer weiter. Auch mit dem HSV. Ich habe Kurt Jara und Armin Veh \u00fcberstanden, ich werde auch den n\u00e4chsten Trainer \u00fcberstehen. <\/p>\n<p>In diesem Sinne: <strong>Nur der HSV!<\/strong><\/p>\n","protected":false},"excerpt":{"rendered":"<p>Seit heute ist der n\u00e4chste Trainer Geschichte beim HSV [hier bitte alle Jahreszahlen und Trainerzahlen einf\u00fcgen, ich bin zu m\u00fcde das alles zu wiederholen] Seine Bilanz war nicht gut. Verheerend sogar. Ein Sieg in in 14 Spielen, 15:27 Tore. Da halfen auch alle &#8222;es gab auch etwas Positives&#8220; Aussagen nach den Spielen nichts. Die Mannschaft [&hellip;]<\/p>\n","protected":false},"author":2,"featured_media":0,"comment_status":"open","ping_status":"open","sticky":false,"template":"","format":"standard","meta":{"footnotes":""},"categories":[4,165,166],"tags":[642,266,639,10,263,262,9],"class_list":["post-4142","post","type-post","status-publish","format-standard","hentry","category-hsv","category-kader-hsv","category-verein","tag-bundesliga","tag-frank-arnesen","tag-hsv","tag-kader","tag-michael-oenning","tag-saison-20112012","tag-trainer"],"_links":{"self":[{"href":"http:\/\/www.nedsblog.de\/index.php?rest_route=\/wp\/v2\/posts\/4142","targetHints":{"allow":["GET"]}}],"collection":[{"href":"http:\/\/www.nedsblog.de\/index.php?rest_route=\/wp\/v2\/posts"}],"about":[{"href":"http:\/\/www.nedsblog.de\/index.php?rest_route=\/wp\/v2\/types\/post"}],"author":[{"embeddable":true,"href":"http:\/\/www.nedsblog.de\/index.php?rest_route=\/wp\/v2\/users\/2"}],"replies":[{"embeddable":true,"href":"http:\/\/www.nedsblog.de\/index.php?rest_route=%2Fwp%2Fv2%2Fcomments&post=4142"}],"version-history":[{"count":4,"href":"http:\/\/www.nedsblog.de\/index.php?rest_route=\/wp\/v2\/posts\/4142\/revisions"}],"predecessor-version":[{"id":4146,"href":"http:\/\/www.nedsblog.de\/index.php?rest_route=\/wp\/v2\/posts\/4142\/revisions\/4146"}],"wp:attachment":[{"href":"http:\/\/www.nedsblog.de\/index.php?rest_route=%2Fwp%2Fv2%2Fmedia&parent=4142"}],"wp:term":[{"taxonomy":"category","embeddable":true,"href":"http:\/\/www.nedsblog.de\/index.php?rest_route=%2Fwp%2Fv2%2Fcategories&post=4142"},{"taxonomy":"post_tag","embeddable":true,"href":"http:\/\/www.nedsblog.de\/index.php?rest_route=%2Fwp%2Fv2%2Ftags&post=4142"}],"curies":[{"name":"wp","href":"https:\/\/api.w.org\/{rel}","templated":true}]}}