{"id":4195,"date":"2011-10-14T22:39:28","date_gmt":"2011-10-14T20:39:28","guid":{"rendered":"http:\/\/www.nedsblog.de\/?p=4195"},"modified":"2011-10-14T22:39:28","modified_gmt":"2011-10-14T20:39:28","slug":"der-hsv-die-trainer-der-trainer-und-sonst-so","status":"publish","type":"post","link":"http:\/\/www.nedsblog.de\/?p=4195","title":{"rendered":"Der HSV, die Trainer, der Trainer und sonst so"},"content":{"rendered":"<p>Wir haben einen neuen Trainer. <a href=\"http:\/\/www.hsv.de\/saison\/meldungen-saison\/bundesliga\/oktober-2011\/thorsten-fink-wird-trainer-des-hamburger-sv\/\" target=\"_blank\">Thorsten Fink (mit h!) ist neuer Cheftrainer<\/a>.<\/p>\n<p>Meine Meinung dazu sp\u00e4ter, erstmal was anderes.<\/p>\n<h2>Peter Neururer wird Trainer bis zum Saisonende<\/h2>\n<p>Wie h\u00e4tte die Medien- und web2.0 welt auf diese Nachricht reagiert? Man kann den Namen des von mir gew\u00e4hlten Feuerwehrmannes gerne durch andere Namen ersetzen: Daum, Stevens, younameit.<\/p>\n<p>Mit H\u00e4me und Spott w\u00e4ren wir \u00fcbersch\u00fcttet worden. Wie kann man nur einen Trainer f\u00fcr so kurze Zeit holen? Das ist doch ein R\u00fcckschritt. Frank Arnesen wei\u00df nicht, was er tut! Diese Trainer hat doch jeder nullachtfuffzehn Sportchef in seinem Buch stehen! So \u00e4hnlich stelle ich mir das vor. Ich glaube die Reaktion w\u00e4re ungef\u00e4hr so gewesen.<\/p>\n<h2>Trainer xyz sagt dem HSV ab<\/h2>\n<p>Wie oft habe ich diese Schlagzeile gelesen. Morten Olsen, Brain Laudrup, younameit. Die Reaktion war meist: Kein Wunder, keiner will bei diesem Verein anfangen. <\/p>\n<p>Meine Frage dazu: Gab es tats\u00e4chlich Anfragen und Absagen an diese Trainer, oder waren es nur Ger\u00fcchte? Ich glaube schon, da\u00df einige dieser Trainer bei Frank Arnesen auf dem Zettel standen und er entsprechende Absagen bekommen. Aber ist das so ungew\u00f6hnlich? Die meisten Angefragten sind in festen Vertragsverh\u00e4ltnissen und haben sich bestimmt kurz mit dem Angebot befa\u00dft. Und dann abgesagt. Na und? Was ist daran jetzt so schlimm? Vielleicht hat auch Arnesen gesagt, nein, sorry, es pa\u00dft leider nicht? Das ist doch normal, wenn man einen neuen Mitarbeiter in einer solch wichtigen Position sucht.<\/p>\n<h2> Sergej Barbarez kann sich eine Arbeit beim HSV als Trainer vorstellen<\/h2>\n<p>Klar, kann ich mir auch. Nur qualifiziert bin ich daf\u00fcr nicht. Ich wollte in den letzten Wochen eine schwarze Liste schreiben: Alle ehemaligen, die sich unbedingt neunmalklug zum HSV \u00e4u\u00dfern, kommen da drauf.<\/p>\n<h2>Die Hamburger w\u00fcnschen sich Lothar Matth\u00e4us als Trainer<\/h2>\n<p><a href=\"http:\/\/www.abendblatt.de\/sport\/fussball\/hsv\/article2033136\/Abendblatt-de-Leser-wollen-Lothar-Matthaeus-als-HSV-Retter.html\" target=\"_blank\">Quelle<\/a>.<br \/>\nIhr merkt es selber, oder?<\/p>\n<h4>Was ist also die letzten Wochen passiert?<\/h4>\n<p>Wir haben den Trainer entlassen. Das war richtig und wichtig. Wir haben einen Interimstrainer auf die Bank gesetzt, weil wir keinen Plan B in der Tasche hatte. Letzteres kann man als Fehler des Sportchefs bezeichnen, man nenne mir aber mal bitte einen Verein, der immer einen Trainer quasi in der Hinterhand hat. Kennt ihr einen? Ich nicht. Den Trainer dann zu entlassen, nach dem man vorher noch gesagt hat, man fliegt mit ihm nach Stuttgart ist auch schon tausendmal so in der Bundesliga passiert. Wie viele Pr\u00e4sidenten haben schon wie vielen Trainern den R\u00fccken gest\u00e4rkt, um sie danach zu entlassen? Geschenkt, braucht man sich nicht k\u00fcnstlich dr\u00fcber aufregen. Schon gar nicht als Schw\u00e4che des Sportvorstandes ansehen. Aber lieber immer druff, macht ja so viel Spa\u00df. Geschenkt galore!<\/p>\n<p>\u00d6ffentlich wurde meiner Einsch\u00e4tzung nach nur eine konkrete Vertragsverhandlung best\u00e4tigt: Die mit Huub Stevens. Es konnte keine Einigung erziehlt werden und Huub hat ja nun einen neuen Job. Die Kommunikation mit den Medien fand aber meinem Empfinden nach von Huub Stevens statt, nicht vom HSV. Frank Arnesen hat klar Stellung bezogen und gut ist.<\/p>\n<p>Die restlichen Namen (hier mal eine unvollst\u00e4ndig zusammengestellte Liste von transfermarkt.de) wie Louis van Gaal, Marco van Basten, Bernd Schuster, Franco Foda, Thomas Doll, Dragan Stojkovic, Dieter Hecking und Guus Hiddink geisterten durch die Medien. Es gab kein Tag ohne neuen Namen, ohne neue Spekulation. Vom Verein h\u00f6rte man zu der Zeit zum Gl\u00fcck nichts entscheidendes. Namen wurde kommentiert, aber ohne tats\u00e4chliche Aussagen zu t\u00e4tigen. Es wurde nichts dementiert aber auch nichts best\u00e4tigt. Fand ich gut. Es wirkte sehr professionell. Der Sportvorstand war viel am Telefon, es wurden bestimmt viele Kandidaten abgeklappert, Gespr\u00e4che gef\u00fchrt.<\/p>\n<p>Es gab vom Verein nur eine einzige Aussage, bei der es mir zu dieser Zeit zu bunt wurde: Als ein Aufsichtsratmitglied explizit Huub Stevens forderte. Ihr wi\u00dft, wen ich meine! Was genau wurde dem Aufsichtsrat immer vorgeworfen, auch von diesem neu gew\u00e4hltem Kandidaten? Genau! Ich habe ihn nicht gew\u00e4hlt, war aber damit in der Minderheit. Nun wissen die W\u00e4hler hoffentlich, warum ich ihn nicht gew\u00e4hlt habe.<\/p>\n<p>Ansonsten handelten die Verantwortlichen ruhig und besonnen, weiter auf der Suche nach dem Trainer. Es sollte eben keine Notl\u00f6sung gefunden werden, es wurde sich eben blutige Nasen an zugeworfenen T\u00fcren geholt, weil man den Trainer suchte. Keine Notl\u00f6sung, keine dritte Wahl, keine Alibientscheidung. Einen Trainer, der zum Konzept des Sportvorstandes pa\u00dft. Das braucht Zeit. Zeit die wir nicht haben, die uns nicht zugesprochen wurde.<\/p>\n<p>Dem DFB\/der DFL teilte man dieses mit, in dem ein Antrag zur Verl\u00e4ngerung der Ausnahmegenehmigung f\u00fcr Rudolfo Cardoso stellte. Ich glaube, es ging gar nicht darum, Cardoso bis zum Ende der Saison als Cheftrainer zu installieren, sondern eben einfach keine B- oder C-L\u00f6sung zu installieren, bis der richtige Kandidat unterschrieben bzw. freigegeben worden ist. Aber das sind nur meine 2 cent, reine Spekulation.<\/p>\n<p>Am Mittwoch war es dann so weit, ein neuer Trainer wurde verpflichtet: <a href=\"http:\/\/de.wikipedia.org\/wiki\/Thorsten_Fink\" target=\"_blank\">Thorsten Fink<\/a>. Dieser Name stand lange nicht auf der Liste, bis die ersten tieferen  Gespr\u00e4che mit dem FC Basel und dem Manager von Thorsten Fink statt fanden. Auch das rechne ich dem Vorstand in dem Fall hoch an, ich kann mir nicht vorstellen, da\u00df der neue Trainer erst ab Montag auf der Liste stand.<\/p>\n<p>Hier folgte nun meiner Meinung nach ein Riesenfehler vom Vorstandsvorsitzenden: Er mischte sich in der \u00d6ffentlichkeit ein und sprach von Dingen, die bis dahin noch nicht spruchreif waren, anstatt den Preis zu dr\u00fccken, trieb er ihn eher in die H\u00f6he. Das sollte doch alles anders gemacht werde, als unter dem alten Vorstand? Bitte dann auch dran halten!<\/p>\n<h4>Thorsten Fink<\/h4>\n<p>Nun aber zu ihm. Der neue Trainer ist jung. Er ist nur 7 Jahre \u00e4lter als ich, also mu\u00df er wahnsinnig jung sein ;-)<\/p>\n<p>Ein ehemaliger nicht unerfolgreicher Spieler. Meister, Champions League Sieger, alles keine kleine Nummern auf seinem Erfolgskonto. Als Trainer stieg er in die zweite Liga auf (FC Ingolstadt), wurde zweimal Schweizer Meister (2010 &#038; 2011) und schaffte in dieser Saison die Qualifikation f\u00fcr die Gruppenphase der Champions League.<\/p>\n<p>Er selber sagt von sich, er Fu\u00dfball offensiv spielen lassen, die eigene Mannschaft soll agieren. In der ersten Meistersaison hat der FCB 25 von 36 Spielen gewonnen. Sie schossen 90 Tore und fingen sich 46. Macht 2,5 zu 1,27. Die n\u00e4chste Saison waren es dann 21 Siege, 76:44 Tore (2,11 zu 1,22). Klingt f\u00fcr mich nach der Idee vorne mehr einfach immer mehr Tore zu schie\u00dfen, als hinten kassiert werden. Denn ich sch\u00e4tze die Schweizer Liga jetzt nicht so stark ein, da\u00df dort st\u00e4ndig so starke Gegner wie in der Bundesliga warten. In seiner Zeit in der Schweiz machte er 2,08 Punkte im Schnitt. Schafft er das bei uns, dann haben wir am Ende der Saison genug Punkte.<\/p>\n<p>Es ist seine vierte Station als Trainer, trotz seines Erfolges in der Schweiz wollte er undedingt in die Bundesliga wechseln. Und wie man so h\u00f6rt, ist der HSV ja schon immer ein Verein gewesen, auf den er geachtet hat.<\/p>\n<h4>Was halte ich nun von der Verpflichtung?<\/h4>\n<p>Ich finde es gut. Ein junger Trainer, der eine Idee hat, wie er Fu\u00dfball spielen will. Es scheint auch mit den Vorstellungen des Sportvorstandes \u00fcberein zu stimmen. Passt also. Seine Aussagen zum HSV h\u00e4tte er sich sparen k\u00f6nnen, aber er wirkt, als wenn er ehrgeizig ist und von seiner Spielphilosophie \u00fcberzeugt ist.<\/p>\n<p>Diese Verpflichtung ist hoffentlich der K\u00f6nigstransfer von Frank Arnesen. Ich w\u00fcnsche es mir, dem Verein und auch Thorsten Fink. Von mir ein herzliches Willkommen, ich werde ihm alle Chancen und Zeit geben. Wir brauchen Punkte und das schnell. Danach k\u00f6nnen wir uns dann weiter entwicklen. <\/p>\n<p>Ich glaub an Frank Arnesen, also auch an den Trainer, den er geholt hat.<\/p>\n<h4>Was man so findet, <\/h4>\n<p>wenn man nach Thorsten Fink sucht:<\/p>\n<ul>\n<li><a href=\"http:\/\/www.kurzpass.ch\/Fussball\/Super-League\/bausteine-zum-erfolg.html\" target=\"_blank\">Fink und Doll waren vor 3 Jahren Kandidaten als Trainer beim FCB.<\/a>\n<\/li>\n<li><a href=\"http:\/\/www.aargauerzeitung.ch\/baselland\/basel-stadt\/streller-ueber-finks-abschied-spieler-hatten-traenen-in-den-augen-114394661\" target=\"_blank\">Einige Spieler hatte wohl Tr\u00e4nen in den Augen, als Thorsten Fink sich verabschiedet hat.<\/a> (Dank an <a href=\"http:\/\/www.pleitegeiger.de\" target=\"_blank\">pleitegeiger<\/a> f\u00fcr den Link)<\/li>\n<p><a href=\"http:\/\/www.spox.com\/de\/sport\/fussball\/bundesliga\/1110\/Artikel\/thorsten-fink-portraet-typ-trainer-hsv--philosophie-hitzfeld-trapattoni-labbadia.html\" target=\"_blank\">Bei spox wurde der Trainer auch von einigen Seiten beleuchtet<\/a>. Klickt auch auf den Artikel vom Benutzer bacchus. Lohnt sich\n<\/ul>\n<p>Der Verein hat dem neuen Trainer einen 2,5 Jahresvertrag gegeben. Auch eine gute Entscheidung. Der neue Sportvorstand m\u00f6chte mit ihm die n\u00e4chsten Jahre gestalten. Klar, das h\u00f6rt sich jetzt beim HSV irgendwie komisch an, aber wir brechen doch alles um, warum also auch nicht unser Verhalten mit neuen Trainern. Nein, ich z\u00e4hle Oenning nicht dazu, er war irgendwie ein \u00dcbergang. So sehe ich das.<\/p>\n<h2>Und sonst so<\/h2>\n<p>Bei <a href=\"http:\/\/www.90elf.de\" target=\"_blank\">90elf<\/a> wurde ich zum Thema HSV befragt, den Mitschnitt k\u00f6nnt ihr hier h\u00f6ren.<br \/>\n[audio:http:\/\/www.nedsblog.de\/wp-content\/uploads\/Florian_Neumann_nedsblogde_im_HSV-Talk_13_10_11_-_.mp3|titles=90elf Talk]<\/p>\n<p>Ebenso habe ich in 20 Sekunden meine Meinung zum HSV bei <a href=\"http:\/\/www.sportradio360.de\/\" target=\"_blank\">sportradio360.de<\/a> kund getan. Die Sendung gibt es <a href=\"http:\/\/www.sportradio360.de\/show20111013.html\" target=\"_blank\">hier<\/a> zu h\u00f6ren. Ich h\u00f6re mittlerweile w\u00f6chtenlich den podcast, ich finde es lohnt sich.<\/p>\n<p>In diesem Sinne: <strong>Nur der HSV!<\/strong><\/p>\n","protected":false},"excerpt":{"rendered":"<p>Wir haben einen neuen Trainer. Thorsten Fink (mit h!) ist neuer Cheftrainer. Meine Meinung dazu sp\u00e4ter, erstmal was anderes. Peter Neururer wird Trainer bis zum Saisonende Wie h\u00e4tte die Medien- und web2.0 welt auf diese Nachricht reagiert? Man kann den Namen des von mir gew\u00e4hlten Feuerwehrmannes gerne durch andere Namen ersetzen: Daum, Stevens, younameit. Mit [&hellip;]<\/p>\n","protected":false},"author":2,"featured_media":0,"comment_status":"open","ping_status":"open","sticky":false,"template":"","format":"standard","meta":{"footnotes":""},"categories":[23,4,166],"tags":[642,266,639,262,341,9],"class_list":["post-4195","post","type-post","status-publish","format-standard","hentry","category-bundesliga","category-hsv","category-verein","tag-bundesliga","tag-frank-arnesen","tag-hsv","tag-saison-20112012","tag-thorsten-fink","tag-trainer"],"_links":{"self":[{"href":"http:\/\/www.nedsblog.de\/index.php?rest_route=\/wp\/v2\/posts\/4195","targetHints":{"allow":["GET"]}}],"collection":[{"href":"http:\/\/www.nedsblog.de\/index.php?rest_route=\/wp\/v2\/posts"}],"about":[{"href":"http:\/\/www.nedsblog.de\/index.php?rest_route=\/wp\/v2\/types\/post"}],"author":[{"embeddable":true,"href":"http:\/\/www.nedsblog.de\/index.php?rest_route=\/wp\/v2\/users\/2"}],"replies":[{"embeddable":true,"href":"http:\/\/www.nedsblog.de\/index.php?rest_route=%2Fwp%2Fv2%2Fcomments&post=4195"}],"version-history":[{"count":15,"href":"http:\/\/www.nedsblog.de\/index.php?rest_route=\/wp\/v2\/posts\/4195\/revisions"}],"predecessor-version":[{"id":4212,"href":"http:\/\/www.nedsblog.de\/index.php?rest_route=\/wp\/v2\/posts\/4195\/revisions\/4212"}],"wp:attachment":[{"href":"http:\/\/www.nedsblog.de\/index.php?rest_route=%2Fwp%2Fv2%2Fmedia&parent=4195"}],"wp:term":[{"taxonomy":"category","embeddable":true,"href":"http:\/\/www.nedsblog.de\/index.php?rest_route=%2Fwp%2Fv2%2Fcategories&post=4195"},{"taxonomy":"post_tag","embeddable":true,"href":"http:\/\/www.nedsblog.de\/index.php?rest_route=%2Fwp%2Fv2%2Ftags&post=4195"}],"curies":[{"name":"wp","href":"https:\/\/api.w.org\/{rel}","templated":true}]}}