{"id":4367,"date":"2011-11-21T17:58:04","date_gmt":"2011-11-21T15:58:04","guid":{"rendered":"http:\/\/www.nedsblog.de\/?p=4367"},"modified":"2011-11-21T17:58:04","modified_gmt":"2011-11-21T15:58:04","slug":"bundesliga-20112012-523-zu-hause","status":"publish","type":"post","link":"http:\/\/www.nedsblog.de\/?p=4367","title":{"rendered":"Bundesliga 2011\/2012, 5,23 zu Hause"},"content":{"rendered":"<p><strong>Das Spiel kurz zusammengefa\u00dft<\/strong><br \/>\nEndlich wieder ein Heimsieg!<\/p>\n<h2>Wie war&#8217;s?<\/h2>\n<p>Nach dem einsnull guckte ich unglaubig in die Runde. Ein Tor. F\u00dcR uns. KEIN R\u00fcckstand. <\/p>\n<p>K\u00d6NNEN DIE DAS DENN \u00dcBERHAUPT?<\/p>\n<p>Sie k\u00f6nnen es. Sie verwalten zwar nicht, sondern erk\u00e4mpfen, ergr\u00e4tschen und erblocken es sich, aber sie k\u00f6nnen es.<\/p>\n<p>Endlich wieder ein Heimsieg. Und verdient. Effektiv sagt man bei Spitzenmannschaften, bei Mannschaften, die unten drin stecken aber gl\u00fccklich. Verdient war es. Wir haben alles gegeben. Sind gelaufen, haben gegr\u00e4tscht, gezweikampft und gehalten (also der Drobny, der darf ja halten).<\/p>\n<p>Wir haben unsere Art Fu\u00dfball zu spielen endlich mal belohnt bekommen. Uns selber belohnt. Unsere Art bedeutet zur Zeit: Der Trainer hat eine Taktik, ein System, die Spieler haben es verstanden und wollen es umsetzen, es l\u00e4uft aber noch nicht 100%ig. Jeder Sieg mu\u00df weiterhin hart erarbeitet werden.<\/p>\n<p>Als Beispiel hier mal die gef\u00fchrten Zweik\u00e4mpfe je Spiel:<br \/>\n<a href=\"http:\/\/www.nedsblog.de\/wp-content\/uploads\/SP13-2kg.jpg\" target=\"_blank\"><img loading=\"lazy\" decoding=\"async\" src=\"http:\/\/www.nedsblog.de\/wp-content\/uploads\/SP13-2kg-300x193.jpg\" alt=\"\" title=\"SP13-2kg\" width=\"300\" height=\"193\" class=\"alignnone size-medium wp-image-4371\" srcset=\"http:\/\/www.nedsblog.de\/wp-content\/uploads\/SP13-2kg-300x193.jpg 300w, http:\/\/www.nedsblog.de\/wp-content\/uploads\/SP13-2kg.jpg 917w\" sizes=\"auto, (max-width: 300px) 100vw, 300px\" \/><\/a><br \/>\nDer niedrigste Wert bisher war am 6. Spieltag. Das nulleins gegen Gladbach. Das Ende von Michael Oenning. Danach ging es bergauf, auch wenn es am 9. Spieltag gegen Freiburg mit dem zweitniedrigstem Wert zu drei Punkten gereicht hat. Wer sich aber an das Spiel erinnert, wei\u00df, da\u00df der SC das Spiel verloren und nicht wir gewonnen haben.<\/p>\n<p>Es geht also weiter bergauf. Platz 14. Puh, endlich raus aus den Abstiegsr\u00e4ngen. Gesichert ist noch nichts, aber die Last ist weg. So geht es mir, ich bin so ein wenig ruhiger. <\/p>\n<p>Die TSG war aber auch ein dankbarer Gegner auf dem Platz. Sagte ich vor dem Spiel noch, wir m\u00fcssen auf die Einzelspieler (Sahilovic, Ibisevic, Babel, die Brasilianer) achten, so zeigten sie genau das: Einzelaktionen. Ich glaube ein wenig mehr Teamspiel und sie h\u00e4tten unsere immer noch nicht sichere Abwehr auseinander genommen. So konnte jeder bei uns Selbstvertrauen tanken.<\/p>\n<p>Nach einem Sieg soll man ja nicht alles \u00fcber den gr\u00fcnen Klee loben und die rosarote Siegesbrille abnehmen.<br \/>\nAber wi\u00dft ihr was? Das ist mir heute mal sowas von egal!<br \/>\nEs l\u00e4uft noch nicht rund?<br \/>\nEgal, wir holen die Punkte! <\/p>\n<p>T\u00f6re spielt den Ball zu selten ab?<br \/>\nEgal, daf\u00fcr kommen seine P\u00e4sse wenn immerhin an (29 von 31, macht 94%!!!)! <\/p>\n<p>Berg hat immer noch kein Tor geschossen? Egal, er rennt wie doof auf dem Platz und ackert f\u00fcr die Mannschaft (17 Zweik\u00e4mpfe, 11,2 km Laufleistung!!!)! <\/p>\n<p>Drobny holzt den Ball mal ins Aus, mal in die Mitte? Egal, daf\u00fcr h\u00e4lt er unhaltbare (waren es drei?)!<\/p>\n<p>Ein Sieg tut der Seele gut. Und so einer, der nicht gerade erspielt, sondern erarbeitet ist, noch viel mehr! Eine auf dem Papier st\u00e4rkere Mannschaft wird niedergerungen. Das brauchts im Abstiegskampf. Sch\u00f6n spielen k\u00f6nnen wir, wenn wir 10 Punkte Vorsprung auf Platz 16 haben. Vorher will ich Punkte. Dreckig und viele. Das reicht mir! Bin da einfach gestrickt.<\/p>\n<p><strong>Tor<\/strong><\/p>\n<p>Klasse Leistung! Die Abschl\u00e4ge und die Spieler\u00f6ffnung k\u00f6nnen dann jetzt trainiert werden, die Leistung im Tor stimmen ja!<\/p>\n<p><strong>Abwehr<\/strong><\/p>\n<p>Immer noch nicht felsenfest, aber immerhin mehr als ein Kieselstein. Bruma mit einem tollem Spiel, Westermann ein Vorbild und die Aussenverteidiger haben sogar mal verteidigt. Aogo hat die L\u00e4nderspielpause richtig gut getan.<\/p>\n<p><strong>Mittelfeld<\/strong><\/p>\n<p>Kacar und Rinc\u00f3n sind gesetzt, zeigen auch warum. Allerdings fehlt es noch immer bei der Spieler\u00f6ffnung. Da mu\u00df noch einiges gelernt werden.<br \/>\nWelche Drogen hat Marcell Jansen denn genommen? Vor zwei Spielen wollte ich ihn nicht mehr sehen, gerade kann ich mir eine Startelf ohne ihn nicht vorstellen! T\u00f6re ist wiedermal gelaufen wie ein wilder Stier. Aber leider auch so unkontrolliert. Das wird besser werden, er ist ja noch jung!<\/p>\n<p><strong>Sturm<\/strong><\/p>\n<p>Berg durfte (endlich) mal 90 Minuten ran. Und schon zeigt er Einsatz und Laufbereitschaft. Er ist kein Jokerspieler sondern braucht Anlauf, um ins Spiel zu kommen. Ich hoffe es wird f\u00fcr ihn nicht enden, wenn Petric wieder gesund ist. Paolo wieder mit einem Tor. Jetzt noch den Kopf heben und die Mitspieler sehen, dann wird er noch besser! Mir gefiel, wie er die langen B\u00e4lle abschirmte und behauptete. Klasse.<\/p>\n<p><strong>Taktik<\/strong><\/p>\n<p>4-4-2 was im Angriffsfall ein 3-5-2 wird, weil ein sechser hinten bleibt und die Aussenverteidiger weit nach vorne aufr\u00fccken. Der 6er soll dann die B\u00e4lle verteilen. Leider fehlt uns noch ein Spieler, der das auch so richtig gut kann. Schlecht machen das Gojko und Tomas nicht, aber es ist noch nicht so weit, da\u00df sie das Spiel bestimmen k\u00f6nnen. Der lange Ball nach Aussen ist zwar eine risikoarme Waffe, aber noch nicht effektiv genug. Auch weil Diekmeier rechts Tempo und Platz braucht, der Ball nach rechts aber zu lange verz\u00f6gert wird und die Seite dann dicht ist. Da mu\u00df meiner Meinung nach T\u00f6re dann rechts aussen bleiben und erst dann in die Mitte ziehen, wenn Dennis den Ball hat. So schafft er Platz.<br \/>\nBerg lie\u00df sich oft nach hinten fallen, da\u00df kann sein Spiel werden. Da m\u00fcssen dann aber beide Au\u00dfenspieler reagieren und die Mitte verlassen, damit die Abwehr auseinander gezogen wird.<br \/>\nEs ist also noch viel Arbeit f\u00fcr Fink zu tun! Sp\u00e4testens nach der Winterpause sollte es sitzen.<\/p>\n<p><strong>Einwechslungen<\/strong><\/p>\n<p>Ilicevic und Jarolim als Entlastung f\u00fcr den ausgelaugten T\u00f6re und den nicht gl\u00e4nzenden Kacar. Son nur noch um Zeit zu schinden. Ich h\u00e4tte Guerrero fr\u00fcher runter genommen, man merkte ihm an, da\u00df er so ab der 70. nicht mehr voll bei Kr\u00e4ften war. Aber was wei\u00df ich schon von Fu\u00dfball&#8230;<\/p>\n<p><strong>Spieler des Spiels:<\/strong><\/p>\n<p>Jaroslav Drobny! Ich konnte seine letzte Parade leider nur aus der Ferne bewundern, aber er hat uns das zunull gerettet. Mehrfach. 7 gehaltene B\u00e4lle, von denen mindestens 3 schon drin waren. Klasse! (und jetzt die Abschl\u00e4ge und Spieler\u00f6ffnung trainieren, aber das schrieb ich schon oben)<\/p>\n<p><strong>P\u00f6bler des Spiels:<\/strong><\/p>\n<p>Keiner. Echt. Es fiel mir keiner negativ auf. Euch?<\/p>\n<h2>Was sagt die Statistik?<\/h2>\n<p><iframe width='482' height='377' frameborder='0' src='https:\/\/docs.google.com\/spreadsheet\/pub?hl=de&#038;hl=de&#038;key=0Av4ETf833YNgdHZ0dUNCb0dkaExTMmlxeXNmdkpLc2c&#038;single=true&#038;gid=14&#038;range=B1%3AT22&#038;output=html'><\/iframe><br \/>\n<small><small>2K\u00e4mpfe gew-Zweik\u00e4mpfe gewonnen; ges-Gesamt; %-Prozent gewonnen (Beim Torwart: Torsch\u00fcsse geh-Torsch\u00fcsse gehalten; ges-gesamt; %-Prozent gehalten), BK-Ballkontakte, TS-Torsch\u00fcsse (Beim Torwart AF-abgefangene Flanken), P\u00e4sse a-P\u00e4sse angekommen; g-gespielt; %-Prozent angekommen, FL-Flanken, TSV-Torschussvorlagen, Tor-Tore, TVO-Torvorlagen, LF-Laufleistung in km, Sp-Sprints >-raus, < -rein, Min-Minuten, OF-Offensivfaktor; Quelle: <a href=\"http:\/\/www.bundesliga.de\">bundesliga.de<\/a> f\u00fcr die Offensiven Daten (TS, TSV, Tor; TVO) und <a href=\"http:\/\/www.sky.de\" target=\"_blank\">sky.de<\/a> f\u00fcr den Rest<\/small><\/small><\/p>\n<h2>Was war sonst noch?<\/h2>\n<p>Viel. Sehr viel.<br \/>\n<strong>Bundesliga<\/strong><br \/>\nDie Bayern verlieren, aber die Welt geht nicht unter. War letzte Saison anders. Werden eh Meister.<br \/>\nBallack stichelt und spielt danach gro\u00df auf. Und warum jubelt Sam in Lautern nicht, aber bei uns? Hat wohl vergessen, wo er her kommt.<br \/>\nDer Glubb tut mir leid, auch wenn ich aus eigensinn froh bin, da\u00df wir dran vorbei gezogen sind.<br \/>\nwerda? muahahahahahaha! Reus ist ein guter. Macht Spa\u00df ihm beim Fu\u00dfball zuzugucken.<br \/>\nWas will Augsburg in der Bundesliga? Oder sollte ich lieber nichts schreiben, bis wir gegen sie gespielt haben?<br \/>\nDanke VfB! <\/p>\n<p><strong>Ansto\u00dfzeiten<\/strong><br \/>\nEs waren so um die 350 Zuschauer aus Sinsheim im Stadion. Es w\u00e4ren vielleicht 500 geworden, wenn das Spiel nicht am Sonntag um 17:30h angepfiffen worden w\u00e4re. Es sind Luftlinie 481 km. Und ein Flieger sponsort der Verein _noch_ nicht. Die Busfahrt (inkl. Ticket?) f\u00fcr 5 Euro hat dann auch nicht geholfen.<br \/>\nAlso: L\u00e4stern wir \u00fcber die Hoffenheimfans, wenn die Ansto\u00dfzeit humaner ist. Grund genug werden wir dann schon haben. Erinnere mich gerade daran, als sie das erste Mal bei uns zu Gast waren und so um die 3000 G\u00e4ste das Projekt anschauen wollten. Wo sind die geblieben?<\/p>\n<p><strong>Fu\u00dfballfans sind keine Verbrecher!<\/strong><br \/>\nDieser Ausspruch wird immer gerne geschrien, wenn Pyros im Block leuchten. Apropos Leuchten: Die hellsten scheinen nicht im Stadion in Rostock zu sitzen. Nein, ich meine nicht die hirnverbrannten Vollidioten, die Feuerwerksk\u00f6rper in den G\u00e4steblock werfen, sondern die, die das mit Applaus belohnen. Was zur? Das sind doch die gleichen, die damals in Lichtenhagen applaudiert haben? Elendes Pack!<br \/>\nIch mag den St. Adtteilverein nicht, aber das ist etwas, was einfach unfassbar, unbeschreiblich und meiner Meinung nach noch h\u00e4rter bestraft werden sollte, als der Wurf selber. Sorry, das mu\u00dfte mal raus.<\/p>\n<p><strong>Fu\u00dfball ist nicht alles<\/strong><br \/>\nBabak Rafati war mir als Schiedsrichter nie sympathisch. Trotzdem trifft es mich, da\u00df er einen Selbstmordversuch unternommen hat. Ja, davon gibt es hunderte(?) t\u00e4glich in Deutschland, aber da habe ich dann in den meisten F\u00e4llen keinen direkten oder indirekten Bezug zu. Ich hoffe er kommt auf die Beine und ihm kann geholfen werden.<br \/>\n(Ich werde aber weiter Schiedsrichter und Assistenten bep\u00f6beln, wenn sie Fehlentscheidung treffen. Ich versuche meine Schimpftiraden auf die fachliche Leistung zu beschr\u00e4nken und den Menschen nicht zu beleidigen. Mache ich aber schon immer.)<\/p>\n<h2>Leihspielercheck<\/h2>\n<p>Hier ein kurzer Blick auf die verliehenen Spieler. <\/p>\n<p><em><a href=\"http:\/\/www.transfermarkt.de\/de\/maximilian-beister\/leistungsdaten\/spieler_58379.html\" target=\"_blank\">Maxi Beister<\/a> &#8211; Fortuna D\u00fcsseldorf<\/em><br \/>\nNach 72 Minuten runter, SPN 3. Seine Daten bisher aber weiterhin grandios: 9 Tore, 8 Torvorlagen.<br \/>\n<em><a href=\"http:\/\/www.transfermarkt.de\/de\/macauley-chrisantus\/leistungsdaten\/spieler_62552.html\" target=\"_blank\">Macauly Chrisantus<\/a> &#8211; FSV Frankfurt<\/em><br \/>\nSeit 5 Spielen steht er immer 90 Minuten auf dem Platz. Also weiter die SPN 1.<\/p>\n<h2>Was macht eigentlich &#8230;?<\/h2>\n<p><em>Frank Rost<\/em> hat seine Saison zu Ende gespielt und ist in den PlayOffs rausgeflogen. Bin gespannt, wie es mit ihm weiter gehen wird. <em>Collin Benjamin<\/em> war nicht im Kader am letzten Spieltag. Warum wei\u00df ich nicht. <em>Piotr Trochowski<\/em> In den letzten beiden Spielen stand er jeweils nicht mal 70 Minuten auf dem Platz. Ist noch ohne Tor und Torvorlage in der Liga.<\/p>\n<p>In diesem Sinne: <strong>Nur der HSV!<\/strong><\/p>\n<p style=\"font-size: x-small\">Donnerstag mal Daumen dr\u00fccken, will Karten f\u00fcr das Spiel in Stuttgart buchen.<\/p>\n","protected":false},"excerpt":{"rendered":"<p>Das Spiel kurz zusammengefa\u00dft Endlich wieder ein Heimsieg! Wie war&#8217;s? Nach dem einsnull guckte ich unglaubig in die Runde. Ein Tor. F\u00dcR uns. KEIN R\u00fcckstand. K\u00d6NNEN DIE DAS DENN \u00dcBERHAUPT? Sie k\u00f6nnen es. Sie verwalten zwar nicht, sondern erk\u00e4mpfen, ergr\u00e4tschen und erblocken es sich, aber sie k\u00f6nnen es. Endlich wieder ein Heimsieg. Und verdient. Effektiv [&hellip;]<\/p>\n","protected":false},"author":2,"featured_media":0,"comment_status":"open","ping_status":"open","sticky":false,"template":"","format":"standard","meta":{"footnotes":""},"categories":[23,4],"tags":[642,639,167,262,372],"class_list":["post-4367","post","type-post","status-publish","format-standard","hentry","category-bundesliga","category-hsv","tag-bundesliga","tag-hsv","tag-jaroslav-drobny","tag-saison-20112012","tag-tsg-hoffenheim"],"_links":{"self":[{"href":"http:\/\/www.nedsblog.de\/index.php?rest_route=\/wp\/v2\/posts\/4367","targetHints":{"allow":["GET"]}}],"collection":[{"href":"http:\/\/www.nedsblog.de\/index.php?rest_route=\/wp\/v2\/posts"}],"about":[{"href":"http:\/\/www.nedsblog.de\/index.php?rest_route=\/wp\/v2\/types\/post"}],"author":[{"embeddable":true,"href":"http:\/\/www.nedsblog.de\/index.php?rest_route=\/wp\/v2\/users\/2"}],"replies":[{"embeddable":true,"href":"http:\/\/www.nedsblog.de\/index.php?rest_route=%2Fwp%2Fv2%2Fcomments&post=4367"}],"version-history":[{"count":9,"href":"http:\/\/www.nedsblog.de\/index.php?rest_route=\/wp\/v2\/posts\/4367\/revisions"}],"predecessor-version":[{"id":4377,"href":"http:\/\/www.nedsblog.de\/index.php?rest_route=\/wp\/v2\/posts\/4367\/revisions\/4377"}],"wp:attachment":[{"href":"http:\/\/www.nedsblog.de\/index.php?rest_route=%2Fwp%2Fv2%2Fmedia&parent=4367"}],"wp:term":[{"taxonomy":"category","embeddable":true,"href":"http:\/\/www.nedsblog.de\/index.php?rest_route=%2Fwp%2Fv2%2Fcategories&post=4367"},{"taxonomy":"post_tag","embeddable":true,"href":"http:\/\/www.nedsblog.de\/index.php?rest_route=%2Fwp%2Fv2%2Ftags&post=4367"}],"curies":[{"name":"wp","href":"https:\/\/api.w.org\/{rel}","templated":true}]}}