{"id":4426,"date":"2011-12-11T23:18:16","date_gmt":"2011-12-11T21:18:16","guid":{"rendered":"http:\/\/www.nedsblog.de\/?p=4426"},"modified":"2011-12-11T23:18:16","modified_gmt":"2011-12-11T21:18:16","slug":"bundesliga-20112012-mainz-auswarts","status":"publish","type":"post","link":"http:\/\/www.nedsblog.de\/?p=4426","title":{"rendered":"Bundesliga 2011\/2012, Mainz ausw\u00e4rts"},"content":{"rendered":"<p><strong>Das Spiel kurz zusammengefa\u00dft<\/strong><br \/>\nWieder schlecht gespielt und trotzdem nicht verloren.<\/p>\n<h2>Wie war&#8217;s?<\/h2>\n<p>Das zweite Spiel in Folge k\u00f6nnen wir in der Offensive wenig Akzente setzen. Der Gegner hat wieder mehr Torchancen, trifft aber auch wie der letzte Gegner das Tor nicht. Ich glaube dreimal stand Eric Maxim Choupo-Moting vorm Tor und h\u00e4tte selbiges machen m\u00fcssen. Zu unserem Gl\u00fcck. Aber deswegen stehen unsere letzten Gegner auch da unten drin.<br \/>\nWie wir, immer noch. Es sind 3 Punkte bis Platz 16. Abstiegskampf.<\/p>\n<p>Der neue Trainer ist immer noch ohne Niederlage. Er hat die Mannschaft also stabilisiert. Seine Idee vom Offensivfu\u00dfball ist in die Mannschaft ges\u00e4t, aber die Pflanze ist noch ganz fein und gerade dabei sich zu entwickeln.<\/p>\n<p>Was klar ist: Wir brauchen einen neuen Spieler im Mittelfeld, der die offensiven Akzente setzt, aber auf der Doppel6 spielt. Kacar hat sich nicht empfehlen k\u00f6nnen. Ich wei\u00df bei ihm nicht, ob er noch nicht 100% fit ist, oder einfach \u00fcberbewertet. Tesche versuchte sich nun in der Rolle, ist aber damit \u00fcberfordert. Skjelbred scheint wohl nicht bundesligareif zu sein. <\/p>\n<p>Die offensiven Mittelfeldspieler brauchen wohl auch dringend eine Pause. Das Spiel in Mainz h\u00e4tten wir am Anfang der Saison verloren. Am Samstag hatten wir Gl\u00fcck. Dies haben wir uns aber auch erarbeitet.<\/p>\n<p>Wir haben noch ein Spiel. K\u00f6nnten mit 17, 18 oder 20 Punkten in die Winterpause gehen. Das w\u00e4re dann in allen F\u00e4llen beruhigender als am Anfang der Saison gedacht.<\/p>\n<p><strong>Tor<\/strong><\/p>\n<p>Drobny hat uns wieder den Arsch gerettet. Klasse.<\/p>\n<p><strong>Abwehr<\/strong><\/p>\n<p>Immer noch nicht stabil. Das macht gegen den Glubb und die Meenzer nichts. Hoffentlich gegen Augsburg auch nicht. Die offensiven Vorst\u00f6\u00dfe von Diekmeier gefielen mir allerdings sehr gut. Westermann und Bruma jeweils mit einem Klops, aber nach 5 guten Spielen darf sowas mal wieder sein.<\/p>\n<p><strong>Mittelfeld<\/strong><\/p>\n<p>Tesche kann sich nicht empfehlen. Im Winter sollte der Sportvorstand sich nach einem Partner f\u00fcr Rinc\u00f3n umschauen. Einer, der offensive Impulse geben kann.<br \/>\nT\u00f6re mit einem H\u00e4nger, war klar, da\u00df es zum Ende der Saison so kommen mu\u00df. Jansen im zweiten Spiel hintereinander nicht voll da. Gut, da\u00df bald Pause ist. Ilicevic hat beste Chancen, trifft aber das Tor nicht. Ich hoffe er ist einfach noch nicht fit. Sonst h\u00e4tten wir ein Problem. T\u00f6re brauchte eigentlich eine Pause, aber es fehlen da die Alternativen.<\/p>\n<p><strong>Sturm<\/strong><\/p>\n<p>Guerrero rieb sich mal wieder auf, aber kein Torschu\u00df in 90 Minuten sprechen nicht f\u00fcr ein gutes Spiel.<\/p>\n<p><strong>Taktik<\/strong><\/p>\n<p>Wir spielen immer mit einer eher h\u00e4ngenden Spitze, auch wenn wir im 4-4-2 (oder wohl eher 4-2-2-2) spielen. Gegen Mainz kam es mir dann eher wie ein 4-2-3-1 vor. Das ist eine \u00c4nderung zu den vorherigen Spielen und das tut unseren Jungs im Moment nicht gut. Aber: Son brauchte eine Pause und Petric konnte noch nicht \u00fcber 90 Minuten spielen, da war Ivo in der Mitte keine so schlechte Idee.<\/p>\n<p><strong>Einwechslungen<\/strong><\/p>\n<p>Tesche war \u00fcberfordert, Kacar ersetzte ihn 100%ig. Petric gleich mit einer guten Aktion, ich freue mich, da\u00df er wieder da ist. Lam brachte dann in der kurzen Zeit nichts mehr.<\/p>\n<p><strong>Spieler des Spiels:<\/strong><\/p>\n<p>Drobny. Wieder. Klasse Leistung.<\/p>\n<p><strong>P\u00f6bler des Spiels:<\/strong><\/p>\n<p>Die Unkonzentriertheit aller Feldspieler. Hat die Serie ohne Niederlage die Spieler beeinflu\u00dft? <\/p>\n<h2>Was sagt die Statistik?<\/h2>\n<p><iframe width='482' height='377' frameborder='0' src='https:\/\/docs.google.com\/spreadsheet\/pub?hl=de&#038;hl=de&#038;key=0Av4ETf833YNgdHZ0dUNCb0dkaExTMmlxeXNmdkpLc2c&#038;single=true&#038;gid=17&#038;range=B1%3AT22&#038;output=html'><\/iframe><br \/>\n<small><small>2K\u00e4mpfe gew-Zweik\u00e4mpfe gewonnen; ges-Gesamt; %-Prozent gewonnen (Beim Torwart: Torsch\u00fcsse geh-Torsch\u00fcsse gehalten; ges-gesamt; %-Prozent gehalten), BK-Ballkontakte, TS-Torsch\u00fcsse (Beim Torwart AF-abgefangene Flanken), P\u00e4sse a-P\u00e4sse angekommen; g-gespielt; %-Prozent angekommen, FL-Flanken, TSV-Torschussvorlagen, Tor-Tore, TVO-Torvorlagen, LF-Laufleistung in km, Sp-Sprints >-raus, < -rein, Min-Minuten, OF-Offensivfaktor; Quelle: <a href=\"http:\/\/www.bundesliga.de\">bundesliga.de<\/a> f\u00fcr die Offensiven Daten (TS, TSV, Tor; TVO) und <a href=\"http:\/\/www.sky.de\" target=\"_blank\">sky.de<\/a> f\u00fcr den Rest<\/small><\/small><\/p>\n<h2>Was war sonst noch?<\/h2>\n<p>VfB-FCB: Meine Timeline sagt, die Fu\u00dfballmafia DFB hat dieses Spiel gewonnen.<br \/>\nKOE-SCF: Podolski mit bereits 13 Toren. Respekt, h\u00e4tte gedacht, er ruht sich in K\u00f6ln noch bis zum Karriereende aus.<br \/>\nBSC-S04: Die Hertha gewinnt das Hassduell. Also das, da\u00df von den Berlinern ausgerufen und von den Schalkern ignoriert wird.<br \/>\nFCN-5,23: Dabei habe ich den Glubb doch einen Sieg gew\u00fcnscht. Aber Platz 16 k\u00f6nnen sie ja. G\u00f6nnen w\u00fcrde ich aber was dr\u00fcber!<\/p>\n<h2>Leihspielercheck<\/h2>\n<p>Hier ein kurzer Blick auf die verliehenen Spieler. <\/p>\n<p><em><a href=\"http:\/\/www.transfermarkt.de\/de\/maximilian-beister\/leistungsdaten\/spieler_58379.html\" target=\"_blank\">Maxi Beister<\/a> &#8211; Fortuna D\u00fcsseldorf<\/em><br \/>\nIn den letzten drei Spielen ohne Tor oder Assist. Aber dennoch eine sehr gute Hinrunde.<br \/>\n<em><a href=\"http:\/\/www.transfermarkt.de\/de\/macauley-chrisantus\/leistungsdaten\/spieler_62552.html\" target=\"_blank\">Macauly Chrisantus<\/a> &#8211; FSV Frankfurt<\/em><br \/>\nWeiterhin 90 Minuten auf dem Platz. Liegt das an ihm oder an seiner Mannschaft?<\/p>\n<h2>Was macht eigentlich &#8230;?<\/h2>\n<p><em>Frank Rost<\/em> ist in den Ferien. Mal sehen, was man von ihm h\u00f6ren wird. <em>Collin Benjamin<\/em> kam in der 80. Minute f\u00fcr Lauth. Das gab es damals bei uns selten. <em>Piotr Trochowski<\/em> steht 68 Minuten auf dem Platz, schie\u00dft trotzdem 3 mal aufs Tor. <\/p>\n<p>In diesem Sinne: <strong>Nur der HSV!<\/strong><\/p>\n<p style=\"font-size: x-small\">\n","protected":false},"excerpt":{"rendered":"<p>Das Spiel kurz zusammengefa\u00dft Wieder schlecht gespielt und trotzdem nicht verloren. Wie war&#8217;s? Das zweite Spiel in Folge k\u00f6nnen wir in der Offensive wenig Akzente setzen. Der Gegner hat wieder mehr Torchancen, trifft aber auch wie der letzte Gegner das Tor nicht. Ich glaube dreimal stand Eric Maxim Choupo-Moting vorm Tor und h\u00e4tte selbiges machen [&hellip;]<\/p>\n","protected":false},"author":2,"featured_media":0,"comment_status":"open","ping_status":"open","sticky":false,"template":"","format":"standard","meta":{"footnotes":""},"categories":[23,4],"tags":[642,639,167,255,262],"class_list":["post-4426","post","type-post","status-publish","format-standard","hentry","category-bundesliga","category-hsv","tag-bundesliga","tag-hsv","tag-jaroslav-drobny","tag-mainz-05","tag-saison-20112012"],"_links":{"self":[{"href":"http:\/\/www.nedsblog.de\/index.php?rest_route=\/wp\/v2\/posts\/4426","targetHints":{"allow":["GET"]}}],"collection":[{"href":"http:\/\/www.nedsblog.de\/index.php?rest_route=\/wp\/v2\/posts"}],"about":[{"href":"http:\/\/www.nedsblog.de\/index.php?rest_route=\/wp\/v2\/types\/post"}],"author":[{"embeddable":true,"href":"http:\/\/www.nedsblog.de\/index.php?rest_route=\/wp\/v2\/users\/2"}],"replies":[{"embeddable":true,"href":"http:\/\/www.nedsblog.de\/index.php?rest_route=%2Fwp%2Fv2%2Fcomments&post=4426"}],"version-history":[{"count":7,"href":"http:\/\/www.nedsblog.de\/index.php?rest_route=\/wp\/v2\/posts\/4426\/revisions"}],"predecessor-version":[{"id":4433,"href":"http:\/\/www.nedsblog.de\/index.php?rest_route=\/wp\/v2\/posts\/4426\/revisions\/4433"}],"wp:attachment":[{"href":"http:\/\/www.nedsblog.de\/index.php?rest_route=%2Fwp%2Fv2%2Fmedia&parent=4426"}],"wp:term":[{"taxonomy":"category","embeddable":true,"href":"http:\/\/www.nedsblog.de\/index.php?rest_route=%2Fwp%2Fv2%2Fcategories&post=4426"},{"taxonomy":"post_tag","embeddable":true,"href":"http:\/\/www.nedsblog.de\/index.php?rest_route=%2Fwp%2Fv2%2Ftags&post=4426"}],"curies":[{"name":"wp","href":"https:\/\/api.w.org\/{rel}","templated":true}]}}