{"id":4480,"date":"2012-01-02T21:45:05","date_gmt":"2012-01-02T20:45:05","guid":{"rendered":"http:\/\/www.nedsblog.de\/?p=4480"},"modified":"2012-01-02T21:45:05","modified_gmt":"2012-01-02T20:45:05","slug":"bundesliga-20112012-die-hinrunde","status":"publish","type":"post","link":"http:\/\/www.nedsblog.de\/?p=4480","title":{"rendered":"Bundesliga 2011\/2012, die Hinrunde"},"content":{"rendered":"<p><strong>Die Hinrunde kurz zusammengefa\u00dft<\/strong><br \/>\nUmbruch dauert, tut weh und braucht viel mehr Geduld als erwartet.<\/p>\n<h2>Wie war&#8217;s?<\/h2>\n<p>Puh, was ein Beginn. Der Meister, dann die Stinkeweser und auch noch die Bayern ausw\u00e4rts. Aus 5 Spielen hatte ich also wenn \u00fcberhaupt 6 Punkte erwartet: Zu Hause mu\u00df man gegen Berlin und K\u00f6ln gewinnen. Es wurde ein schmeichelhaftes 2:2 und eine bittere Niederlage. Als wir dann gegen Gladbach ein seelenloses Spiel an den Tag legten blieb dem neuen Vorstand nichts anderes \u00fcbrig als Michael Oenning zu entlassen. Ein richtiger Schritt. Auch wenn ich es damals nicht gedacht h\u00e4tte, wollte der Vorstand doch alles neu, anders und vor allem besser machen.<\/p>\n<p>Wie gut hat uns Thorsten Fink getan?<br \/>\n\n<table id=\"wp-table-reloaded-id-3-no-1\" class=\"wp-table-reloaded wp-table-reloaded-id-3\">\n<thead>\n\t<tr class=\"row-1 odd\">\n\t\t<th class=\"column-1\">Statistik<\/th><th class=\"column-2\">MO<\/th><th class=\"column-3\">TF<\/th><th class=\"column-4\">+ \/ -<\/th>\n\t<\/tr>\n<\/thead>\n<tbody>\n\t<tr class=\"row-2 even\">\n\t\t<td class=\"column-1\">Punkte pro Spiel<\/td><td class=\"column-2\">0,17<\/td><td class=\"column-3\">1,50<\/td><td class=\"column-4\">1,33<\/td>\n\t<\/tr>\n\t<tr class=\"row-3 odd\">\n\t\t<td class=\"column-1\">Tendenz*<\/td><td class=\"column-2\">6<\/td><td class=\"column-3\">45<\/td><td class=\"column-4\">39<\/td>\n\t<\/tr>\n\t<tr class=\"row-4 even\">\n\t\t<td class=\"column-1\">Ballbesitz<\/td><td class=\"column-2\">48<\/td><td class=\"column-3\">57<\/td><td class=\"column-4\">9<\/td>\n\t<\/tr>\n\t<tr class=\"row-5 odd\">\n\t\t<td class=\"column-1\">Zweik\u00e4mpfe gew<\/td><td class=\"column-2\">60<\/td><td class=\"column-3\">76<\/td><td class=\"column-4\">16<\/td>\n\t<\/tr>\n\t<tr class=\"row-6 even\">\n\t\t<td class=\"column-1\">Zweik\u00e4mpfe ges<\/td><td class=\"column-2\">125<\/td><td class=\"column-3\">144<\/td><td class=\"column-4\">19<\/td>\n\t<\/tr>\n\t<tr class=\"row-7 odd\">\n\t\t<td class=\"column-1\">Zweik\u00e4mpfe %<\/td><td class=\"column-2\">48,13%<\/td><td class=\"column-3\">52,61%<\/td><td class=\"column-4\">4,48%<\/td>\n\t<\/tr>\n\t<tr class=\"row-8 even\">\n\t\t<td class=\"column-1\">Ballkontakte<\/td><td class=\"column-2\">635<\/td><td class=\"column-3\">670<\/td><td class=\"column-4\">35<\/td>\n\t<\/tr>\n\t<tr class=\"row-9 odd\">\n\t\t<td class=\"column-1\">Torsch\u00fcsse<\/td><td class=\"column-2\">10<\/td><td class=\"column-3\">18<\/td><td class=\"column-4\">8<\/td>\n\t<\/tr>\n\t<tr class=\"row-10 even\">\n\t\t<td class=\"column-1\">P\u00e4sse angek.<\/td><td class=\"column-2\">317<\/td><td class=\"column-3\">361<\/td><td class=\"column-4\">44<\/td>\n\t<\/tr>\n\t<tr class=\"row-11 odd\">\n\t\t<td class=\"column-1\">P\u00e4sse ges.<\/td><td class=\"column-2\">395<\/td><td class=\"column-3\">457<\/td><td class=\"column-4\">62<\/td>\n\t<\/tr>\n\t<tr class=\"row-12 even\">\n\t\t<td class=\"column-1\">P\u00e4sse %<\/td><td class=\"column-2\">80,33%<\/td><td class=\"column-3\">78,95%<\/td><td class=\"column-4\">-1,38%<\/td>\n\t<\/tr>\n\t<tr class=\"row-13 odd\">\n\t\t<td class=\"column-1\">Tore<\/td><td class=\"column-2\">1<\/td><td class=\"column-3\">1,25<\/td><td class=\"column-4\">0,25<\/td>\n\t<\/tr>\n\t<tr class=\"row-14 even\">\n\t\t<td class=\"column-1\">Gegentore<\/td><td class=\"column-2\">3<\/td><td class=\"column-3\">0,75<\/td><td class=\"column-4\">-2,25<\/td>\n\t<\/tr>\n<\/tbody>\n<\/table>\n<br \/>\n<small>*Tendenz mu\u00df ich erkl\u00e4ren: Ich habe die Punkte pro Spiel des jeweiligen Trainers mit den ausbleibenden Spielen und den bisherigen Punkten addiert. Cardoso und Arnesen habe ich nicht mit dargestellt.<\/small><\/p>\n<p>Wir sehen also, da\u00df Thorsten Fink uns in allem verbessert hat. Auff\u00e4llig sind vor allem die Torsch\u00fcsse. 8 pro Spiel mehr, resultiert dann auch in einem etwas h\u00f6herem Tore pro Spiel Schnitt.<br \/>\nAuff\u00e4llig aber die Gegentor. Unter Michael Oenning fing sich die Mannschaft 3 pro Spiel! Drei! Im Schnitt! DREI! Thorsten Fink stabilisierte die Abwehr und hat bisher einen Schnitt von nicht mal einem pro Spiel. Okay, die Gegner von Fink schossen auch nur 1,11 Tore im Schnitt in der Hinrunde, w\u00e4hrend die Gegner von MO 1,80 Tore pro Spiel schossen. Aber trotzdem schossen die immer noch 1,2 Tore gegen uns mehr als der Schnitt. Das hat Thorsten Fink abgestellt. Aber wenn man sich unsere Abwehr so anschaut, dann mu\u00df da noch viel ge\u00fcbt werden. Das traue ich dem Trainer aber zu.<\/p>\n<p>Was mich aber in jedem Spiel seit Michael Oenning beruhigt hat: Die Mannschaft will wieder. Man kann ihr ansehen, da\u00df sie den Plan des Trainers verstanden hat und diesen umsetzen will. Das K\u00f6nnen und 100%ige Verstehen ist wohl noch nicht da, ich denke aber das es kommen wird, je mehr trainiert wird.<\/p>\n<p><strong>Tor<\/strong><\/p>\n<p>Jaroslav Drobny mit 17*90: Er stand immer im Tor, brauchte nicht ausgewechselt werden. Am Anfang der Saison, gerade nach den Spielen gegen Hertha und K\u00f6ln, dachte man noch, warum nicht wechseln. Aber beide Trainer st\u00e4rkten Drobny den R\u00fccken und liessen ihn weiter spielen. Er dankte es mit tollen Leistungen. Lediglich 6 Gegentore in 8 Ligaspielen unter Fink sind eine gute Visitenkarte. Er ist endlich der R\u00fcckhalt geworden, den unsere Abwehr braucht. Auch seine Abw\u00fcrfe und -schl\u00e4ge haben sich verbessert.<\/p>\n<p>Tom Mickel w\u00e4rmte in 15 Spielen die Bank. In der Regionalliga Nord machte er 3 Spiele mit der zweiten Mannschaft (2 Gegentore). Sven Neuhaus vertrat ihn auf der Bank der ersten Mannschft in den letzten 2 Spielen. Ansonsten hatte er 3 Spiele in der RL Nord und fing sich 4 Gegentore.<\/p>\n<p><strong>Abwehr<\/strong><\/p>\n<p>Diekmeier, Bruma, Westermann, Aogo. Unsere Stammabwehr. Erg\u00e4nzt wird sie durch Mancienne oder Rajkovic. Stabil ist sie noch nicht. Liegt meiner Meinung nach aber auch daran, da\u00df die Aussenverteidiger sehr hoch stehen und die Offensive unterst\u00fctzen. Das bringt L\u00fccken in der R\u00fcckw\u00e4rtsbewegung. Es pa\u00dft dann nicht in der Abstimmung und Aufteilung. Oft genug gesehen in dieser Hinrunde.<br \/>\nMit Westermann (1227, 72 pro Spiel) und Aogo (1159, 68) stehen die Spieler mit den meisten Ballkontakten in der Abwehr. Ursache ist das Aufbauspiel des Trainers. Es wird viel hinten rum hin und her gespielt, um dann die Aussen mit langen B\u00e4llen zu f\u00fcttern.<br \/>\n58% der Zweik\u00e4mpfe werden in der Abwehr gewonnen (381\/657). Ich glaube die Quote ist ganz gut, kann es aber schwer mit anderen Teams vergleichen.<br \/>\nDie Kloppsrate in dieser Hinrunde war leider noch zu hoch. Die Kloppsqualit\u00e4t dummerweise auch, f\u00fchrte ein Klopps doch zu h\u00e4ufig zu einem Gegentor. Aber wenn man sich vor Augen f\u00fchrt, da\u00df Jeffrey Bruma gerade mal 19 Jahre ist, dann macht das doch Hoffnung. <\/p>\n<p>Ich glaube an Diekmeier, Bruma, Westermann und Aogo. Die werden sich weiter verbessern. Auch die Ersatzleute passen, wenn es f\u00fcr die Rechtsverteidigerposition zu wenig Alternativen gibt.<\/p>\n<p>Die Erg\u00e4nzungsspieler: Janek Sternberg und Florian (der hat nen geilen Vornamen) Br\u00fcgmann nahmen je ein mal auf der Bank Platz. Sowah, Stepanek und Besic haben den Sprung in den A Kader noch nicht geschafft. <\/p>\n<p><strong>Mittelfeld<\/strong><\/p>\n<p>Wir spielen mit 2 defensiven und 2 manchmal drei offensiven Mittelfeldspielern. Defensiv hat sich das Tandem Tomas Rinc\u00f3n und Gojko Kacar etabliert. Tesche und auch Skjelbred d\u00fcrfen als Erg\u00e4nzung immer mal ran.<br \/>\nRinc\u00f3n hat unter dem neuen Trainer eine tolle Entwicklung gemacht. Er wirkt wie geschaffen f\u00fcr die Position zwischen den Innenverteidigern beim Spielaufbau und ist eine Kampfsau in der Defensive. Klar, es gibt noch viel Spielraum nach oben, aber stellt ihm mal einen richtigen guten Partner an die Seite, dann wird er noch besser werden.<br \/>\nZu Gojko habe ich mittlerweile ein sehr schlechtes Verh\u00e4ltnis. So wie zu Westermann fr\u00fcher. Ich schaue bei ihm genau hin, weil ich denke, da\u00df er von den Anlagen her viel besser sein k\u00f6nnte. Vor allem die K\u00f6rpersprache gefiel mir in den letzten Spielen \u00fcberhaupt nicht. Und seine Leistung schon mal gar nicht. Alleine bin ich nicht mit dieser Meinung, Kacar wurde 7 mal ausgewechselt, Topwert bei den Spielern. Er bietet sich zu wenig an (hat absolut und relativ weniger Ballkontakte als Rinc\u00f3n) und passt dann nicht genau genug (nur 78% seiner P\u00e4sse kommen an, damit im Mittelfeld drittschlechtester).<br \/>\nWir brauchen dringend einen Spieler, der diese Rolle im System Fink besser ausf\u00fcllen kann.<\/p>\n<p>Tesche wurde 8 mal eingewechselt, so viel wie kein anderer. Skjelbred nur mit Kurzeins\u00e4tzen in der Liga, da fehlt es wohl noch. David Jarolim ist der gr\u00f6\u00dfte Verlierer in dieser Hinrunde. Kam grad mal auf 8 Spiele und im Schnitt 48 Minuten. Seine Zeit bei uns ist anscheinend vorbei. Das ist traurig. Ich mag ihn und w\u00fcrd ihn am liebsten behalten, auch wenn ich wei\u00df, da\u00df er keine Rolle mehr spielt. Zu statisch ist sein Spiel, zu langsam seine Aktionen. Schade. Hoffentlich kommt er wieder, sollte er gehen.<\/p>\n<p>Im offensiven Mittelfeld haben wir vor allem G\u00f6khan T\u00f6re. Rechts wird er aufgestellt, er rotiert aber fr\u00f6hlich \u00fcbers Feld. 6 Torvorlagen stehen auf seinem Konto, damit Spitzenreiter bei uns. Ein Tor fehlt noch, das wird aber kommen. Er ist 19 Jahre alt, im Januar wird er 20 werden. Er wird dazu lernen und besser werden. Er wird eine St\u00fctze des Teams sein, wenn wir ihn halten k\u00f6nnen. Schon nach einer guten Hinrunde gibt es gen\u00fcgend Ger\u00fcchte um ihn und der Sportchef bem\u00fcht sich um eine vorzeitigen Vertragsverl\u00e4ngerung.<br \/>\nKritik mu\u00df ich an ihm \u00e4u\u00dfern, nur so kommt er weiter: Zu oft trifft er noch falsche Entscheidungen. Wenn er schie\u00dfen sollte, dribbelt er, wenn er passen sollte schie\u00dft er und andersrum. Das wird besser werden, da bin ich mir sicher.<br \/>\nLinks durfte zumeist Marcell Jansen ran. Auch er machte zun\u00e4chst einen gro\u00dfen Schritt in Richtung alter Form mit einigen Makeln: Er vernachl\u00e4ssigt die Defensivarbeit. Und die vom Trainer geforderte Rotation auf dem Platz ist nicht so seins, er hat seinen rechten Fu\u00df ja auch nur damit er nicht umf\u00e4llt.<br \/>\nErschreckend ist seine schlechte Passquote, mit 64% angekommener P\u00e4sse ist er der schlechteste HSV Profi. Obwohl er 3 Tore geschossen hat ist sein OffensivFaktor (Tor+Torvorlagen+Toschu\u00dfvorlagen+Torsch\u00fcsse) mit 46 (3,3 pro Spiel) hinter dem offiziellem Linksverteidiger Aogo! Alternativ hat Ilicevic nach seiner Verletzung recht gut ins Team gefunden. Seine Werte sind klasse, er und T\u00f6re vorne finde ich eine sehr gute Anfangsformation.<\/p>\n<p>Damit sind die Alternativen f\u00fcr das offensive Mittelfeld aber auch schon zu Ende. Lam hatte ein gutes Spiel und braucht noch Zeit. Castelen war (wie immer) verletzt und hofft nun in der R\u00fcckrunde wieder dabei zu sein. Auf der Bank durften Sala und Nagy jeweils ein mal Platz nehmen. Eine Chance erhielten sie nicht, eine Alternative k\u00f6nnten sie sein. Kann das schwer absch\u00e4tzen. Sala gefiel mir im Freundschaftsspiel gegen Halle, er war dann aber verletzt. Eine Leihe im Winter ist eventuell geplant.<\/p>\n<p>Keine Rolle spielten Bertram, Arslan, Ingreso und Tavares. Letzterer sollte schon lange weg sein, ist es aber noch nicht. Auch ein Zeichen.<\/p>\n<p><strong>Sturm<\/strong><\/p>\n<p>Paolo Guerrero hat unter Fink einen gro\u00dfen Sprung gemacht. Er zeigt viel Einsatz und wirkt endlich wieder richtig fit. Mit Mladen Petric haben wir einen seehr guten Fu\u00dfballer auf dem Platz. #Petricbleibt was soll ich noch sagen?<br \/>\nDanach wird es aber eng. Son wirkt wahnsinnig \u00fcberdreht, da wir aber auch noch Berg verloren haben (haste Schei\u00dfe am Fu\u00df, haste Schei\u00dfe am Fu\u00df) ist es echt eng vorne. Klar, Ivo kann auch als h\u00e4ngende Spitze spielen, aber nun darf in der Vorbereitung n\u00fcscht mehr mit Mladen und Paolo passieren. Alternativen aus der zweiten Mannschaft: Bertul Kocabas mit 5 Toren in der RL Nord. Aber ist er schon so weit?<\/p>\n<p>Unser Sturm hat bisher 11 Tore geschossen (Paolo &#038; Mladen je 4, Son 3). Macht 52 % aller Tore. Wenn man dann noch die 2 Torvorlagen dazu nimmt, war unser Sturm an 13 von 21 Toren beteiligt. 62% also, kein schlechter Wert. Um so wichtiger, da\u00df alle fit bleiben und Son zu seiner Form zur\u00fcck findet.<\/p>\n<p><strong>Taktik<\/strong><\/p>\n<p>Taktik? Welche Taktik? So war es doch in den ersten 6 Spielen. Unter Rodolfo und Frank gab es dann taktisch auch nichts weltbewegendes. Erst unter Thorsten Fink \u00e4nderte sich das. Aufgestellt wurde zumeist im 4-4-2, einmal wurde auch im 4-2-3-1 gespielt. Auch kein neuer Schuh, das machen irgendwie alle. Aber aus diesem 4-4-2 wird im Angriff ein 3-5-2 und zwar wie folgt<br \/>\n<a href=\"http:\/\/www.nedsblog.de\/wp-content\/uploads\/Offensive_Aufstellung.jpg\"><img loading=\"lazy\" decoding=\"async\" src=\"http:\/\/www.nedsblog.de\/wp-content\/uploads\/Offensive_Aufstellung.jpg\" alt=\"\" title=\"Offensive_Aufstellung\" width=\"398\" height=\"531\" class=\"alignnone size-full wp-image-4519\" srcset=\"http:\/\/www.nedsblog.de\/wp-content\/uploads\/Offensive_Aufstellung.jpg 398w, http:\/\/www.nedsblog.de\/wp-content\/uploads\/Offensive_Aufstellung-224x300.jpg 224w\" sizes=\"auto, (max-width: 398px) 100vw, 398px\" \/><\/a> <\/p>\n<p>Das ist neu, habe ich so noch nicht von anderen Mannschaften gesehen. Das konsequente zur\u00fcckziehen eines 6ers gef\u00e4llt mir auch. Bei Ballverlusten in der Offensive sollte dann hinten nicht alles offen sein. Die Aussenverteidiger machen Druck und so k\u00f6nnen die offensiven Aussenspieler rotieren und in die Mitte ziehen. Das ist variabel und f\u00fcr den Gegner schwer zu verteidigen.<\/p>\n<p>In den letzten Spielen fiel mir dann dieses Loch immer auf<br \/>\n<a href=\"http:\/\/www.nedsblog.de\/wp-content\/uploads\/Offensives_Loch.jpg\"><img loading=\"lazy\" decoding=\"async\" src=\"http:\/\/www.nedsblog.de\/wp-content\/uploads\/Offensives_Loch.jpg\" alt=\"\" title=\"Offensives_Loch\" width=\"353\" height=\"474\" class=\"alignnone size-full wp-image-4522\" srcset=\"http:\/\/www.nedsblog.de\/wp-content\/uploads\/Offensives_Loch.jpg 353w, http:\/\/www.nedsblog.de\/wp-content\/uploads\/Offensives_Loch-223x300.jpg 223w\" sizes=\"auto, (max-width: 353px) 100vw, 353px\" \/><\/a><\/p>\n<p>Klar, die Spieler bewegen sich, rotieren und bieten sich an. Aber gerade in dieser Mitte konnte der Gegner gut alle Passwege zustellen und gerade Kacar hat sich zu selten angeboten. Gegen Stuttgart tauchten regelm\u00e4ssig Ivo, Mladen oder T\u00f6re in diesem Loch auf, um sich den Ball abzuholen. Da mu\u00df der Trainer noch was machen. Darauf kann man sich zu schnell einstellen und uns vor allem zustellen. Aber was mir besonders gef\u00e4llt: Ich kann erkennen, da\u00df der Trainer eine Idee hat, wie wir Spiele gewinnen wollen. Das mag ich und imponiert mir. Gerade f\u00fcr unsere Mannschaft, die gerade mal 1,5 Spieler hat, die den Unterschied ausmachen k\u00f6nnen (Petric und T\u00f6re) ist es meiner Meinung nach wichtig den anderen Spielern einen Plan mitzugeben, der ihnen das Gef\u00fchl gibt, ein Spiel zu gewinnen. Selbst unter Veh habe ich so etwas nicht erkennen k\u00f6nnen. <\/p>\n<p><strong>Einwechslungen<\/strong><\/p>\n<p>Im Schnitt wechselt der Trainer in der 69. Minute den ersten Spieler aus. Es wurde aber oft auch fr\u00fcher korrigiert und nicht nur verletzungsbedingt. Bisher habe ich noch keine Auswechslung nicht verstanden, das war mal anders. <\/p>\n<p><strong>Spieler des Hinrunde:<\/strong><\/p>\n<p>G\u00f6khan T\u00f6re. Von euch gew\u00e4hlt mit 17 Stimmen vor Jaroslav Drobny mit 15. Meine Wahl Tomas Rinc\u00f3n mit 10 Stimmen auf Platz 3.<br \/>\nDanke euch allen f\u00fcr die Teilnahme! Das Ergebnis steht <a href=\"http:\/\/www.nedsblog.de\/?p=4464\" title=\"Bundesliga 2011\/2012, Spieler der Hinrunde\" target=\"_blank\">hier<\/a>.<\/p>\n<p><strong>P\u00f6bler des Hinrunde:<\/strong><\/p>\n<p>Das Spiel gegen M\u00f6nchengladbach.<br \/>\nEs war das schlimmste Spiel, welches ich seit Jahren bei uns im Stadion gesehen habe. Da war nichts. Die Spieler wirkten unmotiviert, der Trainer am Ende. Zum Gl\u00fcck hat der Vorstand das schnell gemerkt und ebenso schnell korrigiert.<\/p>\n<h2>Was sagt die Statistik?<\/h2>\n<p>Die Tabelle aller Spieler und deren Werte pa\u00dfte nicht so richtig hier rein. Daf\u00fcr sind es dann zu viele Daten. Deswegen hier <a href=\"https:\/\/docs.google.com\/spreadsheet\/ccc?key=0Av4ETf833YNgdGpoOEUwLXZSTkVxbHZkZUJIREwxS3c\" target=\"_blank\">klicken<\/a> und eine \u00dcbersicht sollte sich \u00f6ffnen.<br \/>\n<strong>Ausz\u00fcge<\/strong><br \/>\nMinuten: Top Westermann (90 pro Spiel), Aogo (90), Drobny (90), Rinc\u00f3n (90); Flop Castelen (12), Berg (33),Lam (38)<br \/>\nZweikampfquote: Rajkovic (65,3% gewonnen), Westermann (62,9%), Jarolim (58,9%); Flop Son (33,9%), Berg (34,6%), Guerrero (35,3%)<br \/>\nBallkontakte pro 90 Min*: Top Jarolim (78), Rinc\u00f3n und Boban (73), Flop Petric (38), Berg (41), Son (42)<br \/>\nTorsch\u00fcsse pro 90 Min*: Guerrero (4), Ivo und Mladen (3), Jansen, Berg und Son (2).<br \/>\nangekomme P\u00e4sse: Top Jarolim (91,7%), Skjelbred (88,1%), Aogo (83,4%); Flop Jansen (64,0%), Guerrero (70,8%), Petric (72,1%).<br \/>\nFlanken pro 90 Min*: Diekmeier (4), Aogo, Jansen, T\u00f6re (3), Lam (2).<br \/>\nTorschu\u00dfvorlagen pro 90 Min. Castelen (4), Berg, T\u00f6re (3).<br \/>\nOF pro 90 Min*: Castelen (8), Guerrero (7), Petric (6).<br \/>\n<small>*Die Kategorie geteilt durch die gespielten Minuten mal 90 um den Wert pro 90 Minuten hochzurechnen auch f\u00fcr die Spieler, die nicht immer 90 Minuten auf dem Platz standen.<\/small><\/p>\n<p><strong>Unsere Scorerliste<\/strong><br \/>\n\n<table id=\"wp-table-reloaded-id-4-no-1\" class=\"wp-table-reloaded wp-table-reloaded-id-4\">\n<thead>\n\t<tr class=\"row-1 odd\">\n\t\t<th class=\"column-1\">Name<\/th><th class=\"column-2\">Tor<\/th><th class=\"column-3\">Torvorlage<\/th><th class=\"column-4\">Scorer<\/th>\n\t<\/tr>\n<\/thead>\n<tbody>\n\t<tr class=\"row-2 even\">\n\t\t<td class=\"column-1\">T\u00f6re<\/td><td class=\"column-2\">0<\/td><td class=\"column-3\">6<\/td><td class=\"column-4\">6<\/td>\n\t<\/tr>\n\t<tr class=\"row-3 odd\">\n\t\t<td class=\"column-1\">Petric<\/td><td class=\"column-2\">4<\/td><td class=\"column-3\">1<\/td><td class=\"column-4\">5<\/td>\n\t<\/tr>\n\t<tr class=\"row-4 even\">\n\t\t<td class=\"column-1\">Guerrero<\/td><td class=\"column-2\">4<\/td><td class=\"column-3\">0<\/td><td class=\"column-4\">4<\/td>\n\t<\/tr>\n\t<tr class=\"row-5 odd\">\n\t\t<td class=\"column-1\">Jansen<\/td><td class=\"column-2\">3<\/td><td class=\"column-3\">1<\/td><td class=\"column-4\">4<\/td>\n\t<\/tr>\n\t<tr class=\"row-6 even\">\n\t\t<td class=\"column-1\">Son<\/td><td class=\"column-2\">3<\/td><td class=\"column-3\">1<\/td><td class=\"column-4\">4<\/td>\n\t<\/tr>\n\t<tr class=\"row-7 odd\">\n\t\t<td class=\"column-1\">Aogo<\/td><td class=\"column-2\">0<\/td><td class=\"column-3\">3<\/td><td class=\"column-4\">3<\/td>\n\t<\/tr>\n\t<tr class=\"row-8 even\">\n\t\t<td class=\"column-1\">Tesche<\/td><td class=\"column-2\">2<\/td><td class=\"column-3\">1<\/td><td class=\"column-4\">3<\/td>\n\t<\/tr>\n\t<tr class=\"row-9 odd\">\n\t\t<td class=\"column-1\">Bruma<\/td><td class=\"column-2\">2<\/td><td class=\"column-3\">0<\/td><td class=\"column-4\">2<\/td>\n\t<\/tr>\n\t<tr class=\"row-10 even\">\n\t\t<td class=\"column-1\">Drobny<\/td><td class=\"column-2\">0<\/td><td class=\"column-3\">1<\/td><td class=\"column-4\">1<\/td>\n\t<\/tr>\n\t<tr class=\"row-11 odd\">\n\t\t<td class=\"column-1\">Ilicevic<\/td><td class=\"column-2\">1<\/td><td class=\"column-3\">0<\/td><td class=\"column-4\">1<\/td>\n\t<\/tr>\n\t<tr class=\"row-12 even\">\n\t\t<td class=\"column-1\">Kacar<\/td><td class=\"column-2\">0<\/td><td class=\"column-3\">1<\/td><td class=\"column-4\">1<\/td>\n\t<\/tr>\n\t<tr class=\"row-13 odd\">\n\t\t<td class=\"column-1\">Lam<\/td><td class=\"column-2\">0<\/td><td class=\"column-3\">1<\/td><td class=\"column-4\">1<\/td>\n\t<\/tr>\n\t<tr class=\"row-14 even\">\n\t\t<td class=\"column-1\">Rajkovic<\/td><td class=\"column-2\">1<\/td><td class=\"column-3\">0<\/td><td class=\"column-4\">1<\/td>\n\t<\/tr>\n\t<tr class=\"row-15 odd\">\n\t\t<td class=\"column-1\">Westermann<\/td><td class=\"column-2\">1<\/td><td class=\"column-3\">0<\/td><td class=\"column-4\">1<\/td>\n\t<\/tr>\n<\/tbody>\n<\/table>\n<\/p>\n<h2>Was war sonst noch?<\/h2>\n<p>3 von 7 ist gute Quote. Mit Ivo, Jeffrey und G\u00f6khan stehen drei Spieler regelm\u00e4ssig in der Startelf und bringen uns auch weiter. 2 davon kommen aus der Chelsea Reserve. Frank Arnesen hat einen guten Trainer verpflichtet. Ich habe am Anfang der Saison nicht unbedingt verstanden, warum es so viele Spieler aus London sein m\u00fcssen, aber Frank hat Vertrauen in deren Leistung gehabt und ist meiner Meinung nach best\u00e4tigt worden. Boban und Mancienne sind keine schlechten Alternativen und Sala braucht eben Zeit, ist halt kein T\u00f6re. Was genau war also falsch daran? Nichts! Wir haben kein Geld und m\u00fcssen trotzdem unseren Kader verbessern. Das hat Frank geschafft. In der Winterpause soll eventuell noch jemand kommen. Mir w\u00e4re ein Partner f\u00fcr Rinc\u00f3n recht, der den offensiven Part im System Fink \u00fcbernimmt. <\/p>\n<h2>Leihspielercheck<\/h2>\n<p>Hier ein kurzer Blick auf die verliehenen Spieler. <\/p>\n<p><em><a href=\"http:\/\/www.transfermarkt.de\/de\/maximilian-beister\/leistungsdaten\/spieler_58379.html\" target=\"_blank\">Maxi Beister<\/a> &#8211; Fortuna D\u00fcsseldorf<\/em><br \/>\nWas soll man noch zu Maxi Beister schreiben? Eine tolles Jahr 2011 bei Fortuna D\u00fcsseldorf. 8 Tore und 11 Vorlagen. Damit f\u00fchrt er die Scorerliste der zweiten Liga an. In den letzten Spielen hat er einen kleinen H\u00e4nger, was ich aber f\u00fcr normal halte.<br \/>\nWir wollen ihn zur\u00fcck, so viel ist schon klar. Sein Vertrag l\u00e4uft nach der n\u00e4chsten Saison aus, diesen wollen wir ebenfalls verl\u00e4ngern. Ich bin gespannt, ob er sich gegen T\u00f6re, Ivo oder Jansen durchsetzen kann. <\/p>\n<p><em><a href=\"http:\/\/www.transfermarkt.de\/de\/macauley-chrisantus\/leistungsdaten\/spieler_62552.html\" target=\"_blank\">Macauly Chrisantus<\/a> &#8211; FSV Frankfurt<\/em><br \/>\nKann ich weniger gut einsch\u00e4tzen. Im Sommer holte er sich eine Malaria Infektion, stand dann ab dem 11. Spieltag immer in der Startelf und brachte es auf 7 Tore und eine Torvorlage. Was ich so schwer einsch\u00e4tzen kann: Spielt er, weil er so gut ist oder weil die Konkurrenz nicht stark genug ist? <\/p>\n<h2>Was macht eigentlich &#8230;?<\/h2>\n<p><em>Frank Rost<\/em> hat sich wohl zur\u00fcck gezogen, man h\u00f6rt sehr wenig von ihm. <em>Collin Benjamin<\/em> spielt ab und an mal, Leistungstr\u00e4ger ist er bei den 60ern nicht geworden. <em>Piotr Trochowski<\/em> steht im Schnitt 70 Minuten auf dem Platz. Hat noch kein Tor geschossen und auch noch keine Torvorlage gegeben. Sevilla hat auch erst 18 Tore in 16 Spielen geschossen, wichtig war sein Handeln auf dem Platz anscheinend nicht.<\/p>\n<h2>Was macht eigentlich &#8230;? der Rest<\/h2>\n<p>Umbruch war das Wort vor beginn dieser Saison. Es haben uns viele Spieler verlassen, was ist aus denen denn geworden? (Ja, ich wei\u00df, es gibt ein Beitrag in der Mopo, der genau dieses Thema zum Inhalt hat. Ich habe mich dann auch ge\u00e4rgert noch nicht fertig gewesen zu sein. Ihr m\u00fc\u00dft mir glauben, da\u00df dich die Idee nicht geklaut habe.)<\/p>\n<p><em><strong>Joris Mathijsen<\/strong> (FC Malaga):<\/em> Wenn er spielt, dann 90 Minuten. Malaga steht auf dem 7. Platz der Primera Division und hat bereits (?) 22 Gegentore bekommen. Liegt bestimmt alles nur am Partner von Joris, so wie fr\u00fcher.<\/p>\n<p><em><strong>Guy Demel<\/strong> (West Ham United):<\/em> Spielt in der Championship (2. englische Liga) bei United, allerdings kam er bisher auf lediglich 2 Spiele aufgrund einer <a href=\"http:\/\/www.mirrorfootball.co.uk\/news\/West-Ham-Guy-Demel-may-have-torn-thigh-muscle-just-after-recovering-from-hamstring-problem-article842264.html\" target=\"_blank\">anscheinend<\/a> schweren Verletzung. Ich w\u00fcnsche ihm alles Gute, werd schnell gesund Guuuuuuy!<\/p>\n<p><em><strong>Z\u00e9 Roberto<\/strong> (Al-Gharafa Sports Club):<\/em> Ist Kapit\u00e4n seiner Mannschaft in Qatar. Seine Mannschaft ist im Mitteldfeld der Liga. Beim Freundschaftsspiel in Hamburg konnte man aber sehen, wie gut in Form er ist. Angek\u00fcndigt hatte er ja ein Comeback in der Bundesliga. Bin gespannt.<\/p>\n<p><em><strong>Jonathan Pitroipa<\/strong> (FC Stades Rennes):<\/em> Bisher 6 Tore und 5 Vorlagen in 29 Pflichtspielen (bei uns waren 2\/8\/28) f\u00fcr seine Mannschaft. Er hat sich also entwickelt. Er spielt in der Regel durch, das Vertrauen des Trainers (so ungemein wichtig f\u00fcr ihn) ist anscheinend da. Rennes steht derzeit auf einem gutem 5. Platz in der Ligue 1.<\/p>\n<p><em><strong>\u00c4nis Ben-Hatira<\/strong> (Hertha BSC <del datetime=\"2011-12-29T10:31:48+00:00\">Berlin<\/del>):<\/em> Spielt unregelm\u00e4ssig, hat noch keine vollen 90 Minuten gespielt und bisher 2 Torvorlagen auf seinem Konto. Eingeschlagen ist anders. Vielleicht hat er unter Skibbe eine Chance&#8230;<\/p>\n<p><em><strong>Eljero Elia<\/strong> (Juventus Turin):<\/em> 3 Spiele f\u00fcr Juve. Endlich ist er bei einem gro\u00dfem Verein und dann&#8230; spielt er nicht. Selbst\u00fcbersch\u00e4tzung war schon immer eine St\u00e4rke von ihm<\/p>\n<p><em><strong>Eric Maxim Choupo-Moting<\/strong> (FSV Mainz 05):<\/em> Wer erinnert sich nicht an seine versemmelten Chancen im Spiel gegen uns. Ansonsten stand er in allen 17 Bundesligaspielen auf dem Platz, davon 8 mal in der Startelf. Sein Ausbeute: 4 Tore. Angekommen scheint er, steigerungsf\u00e4hig ist er.<\/p>\n<p><em><strong>Ruud van Nistelrooy<\/strong> (FC Malaga):<\/em> 13 Spiele, 1 Tor und eine Torvorlage. Selbst Demichelis hat einen Treffer erzielt. Keine gute Saison bisher (aus der Ferne bestrachtet).<\/p>\n<p><em><strong>Tunay Torun<\/strong> (Hertha BSC <del datetime=\"2011-12-29T10:31:48+00:00\">Berlin<\/del>):<\/em> 11 Spiele, 2 Tore. Geh\u00f6rte 6 mal zur Startelf, wurde aber auch 5 mal ausgewechselt. Durchbruch sieht anders aus. Vielleicht hat er unter Skibbe eine Chance&#8230;<\/p>\n<p>Alles in allem haben sich unsere alten Spieler nicht unbedingt woanders durchgesetzt. Bis auf Pitroipa sind es wohl eher Mitl\u00e4ufer oder die Liga ist nicht erw\u00e4hnenswert (Katar). F\u00fcr uns hat sich der Wechsel aber gelohnt, tats\u00e4chlich vermissen tue ich keinen der Spieler bei uns im Kader.<\/p>\n<h2>Und die Zweite?<\/h2>\n<p>Hopp oder Topp ist hier die Devise. In 17 Spielen nur ein Unentschieden, 7 Siege und 9 Niederlagen. Die Mannschaft steht besser dar als letztes Jahr, spielte man doch letztes Jahr bis zum Ende gegen den Abstieg. Mit 22 Punkten hat man ein gutes Polster, hat noch ein Spiel \u00fcbrig (einmal Regen in Hamburg, schon ist das Stadion am Hafenrand nicht bespielbar. Wo waren noch all die Rasenexperten her?). Ein Aufstieg in die dritte Liga sehe ich in diesem Jahr nicht, bin auch nicht unbedingt ein Freund davon, jetzt schon eine zweite Profimannschaft aufzubauen.<br \/>\nWas mir fehlt ist der Druck der Talente auf die erste Mannschaft. Lam hat es einmal kurz gezeigt, danach war Ruhe. Es wird \u00fcber die Ausleihe einiger Talente diskutiert (Sala, Nagy, Besic) die unbedingt auf einem h\u00f6herem Niveau als die Regionalliga Spielpraxis brauchen.<br \/>\nCardoso ist weiterhin Trainer, finde ich gut, der soll in Ruhe weiter seine Arbeit machen. Die zweite Mannschaft trainiert mit den Profis, damit wird N\u00e4he signalisiert.<\/p>\n<p><strong>Die Nachwuchsteams<\/strong><br \/>\nU19: Tabellenf\u00fchrer bei erst einer Niederlage in der A-Junioren-Bundesliga Nord\/Nordost<br \/>\nU18: 5. Platz in der B-Junioren-Bundesliga Nord\/Nordost, Tabellenf\u00fchrer ist die Hertha.<br \/>\nDie Mannschaften darunter sind nicht weniger erfolgreich (U16: 5., U15 1.).<br \/>\nVon aussen und mit wenig N\u00e4he zu der Nachwuchsarbeit sieht es so aus, als wenn die Arbeit gut gemacht wird. Es m\u00fcssen jetzt die Talente nach oben wachsen. Das dauert. Wird aber hoffentlich weiter verfolgt werden. <\/p>\n<h2>Fazit<\/h2>\n<p>Ich werde nicht alt mit diesem Verein! Es ist bei uns nie Ruhe, immer passiert was. Nun steht am 15.01. die Mitgliederversammlung an und schon wieder treffen zwei Lager aufeinander, die unterschiedliche Positionen inne haben. Das Thema diesmal: Briefwahl. Die einen wollen (Initiative Pro HSV), die anderen nicht (CFHH). Mann Mann Mann.<\/p>\n<p>Die Hinrunde ist erfolgreicher zu Ende gegangen, als ich nach 6 Spielentagen erhofft hatte. Wir k\u00f6nnen uns nur leider auf keinem Punktepolster ausruhen. Aber ich habe Hoffnung und glaube daran, da\u00df es schaffen werden den Abstieg zu verhindern.<\/p>\n<p>In diesem Sinne: <strong>Nur der HSV!<\/strong><\/p>\n<p style=\"font-size: x-small\">\n","protected":false},"excerpt":{"rendered":"<p>Die Hinrunde kurz zusammengefa\u00dft Umbruch dauert, tut weh und braucht viel mehr Geduld als erwartet. Wie war&#8217;s? Puh, was ein Beginn. Der Meister, dann die Stinkeweser und auch noch die Bayern ausw\u00e4rts. Aus 5 Spielen hatte ich also wenn \u00fcberhaupt 6 Punkte erwartet: Zu Hause mu\u00df man gegen Berlin und K\u00f6ln gewinnen. Es wurde ein [&hellip;]<\/p>\n","protected":false},"author":2,"featured_media":0,"comment_status":"open","ping_status":"open","sticky":false,"template":"","format":"standard","meta":{"footnotes":""},"categories":[23,20,4],"tags":[642,641,277,79,639,262],"class_list":["post-4480","post","type-post","status-publish","format-standard","hentry","category-bundesliga","category-dfb-pokal","category-hsv","tag-bundesliga","tag-dfb-pokal","tag-gokhan-tore","tag-hinrunde","tag-hsv","tag-saison-20112012"],"_links":{"self":[{"href":"http:\/\/www.nedsblog.de\/index.php?rest_route=\/wp\/v2\/posts\/4480","targetHints":{"allow":["GET"]}}],"collection":[{"href":"http:\/\/www.nedsblog.de\/index.php?rest_route=\/wp\/v2\/posts"}],"about":[{"href":"http:\/\/www.nedsblog.de\/index.php?rest_route=\/wp\/v2\/types\/post"}],"author":[{"embeddable":true,"href":"http:\/\/www.nedsblog.de\/index.php?rest_route=\/wp\/v2\/users\/2"}],"replies":[{"embeddable":true,"href":"http:\/\/www.nedsblog.de\/index.php?rest_route=%2Fwp%2Fv2%2Fcomments&post=4480"}],"version-history":[{"count":55,"href":"http:\/\/www.nedsblog.de\/index.php?rest_route=\/wp\/v2\/posts\/4480\/revisions"}],"predecessor-version":[{"id":4538,"href":"http:\/\/www.nedsblog.de\/index.php?rest_route=\/wp\/v2\/posts\/4480\/revisions\/4538"}],"wp:attachment":[{"href":"http:\/\/www.nedsblog.de\/index.php?rest_route=%2Fwp%2Fv2%2Fmedia&parent=4480"}],"wp:term":[{"taxonomy":"category","embeddable":true,"href":"http:\/\/www.nedsblog.de\/index.php?rest_route=%2Fwp%2Fv2%2Fcategories&post=4480"},{"taxonomy":"post_tag","embeddable":true,"href":"http:\/\/www.nedsblog.de\/index.php?rest_route=%2Fwp%2Fv2%2Ftags&post=4480"}],"curies":[{"name":"wp","href":"https:\/\/api.w.org\/{rel}","templated":true}]}}