{"id":4601,"date":"2012-01-29T23:23:10","date_gmt":"2012-01-29T22:23:10","guid":{"rendered":"http:\/\/www.nedsblog.de\/?p=4601"},"modified":"2012-01-29T23:23:10","modified_gmt":"2012-01-29T22:23:10","slug":"bundesliga-20112012-hertha-auswarts","status":"publish","type":"post","link":"http:\/\/www.nedsblog.de\/?p=4601","title":{"rendered":"Bundesliga 2011\/2012, Hertha ausw\u00e4rts"},"content":{"rendered":"<p><strong>Das Spiel kurz zusammengefa\u00dft<\/strong><br \/>\nGegner auf Augenh\u00f6he m\u00fcssen wir schlagen.<\/p>\n<h2>Wie war&#8217;s?<\/h2>\n<p>Kalt. Die zugige Sch\u00fcssel in Berlin ist im Winter reichlich ungem\u00fctlich. Zum Gl\u00fcck stand dem schlechten Saisonstart (war Fu\u00dfball am Sonntag davor?) meine gute Bilanz in Berlin gegen\u00fcber: Immer wenn ich da bin, <a href=\"http:\/\/www.nedsblog.de\/?page_id=1812\" target=\"_blank\">gewinnt der HSV<\/a>. Selbst wenn ich einem anderem Verein im Stadion die Daumen dr\u00fccke, <a href=\"http:\/\/www.nedsblog.de\/?p=2149\" target=\"_blank\">gewinnt dieser<\/a>! Es konnte also nichts schief gehen!<\/p>\n<p>Unsere Jungs legten gut los! In den ersten 22 Minuten hatten wir bereits 3 Torsch\u00fcsse, von Hertha kam nichts. Wir hatten das Spiel im Griff. Und zu unserer Freude (die Torjubel halten warm bei diesem Wetter, man springt und h\u00fcpft noch viel mehr als sonst) blieb das bis zur 60. Minute so.<\/p>\n<p>Wir f\u00fchren zweinull. Ausw\u00e4rts. Aber wir w\u00e4ren nicht der HSV, wenn wir es den Anh\u00e4ngern noch mal schwer machen. Oder um es mit den Worten des HSV zu sagen:<br \/>\n<a href=\"https:\/\/twitter.com\/#!\/HSV\/status\/163295088078897153\" target=\"_blank\"><img loading=\"lazy\" decoding=\"async\" src=\"http:\/\/www.nedsblog.de\/wp-content\/uploads\/SP19_HSV-Tweet-300x137.png\" alt=\"\" title=\"SP19_HSV-Tweet\" width=\"300\" height=\"137\" class=\"alignnone size-medium wp-image-4604\" srcset=\"http:\/\/www.nedsblog.de\/wp-content\/uploads\/SP19_HSV-Tweet-300x137.png 300w, http:\/\/www.nedsblog.de\/wp-content\/uploads\/SP19_HSV-Tweet.png 536w\" sizes=\"auto, (max-width: 300px) 100vw, 300px\" \/><\/a><\/p>\n<p>Ich habe die letzte halbe Stunde gezittert, nicht nur wegen der K\u00e4lte. Das Spiel drehte sich, weil wir den Berliner zu viel Raum gaben, nicht mehr konzentriert spielten und den Ball einfach nicht in den eigenen Reihen. Das mag an dem Alter einiger Spieler liegen (Sala ist grad mal 20 und spielte in seinem zweitem Bundesligaspiel). Da mu\u00df der Trainer was tun. Dringend. <\/p>\n<p>Die Spieler haben das Spiel gegen Dortmund gut verdaut. Es war eine Torzreaktion zu erkennen. Haben die erkannt, da\u00df es nach unten nicht so rosig aus sieht? Ich hoffe es. Nun kommt Bayern. Punkte nehme ich mit, wichtig ist aber in zwei Wochen gegen K\u00f6ln!<\/p>\n<p>Schaut euch mal die Tabelle an. Gegen alle unter uns stehenden Mannschaften spielen wir noch. Hertha hat uns 3 Punkte beschert, machen wir das gegen alle anderen auch so, dann kann uns nach unten nichts mehr passieren. Darauf MUSS unser Fokus nun liegen. Nichts anderes kann unser Ziel sein! Klar, ich nehme Punkte gegen die \u00fcber uns stehenden Mannschaften mit, aber der Blick mu\u00df weiter nach unten gerichtet bleiben!<\/p>\n<p><strong>Tor<\/strong><\/p>\n<p>Nach Wochen des Lobes gibt es heute endlich ein &#8230; Lob ;-) Drobny macht seine Sache gut und ist voll konzentriert auf seinen Job. Etwaige St\u00f6rfeuer von aussen (Adler anyone?) scheinen gut an ihm abzuprallen.<\/p>\n<p><strong>Abwehr<\/strong><\/p>\n<p>Bruma drohte auszufallen, ich h\u00e4tte aber keine Angst gehabt, immerhin wartet Boban auf der Bank. Bis zur 60. den Job richtig gut gemacht, danach lie\u00df jemand wieder die Zwillingsbr\u00fcder unser Abwehr auf dem Platz. Leider die schwache Variante. Oh Mann.<br \/>\nDiekmeier mit zwei Torvorlagen, klasse. Die Defensive machen wir dann mal 90 Minuten dicht, oder?<\/p>\n<p><strong>Mittelfeld<\/strong><\/p>\n<p>Kacar durfte gegen seinen alten Verein nicht ran, die Pause habe ich sehr begr\u00fc\u00dft. Papa war daf\u00fcr auf dem Platz: David Jarolim! Vorne im Mittelfeld wirbelte <a href=\"https:\/\/twitter.com\/#!\/jacoposala\" target=\"_blank\">Jacopo Sala<\/a> und weiterhin Marcell Jansen. Der junge Italiener machte ein tolles Spiel und ist noch so jung. Klasse! Jansen mit einem besserem Spiel, vor allem weil er sich in der Defensive besser anstellte. Er half aus, Aogo r\u00fcckte teilweise noch einen Schritt nach innen und Jansen mimte den Linksverteidiger! Ja. Jansen als LAV! Und das in meinem Verein!<\/p>\n<p><strong>Sturm<\/strong><\/p>\n<p>Paolo und Mladen. Pa\u00dft. Gerade Paolo rieb sich in 21 Zweik\u00e4mpfen auf. Ein wenig Sorgen mache ich mir um die Alternativen. Hoffen wir einfach, da\u00df beide sich nicht verletzen!<\/p>\n<p><strong>Taktik<\/strong><\/p>\n<p>Zur\u00fcck zum 4-2-2-2 tat den Spielern gut. Das kennen sie, hier wissen alle, was sie tun sollen. Das Mittelfeld war bissiger, man versuchte auch ohne Ball eine Anspielstation zu bieten.<br \/>\nAber: Wir sind oft dazu gen\u00f6tigt lange B\u00e4lle nach vorne zu spielen oder chippen den Ball kurz vor unserer Mittellinie in Richtung Spitze. Das kann nicht alles sein. Wie es besser geht zeigen ja unsere Torchancen oder eben auch die Tore. Aber ich bin mir sehr sicher, da\u00df Thorsten Fink daran mit den Spielern arbeiten wird.\n<\/p>\n<p><strong>Einwechslungen<\/strong><\/p>\n<p>Kacer und zweimal Zeit schinden (Boban und Son). Bei der ersten Einwechslung blieb mir der Atem weg. Aber, ich lebe noch.<\/p>\n<p><strong>Spieler des Spiels:<\/strong><\/p>\n<p>Das kann nur einer sein: David Jarolim.<br \/>\nJa schimpft, meckert, motzt, aber meine Wertung bleibt! Jaro schaffte es mit seiner Bissigkeit in der Defensive zu stabilisieren. Aber was viel wichtiger ist: Wenn er bedr\u00e4ngt wurde, fand er immer eine L\u00f6sung. Bezeichnend daf\u00fcr steht eine Szene in der zweiten H\u00e4lfte, als er an der Mittellinie von drei Spielern bedr\u00e4ngt wurde und das einzig richtige machte: Er lie\u00df sich foulen! Ich kenne da Spieler, die den Ball in der Situation verlieren und wir in einen Konter laufen.<br \/>\nIch bin gespannt, was der Trainer nun mit Jaro macht. Ich hoffe er bleibt, er hat in diesem Spiel gezeigt, wie wichtig er ist!<\/p>\n<p><strong>P\u00f6bler des Spiels:<\/strong><\/p>\n<p>Niemand. Also die ersten 60 Minuten. Danach irgendwie alle, weil sie es mir immer wieder so schwer machen!<\/p>\n<h2>Was sagt die Statistik?<\/h2>\n<p><iframe width='482' height='377' frameborder='0' src='https:\/\/docs.google.com\/spreadsheet\/pub?hl=de&#038;hl=de&#038;key=0Av4ETf833YNgdHZ0dUNCb0dkaExTMmlxeXNmdkpLc2c&#038;single=true&#038;gid=21&#038;range=B2%3AT22&#038;output=html'><\/iframe><br \/>\n<small><small>2K\u00e4mpfe gew-Zweik\u00e4mpfe gewonnen; ges-Gesamt; %-Prozent gewonnen (Beim Torwart: Torsch\u00fcsse geh-Torsch\u00fcsse gehalten; ges-gesamt; %-Prozent gehalten), BK-Ballkontakte, TS-Torsch\u00fcsse (Beim Torwart AF-abgefangene Flanken), P\u00e4sse a-P\u00e4sse angekommen; g-gespielt; %-Prozent angekommen, FL-Flanken, TSV-Torschussvorlagen, Tor-Tore, TVO-Torvorlagen, LF-Laufleistung in km, Sp-Sprints >-raus, < -rein, Min-Minuten, OF-Offensivfaktor; Quelle: <a href=\"http:\/\/www.bundesliga.de\">bundesliga.de<\/a> f\u00fcr die Offensiven Daten (TS, TSV, Tor; TVO) und <a href=\"http:\/\/www.sky.de\" target=\"_blank\">sky.de<\/a> f\u00fcr den Rest<\/small><\/small><\/p>\n<h2>Was war sonst noch?<\/h2>\n<p>H96-FCN: Ach Glubb. Das ist ja Hopp oder Top wie bei uns!<br \/>\nVfB-MGL: Mike Hanke vielleicht in der Champions League n\u00e4chste Saison? Wo ist der Fu\u00dfballgott, wenn man ihn mal braucht?<br \/>\nDer Rest wie immer. Bayern gewinnt, Dortmund und Schalke halten Schritt. Die unten klauen sich die Punkte und das teilweise zu unseren Gunsten. Hoffe das bleibt so.<\/p>\n<h2>Leihspielercheck<\/h2>\n<p>Hier ein kurzer Blick auf die verliehenen Spieler. <\/p>\n<p><em><a href=\"http:\/\/www.transfermarkt.de\/de\/maximilian-beister\/leistungsdaten\/spieler_58379.html\" target=\"_blank\">Maxi Beister<\/a> &#8211; Fortuna D\u00fcsseldorf<\/em><br \/>\n<em><a href=\"http:\/\/www.transfermarkt.de\/de\/macauley-chrisantus\/leistungsdaten\/spieler_62552.html\" target=\"_blank\">Macauly Chrisantus<\/a> &#8211; FSV Frankfurt<\/em><br \/>\nEs ist immer noch Winterpause in der zweiten Bundesliga.<\/p>\n<h2>Was macht eigentlich &#8230;?<\/h2>\n<p><em>Frank Rost<\/em> ist im Ruhestand, <em>Collin Benjamin<\/em> in der Pause und <em>Piotr Trochowski<\/em> nicht in der Startelf, wird in der 70. Minute gegen Malaga eingewechselt.<\/p>\n<p>In diesem Sinne: <strong>Nur der HSV!<\/strong><\/p>\n<p style=\"font-size: x-small\">\n","protected":false},"excerpt":{"rendered":"<p>Das Spiel kurz zusammengefa\u00dft Gegner auf Augenh\u00f6he m\u00fcssen wir schlagen. Wie war&#8217;s? Kalt. Die zugige Sch\u00fcssel in Berlin ist im Winter reichlich ungem\u00fctlich. Zum Gl\u00fcck stand dem schlechten Saisonstart (war Fu\u00dfball am Sonntag davor?) meine gute Bilanz in Berlin gegen\u00fcber: Immer wenn ich da bin, gewinnt der HSV. Selbst wenn ich einem anderem Verein im [&hellip;]<\/p>\n","protected":false},"author":2,"featured_media":0,"comment_status":"open","ping_status":"open","sticky":false,"template":"","format":"standard","meta":{"footnotes":""},"categories":[23,4],"tags":[44,642,138,53,639,262],"class_list":["post-4601","post","type-post","status-publish","format-standard","hentry","category-bundesliga","category-hsv","tag-auswarts","tag-bundesliga","tag-david-jarolim","tag-hertha-bsc","tag-hsv","tag-saison-20112012"],"_links":{"self":[{"href":"http:\/\/www.nedsblog.de\/index.php?rest_route=\/wp\/v2\/posts\/4601","targetHints":{"allow":["GET"]}}],"collection":[{"href":"http:\/\/www.nedsblog.de\/index.php?rest_route=\/wp\/v2\/posts"}],"about":[{"href":"http:\/\/www.nedsblog.de\/index.php?rest_route=\/wp\/v2\/types\/post"}],"author":[{"embeddable":true,"href":"http:\/\/www.nedsblog.de\/index.php?rest_route=\/wp\/v2\/users\/2"}],"replies":[{"embeddable":true,"href":"http:\/\/www.nedsblog.de\/index.php?rest_route=%2Fwp%2Fv2%2Fcomments&post=4601"}],"version-history":[{"count":9,"href":"http:\/\/www.nedsblog.de\/index.php?rest_route=\/wp\/v2\/posts\/4601\/revisions"}],"predecessor-version":[{"id":4611,"href":"http:\/\/www.nedsblog.de\/index.php?rest_route=\/wp\/v2\/posts\/4601\/revisions\/4611"}],"wp:attachment":[{"href":"http:\/\/www.nedsblog.de\/index.php?rest_route=%2Fwp%2Fv2%2Fmedia&parent=4601"}],"wp:term":[{"taxonomy":"category","embeddable":true,"href":"http:\/\/www.nedsblog.de\/index.php?rest_route=%2Fwp%2Fv2%2Fcategories&post=4601"},{"taxonomy":"post_tag","embeddable":true,"href":"http:\/\/www.nedsblog.de\/index.php?rest_route=%2Fwp%2Fv2%2Ftags&post=4601"}],"curies":[{"name":"wp","href":"https:\/\/api.w.org\/{rel}","templated":true}]}}