{"id":4613,"date":"2012-02-01T21:50:52","date_gmt":"2012-02-01T20:50:52","guid":{"rendered":"http:\/\/www.nedsblog.de\/?p=4613"},"modified":"2012-02-01T21:55:47","modified_gmt":"2012-02-01T20:55:47","slug":"clash-of-the-schnuckis","status":"publish","type":"post","link":"http:\/\/www.nedsblog.de\/?p=4613","title":{"rendered":"Clash of the Schnuckis"},"content":{"rendered":"<p>Am Samstag ist es soweit: Der Kampf der Giganten, der Showdown im Volkspark. Als Gast, in der Roten Ecke: <a href=\"http:\/\/www.ankegroener.de\/\" target=\"_blank\">Anke Gr\u00f6ner<\/a> f\u00fcr Marios &#8222;Schnucki&#8220; Gomez, als Gastgeber in der blau-wei\u00df-schwarzen Ecke <a href=\"http:\/\/www.pleitegeiger.de\" target=\"_blank\">pleitegeiger<\/a> f\u00fcr Mladen &#8222;das ist mein Mladen!&#8220; Petric.<\/p>\n<p>Es kommt also zum lang erwarteten <strong>Clash of the Schnuckis<\/strong> (danke an pleitegeiger f\u00fcr den Titel!)<\/p>\n<p>Ich war so frei und haben die Beteiligten um ein Antworten auf dr\u00e4ngende Fragen gebeten.<\/p>\n<p><strong>Runde 1: In zwei drei S\u00e4tzen: Warum gerade Mario Gomez \/ Mladen Petric? Was sind die Vorteile?<\/strong><\/p>\n<p><em>Anke Gr\u00f6ner:<\/em> Ich muss gestehen, mein Fantum zu Gomez fing mit Mitleid an. Wer war der Mann, der in der Nationalmannschaft eher vergeigte als traf und \u00fcber den sich mein direktes Umfeld (vulgo: der Kerl) so gerne lustig machte? Nach ein paar Konferenzminuten mit dem VfB Stuttgart auf Premiere hatte ich mein Herz an den h\u00fcbschen jungen Mann verschenkt und verteidigte Schnucki von da an gegen jedes Gel\u00e4stere. Bis heute. Auch wenn ich wahnsinnig dabei werde, dass er in jedem Spiel einen unfassbaren Aussetzer hat, bis er dann meist ein unfassbares Tor macht. Vorteile also: sieht toll aus und schie\u00dft (meistens) Tore. Was will man mehr.<\/p>\n<p><em>Pleitegeiger:<\/em> Dieses Ding zwischen Mladen und mir begann eigentlich damit, da\u00df er im Tausch gegen den bei uns nicht sonderlich erfolgreichen Zidan aus Dortmund kam. Wenig sp\u00e4ter scho\u00df er den HSV an die Tabellenspitze und mir die Freudentr\u00e4nen in die Augen. Ja, liebe M\u00e4nner: <a href=\"http:\/\/www.pleitegeiger.de\/archives\/1924\" target=\"_blank\">Der Weg in mein Herz f\u00fchrt \u00fcber das Tor des Gegners<\/a>!<br \/>\nInzwischen sind es 59 Tore in 123 Spielen &#8211; alleine daf\u00fcr hat er einen Platz in meinem Herzen verdient. Gut, Mutter Natur war jetzt auch nicht gerade fies zu ihm &#8211; und vor allem mag ich seine Stimme mit dem sehr charmanten Akzent. Dennoch, wichtich ist nat\u00fcrlich aufm Platz: Und da hat mein Mladen mir so viele wichtige Tore geschenkt, auch international, da\u00df ich ihn einfach ins Herz schlie\u00dfen mu\u00dfte. Auch, wenn ich das nie wieder mit einem Spieler tun wollte.<\/p>\n<p><strong>Runde 2: Und nun darf jeder von euch was Gutes \u00fcber den anderen Spieler sagen. Es reichen ein zwei Seiten ;-)<\/strong><\/p>\n<p><em>Anke Gr\u00f6ner:<\/em> Ich wohne in Hamburg, und bevor ich mich zum Bayern-Fantum bekannte, guckte ich nat\u00fcrlich brav dem HSV zu. Herr Petric hat durchaus Schnuckipotenzial, aber ich glaube, eine einmalige Daumenlutschgeste beim Torjubel hat das alles versaut. Das geht einfach gar nicht. (Ja, gut, die Torero-Geste ist auch schei\u00dfe, zugegeben.)<\/p>\n<p><em>Pleitegeiger:<\/em> Puh. Das ist vermutlich die schwerste aller Fragen. Ich mochte Gomez nie, ich kann gar nicht genau sagen, warum. In meinem Hinterkopf ist er immer noch der Chancentod, \u00fcber den ich so oft gelacht habe&#8230; Auch, wenn ich wei\u00df, da\u00df dem nat\u00fcrlich nicht so ist.<br \/>\nAber vermutlich ist genau das auch das Gute an Gomez: Den kannste hinstellen, wo Du willst, der trifft immer. Also, fast. <\/p>\n<p><strong>Runde 3: Gibt es Nachteile von Mario Gomez \/ Mladen Petric?<\/strong><\/p>\n<p><em>Anke Gr\u00f6ner:<\/em> Mich nervt, dass ich nicht wei\u00df, wie sich mein Angebeteter schreibt! (Texterinnenprobleme.) Die Wikipedia nennt ihn G\u00f3mez, auf seiner eigenen Homepage hat er keinen Akzent. Macht mich irre<\/p>\n<p><em>Pleitegeiger:<\/em> An mir nagt diese Sache mit der vertagten Vertragsverl\u00e4ngerung&#8230; Andererseits ist er 31, und wenn wir so einen alten Mann behalten wollen, k\u00f6nnen wir ja auch gleich Jarol&#8230; oh, Verzeihung.<\/p>\n<p>Hand aufs Herz: Manchmal w\u00fcnschte ich, er w\u00e4re agiler. Im Sinne von: Wenn der Ball nicht zum Petric kommt, k\u00f6nnte der Petric ja auch mal zum Ball. Sich das Ding \u00f6fter erarbeiten, sich anbieten, vielleicht sogar mal defensiv aushelfen. (Hab ich gerade Petric kritisiert?)<\/p>\n<p><strong>Runde 4: Frisuren: Volles Haupthaar auf der einen, Glatze auf der anderen. Es ist an der Zeit die Haarpracht des anderen unter die Lupe zu nehmen. Lasst alles raus!<\/strong><\/p>\n<p><em>Anke Gr\u00f6ner:<\/em> Petric ist schon schick so, wie er ist. Und Gomez auch. Ich pers\u00f6nlich mag seine derzeitige Haarpracht (bitte schauen Sie sich nie das Wikipedia-Bild zu \u201e<a href=\"http:\/\/de.wikipedia.org\/wiki\/Undercut\" target=\"_blank\">undercut<\/a>\u201c an) sehr gerne und verstehe \u00fcberhaupt nicht, wie man dar\u00fcber l\u00e4stern kann. Das sieht doch zehnmal besser als als die Van-Buyten-Ged\u00e4chtnismatte, die er die Jahre vorher trug. Und \u00fcber seinen C\u00e4sar-Schnitt (der Kaiser, nicht der Hase) zu Stuttgarter Zeiten m\u00f6chte ich auch nichts mehr sagen.<\/p>\n<p><em>Pleitegeiger:<\/em> Auch, wenn&#8217;s albern sein mag: Genau das ist einer der Gr\u00fcnde, weshalb ich Gomez nie ernst nehmen konnte, diese Geschichte mit dem Schn\u00fcrsenkel im Haar&#8230; Schuldigung, aber das fand ich schon immer extrem albern. <\/p>\n<p><strong>Runde 5: Es gibt alte Fotos: Wie gro\u00df ist der Fremdsch\u00e4mfaktor bei diesen Bildern:<\/strong><br \/>\n<strong>Mario Gomez<\/strong><br \/>\n<a href=\"http:\/\/answers.bettor.com\/images\/Articles\/thumbs\/extralarge\/Kenny-Dalglish-makes-Mario-Gomez-enquiry-Chelsea-interested-in-signing-Carlos-Tevez-66672.jpg\" target=\"_blank\">Bild<\/a> <a href=\"http:\/\/img.uefa.com\/imgml\/TP\/players\/1\/2012\/324x324\/62588.jpg\" target=\"_blank\">Bild<\/a> <a href=\"http:\/\/www.mirrorfootball.co.uk\/news\/Chelsea-transfer-news-Blues-failed-in-36-5m-deadline-day-bid-for-Germany-striker-Mario-Gomez-report-article694659.html\" target=\"_blank\">Bild<\/a> <a href=\"http:\/\/shop.sportsworldcards.com\/ekmps\/shops\/sportsworld\/images\/germany-vfb-stuttgart-mario-gomez-224-panini-uefa-euro-2008-sticker-13873-p.jpg\" target=\"_blank\">Bild<\/a><\/p>\n<p><strong>Mladen Petric<\/strong><br \/>\n<a href=\"http:\/\/www.blick.ch\/img\/aktuell\/origs1090872\/2951822566-w980-h552-b2a2a2a\/Panini-Bildli.jpg\" target=\"_blank\">Bild<\/a> <a href=\"http:\/\/www.djcube.ch\/mediac\/450_0\/media\/mladen-petric.jpg\" target=\"_blank\">Bild<\/a> <a href=\"http:\/\/www.fcb.ch\/media\/News\/2005_petric_140x105.jpg\" target=\"_blank\">Bild<\/a> <a href=\"http:\/\/gallery.fcb.ch\/main.php?g2_view=core.DownloadItem&#038;g2_itemId=130093&#038;g2_serialNumber=4\" target=\"_blank\">Bild<\/a><\/p>\n<p><strong><small>Sorry, aber es war viel leichter, von Gomez Fotos zu finden, der Mladen hat leider schon l\u00e4nger eine Glatze. Das soll keine Wertung meinerseits sein. Um den Lesern und vor allem mir es nicht zu schwer zu machen, werde ich hier keine oben ohne Fotos der beiden ver\u00f6ffentlichen! Das kratzt dann zu sehr an meinem Ego ;-)<\/strong><\/small><\/p>\n<p><em>Anke Gr\u00f6ner:<\/em> Wie gesagt: Ich mag den Undercut, daher finde ich die ersten beiden Bilder total hach. Zu den anderen Frisuren habe ich hoffentlich unter 4 alles gesagt. (Haha, Mladens gezupfte Augenbrauen vom Grashoppers-Bild! Wuhaha!)<\/p>\n<p><em>Pleitegeiger:<\/em> Puh. Klar, sch\u00f6n war das alles nicht. Aber mal ehrlich&#8230; Sehen wir auf alten Fotos nicht alle schlimm aus?<\/p>\n<p>Und \u00fcberhaupt. Wer in der Lage ist, als St\u00fcrmer im UEFA-Cup einen Elfmeter zu halten, der kann aufm Kopf aussehen, wie er will.<br \/>\nhttpv:\/\/www.youtube.com\/watch?v=uV8ma-RMbdA<\/p>\n<p><strong>Runde 6: Schnucki \/ Mein Mladen verl\u00e4\u00dft den Verein. Bleibst du trotzdem Fan von ihm? (Vom Verein ja eh, das hat ja nichts mit Spielern zu tun!)<\/strong><\/p>\n<p><em>Anke Gr\u00f6ner:<\/em> Nat\u00fcrlich bleibe ich Fan von ihm. Und da du schon ansprichst, dass der Verein nix mit den Spielern zu tun hat: Nur weil Schnucki mal beim VfB gespielt hat, hat Stuttgart noch ein paar Sympathiepunkte bei mir. Trotz Labbadia, der Pfeife.<\/p>\n<p><em>Pleitegeiger:<\/em> Das kommt ganz drauf an. Die Tore, die Petric f\u00fcr den HSV gemacht hat, die Spiele, die er f\u00fcr uns gewonnen hat, all das bleibt ja. Und wenn er irgendwann nach fairen Verhandlungen den Verein verl\u00e4\u00dft, oder der HSV es einfach versemmelt (Hat hier jemand Olic gesagt?) &#8211; dann kann ich ihm nicht so richtig b\u00f6se sein.<\/p>\n<p>Wenn er sich jetzt allerdings n\u00e4chste Woche mit einem Wer da?-Trikot fotografieren lie\u00dfe, weil der Sch\u00e4ferhund seiner Urgro\u00dfmutter so gerne Bremer fra\u00df, dann kann er noch so oft Pfeile in meine Richtung des Stadions schie\u00dfen, dann w\u00e4r&#8217;s das mit uns.<\/p>\n<p>Allerdings w\u00fcrde ich jetzt nicht pl\u00f6tzlich neuseel\u00e4ndische Kreisliga gucken, nur, weil er da spielt. Wenn er mal durchs Bild liefe, f\u00e4nde ich es sch\u00f6n, der alten Zeiten wegen &#8211; aber ansonsten streift man sich mit dem HSV-Trikot doch schon gro\u00dfe Teile meiner Zuneigung ab.<br \/>\n(Ausnahmen gibt&#8217;s nat\u00fcrlich &#8211; aber ich denke, auch wenn das viele \u00fcberrascht, da\u00df er keine wird.)<\/p>\n<p><strong>Runde 7: Mladen ist verheiratet. Gomez ist vergeben. Was tut ihr um euren Auserw\u00e4hlten f\u00fcr euch zu gewinnen?<\/strong><\/p>\n<p><em>Anke Gr\u00f6ner:<\/em> BIN ICH ZW\u00d6LF? Ich will den Mann gar nicht haben, ich will ihm nur bei der Arbeit zugucken. <\/p>\n<p><em>Pleitegeiger:<\/em> Was hei\u00dft denn hier &#8222;um zu&#8220;&#8230;?<br \/>\n<a href=\"http:\/\/www.pleitegeiger.de\/wp-content\/uploads\/2011\/01\/petrickl.jpg\" target=\"_blank\"><img loading=\"lazy\" decoding=\"async\" alt=\"\" src=\"http:\/\/www.pleitegeiger.de\/wp-content\/uploads\/2011\/01\/petrickl.jpg\" title=\"Frau Petric\" class=\"alignnone\" width=\"257\" height=\"398\" \/><\/a><\/p>\n<p>Nein, im Ernst: Nichts. F\u00fcr ein Leben als Fu\u00dfballerfrau bin ich wohl nicht geschaffen. Man stelle sich das nur vor: Ich mit Gucci-T\u00e4schchen und Chanel-Sonnenbrille auf der Haupttrib\u00fcne. \u00c4hm&#8230; WAS?<br \/>\nMachen wir uns nix vor: Ich geh\u00f6re im Stadion da hin, wo&#8217;s richtig sch\u00f6n laut und manchmal auch etwas assi ist. Als Fu\u00dfballerfrau k\u00f6nnte ich mir das vermutlich abschminken.<\/p>\n<p>Wann immer ich im Stadion bin, werfe ich mein ganzes Herzblut in den Support. Wenn das nicht reicht, um ihn zu gewinnen, hat er mich eh nicht verdient. ;-)<\/p>\n<p><strong>Runde 8: Jetzt mal was mit Fu\u00dfball: Gomez und Petric sind beide daf\u00fcr bekannt, die Defensivarbeit zu vernachl\u00e4ssigen. Ist dein Spieler trotzdem gewappnet f\u00fcr den modernen Fu\u00dfball?<\/strong><\/p>\n<p><em>Anke Gr\u00f6ner:<\/em> Ich w\u00fcrde mir bei Gomez etwas mehr Arbeit nach hinten w\u00fcnschen. Das ist zwar sch\u00f6n, dass er mit den Flanken meist etwas anfangen kann, aber wenn Herr Robben mal wieder keine Lust zur Ballabgabe hat, h\u00e4ngt Schnucki ziemlich in den Seilen. Und bei manchen akrobatischen \u201eBallannahmen\u201c, die dann zum Ballverlust f\u00fchren, w\u00fcnschte ich mir ein bisschen mehr Rib\u00e9ry&#8217;sches Genie im Gomez. (Ich er\u00f6ffne die Kommentare f\u00fcr dusselige Witze: jetzt.)<\/p>\n<p><em>Pleitegeiger:<\/em> So lange Petric Tore schie\u00dft, und das tut er im Schnitt in jedem zweiten Spiel, kann er vermutlich auch mit Strickzeug auf den Platz gehen &#8211; er w\u00fcrde dennoch aufgestellt. Er ist halt immer f\u00fcr ein Tor gut. Danach wird nunmal auch aufgestellt &#8211; nicht nur beim HSV, auch bei anderen Vereinen mit defensiv-faulen St\u00fcrmern.<\/p>\n<p>Wenn wir allerdings mal Petrics Torgefahr ausklammern (Was nat\u00fcrlich Quatsch ist, ich beurteile ja auch nicht Drobnys Torgefahr), ist er wohl sogar einer der schlechteren auf dem Platz. Und damit vermutlich auch keiner f\u00fcr den modernen Fu\u00dfball.<br \/>\nAber so lange unsre jungen Wilden, die den modernen Fu\u00dfball besser verk\u00f6rpern als er, keine konstante Leistung bringen, ist das eh alles kein Thema. Denn Defensivarbeit allein schie\u00dft nunmal auch keine Tore &#8211; und ein guter Fu\u00dfballer isser ja auf jeden Fall. <\/p>\n<p><strong>Runde 9: Wer schie\u00dft am Samstag mehr Tore? Und \u00fcberhaupt, warum gewinnt dein Favorit?<\/strong><\/p>\n<p><em>Anke Gr\u00f6ner:<\/em> Mein Favorit gewinnt, weil er beim FCB spielt, und der gewinnt, weil er der FCB ist. Ich hoffe, ich darf Schnucki f\u00fcr zwei, drei Tore bejubeln. Wenn ich die steifgefrorenen \u00c4rmchen hochkriege.<\/p>\n<p><em>Pleitegeiger:<\/em> Ein genaues Ergebnis tippen kann ich nicht, aus Gr\u00fcnden.<br \/>\nIch sag aber mal so: Petric schie\u00dft selbstverst\u00e4ndlich ein Tor, Guerrero macht zu Hause auch immer eine Bude &#8211; und wir haben noch 9 andere hungrige Jungs aufm Platz. Auf der anderen Seite wird Gomez vermutlich Angst davor haben, da\u00df er sich bei der Eisesk\u00e4lte die Haarspitzen abbricht, wenn er zum Kopfball aufsteigt und es daher lieber sein lassen &#8211; und Drobny macht dann den Rest.<\/p>\n<p>Der HSV ist Samstag wohl mehr so der Au\u00dfenseiter. Das waren wir auch im September 2005&#8230; der Rest ist bekannt.<br \/>\nAu\u00dferdem hat mir der HSV nicht nur Weihnachten (DFB-Pokal-Aus), sondern auch meinen Geburtstag (Dortmund) versaut. Es w\u00e4re, verdammt nochmal, an der Zeit f\u00fcr etwas Wiedergutmachung!<br \/>\nIn diesem Sinne: NUR DER HSV!<\/p>\n<p>Anke, wenn es okay ist, h\u00e4tte ich noch ein zwei pers\u00f6nliche Fragen:<\/p>\n<p><strong>Warum denn Bayern? Der FCB? Vor der Haust\u00fcr ist so ein toller Verein, warum? Der HSV war doch schon mal nah an deinem Herzen, was ist passiert? Du bist noch nicht lange FCB Fan, wie kam es?<\/strong><\/p>\n<p><em>Anke Gr\u00f6ner:<\/em> Als mich der Kerl langsam, aber sicher mit Vereinsfu\u00dfball infiziert hatte und ich brav die Konferenz mitguckte, entschied ich mich rational, den HSV toll zu finden. Ist ja praktisch, so direkt vor der Haust\u00fcr, und wenn ich mal Lust habe, f\u00e4hrt man 20 Minuten und ist im Stadion. <\/p>\n<p>Das Dumme war nur: Je l\u00e4nger ich den Vereinen so zuguckte, desto mehr merkte ich, dass ich den FCB zehnmal lieber sah als alle anderen. Nat\u00fcrlich wollte ich kein Bayernfan sein, das waren ja die B\u00f6sen, die Reichschweine, die die Liga leerkaufen und durch Dusel immer in der letzten Minute noch gewinnen und damals quasi Schalke die Meisterschaft gewaltsam und total unfair entrissen haben und so weiter und so fort. Was nat\u00fcrlich totaler Bl\u00f6dsinn ist. In meinen Augen haben die Jungs einen herrlichen Fu\u00dfball gespielt, und deshalb habe ich irgendwann meine selbstverordnete Sympathie f\u00fcr den HSV \u00fcber Bord geworfen und mich feurigen Herzens zu den Bayern bekannt. Wie sagte schon Nick Hornby in \u201eFever Pitch\u201c: Nicht du suchst dir den Verein aus, der Verein sucht dich aus.<\/p>\n<p>Aber ganz will ich Hamburg ja nicht vernachl\u00e4ssigen: Deswegen trifft man mich ab Mitte Februar wieder auf der Adolf-J\u00e4ger-Kampfbahn bei Altona 93. Ich bin die mit der dicken Bayern-Jacke und dem 93-Schal.<\/p>\n<p><strong>Du bist von null auf 100 (Ausw\u00e4rts fahren, Heimspiele erfliegen), ist das deine Art oder macht dieses Fu\u00dfball einfach so verdammt viel Spa\u00df?<\/strong><\/p>\n<p><em>Anke Gr\u00f6ner:<\/em> Ich muss gestehen, dass mich das selber \u00fcberrascht hat, wieviel Spa\u00df ein Stadionbesuch macht. Ich sitze gerne im Gomez-Trikot auf dem Sofa, aber seit dem ersten Besuch in der Allianz-Arena will ich am liebsten zu jedem Spiel gehen. Es macht deutlich mehr Freude, nicht auf die ollen Close-ups im Fernsehen angewiesen zu sein, sondern das ganze Spielfeld zu sehen.<\/p>\n<p>Das Bl\u00f6de ist nat\u00fcrlich, dass es so gut wie unm\u00f6glich ist, st\u00e4ndig Tickets f\u00fcr den FCB zu kriegen, weil ich leider nicht die einzige bin, die das Stadionerlebnis so mag. Eine Dauerkarte ist illusorisch, mal abgesehen davon, dass ich nicht dauernd nach M\u00fcnchen fliegen kann (oder will). Und weil das nicht geht, schnuppere ich halt bei Altona 93 Stadionluft.<\/p>\n<p>Wie war noch mal die Frage? Ach ja: Ja, das ist meine Art. Wenn mich irgendwas begeistert, dann schmei\u00dfe ich mich da mit Haut und Haaren rein. Kann sein, dass ich in zwei Jahren Fu\u00dfball total doof finde (\u201eAaaaalt!\u201c) und dann in Darts-Hallen rumh\u00e4nge. Glaub ich aber nicht.<\/p>\n<p><strong>Bist du abergl\u00e4ubig? Gibt es Rituale vor dem Spiel?<\/strong><\/p>\n<p><em>Anke Gr\u00f6ner:<\/em> Nein. Aber ich gucke jedes Spiel im Gomez-Trikot, so wie ich die Nationalmannschaftspiele im WM-Trikot von 2006 gucke.<\/p>\n<h2>Kampfende<\/h2>\n<p>Es gab also keinen KO, keinen Niederschlag, es war fairer Wettkampf \u00fcber 9 Runden. <\/p>\n<p>Gewinner nach Punkten ist: eindeutig ich! Ich habe zwei tolle Frauen in meinem Blog zum Thema Fu\u00dfball befragen d\u00fcrfen! Vielen Dank an euch zwei, es hat mir riesig Spa\u00df gemacht!<\/p>\n<p>Am Samstag dann hoffentlich auf ein Bier nach dem Spiel.<\/p>\n<p>Wie immer sind hier vorgestellte Blogs unbedingte Leseempfehlungen!<\/p>\n<p>In diesem Sinne: <strong>Nur der HSV!<\/strong><\/p>\n","protected":false},"excerpt":{"rendered":"<p>Am Samstag ist es soweit: Der Kampf der Giganten, der Showdown im Volkspark. Als Gast, in der Roten Ecke: Anke Gr\u00f6ner f\u00fcr Marios &#8222;Schnucki&#8220; Gomez, als Gastgeber in der blau-wei\u00df-schwarzen Ecke pleitegeiger f\u00fcr Mladen &#8222;das ist mein Mladen!&#8220; Petric. Es kommt also zum lang erwarteten Clash of the Schnuckis (danke an pleitegeiger f\u00fcr den Titel!) [&hellip;]<\/p>\n","protected":false},"author":2,"featured_media":0,"comment_status":"open","ping_status":"open","sticky":false,"template":"","format":"standard","meta":{"footnotes":""},"categories":[3,23,4],"tags":[404,642,45,639,401,402,51,66,262,403],"class_list":["post-4613","post","type-post","status-publish","format-standard","hentry","category-blogs","category-bundesliga","category-hsv","tag-anke-groner","tag-bundesliga","tag-fc-bayern","tag-hsv","tag-mario-gomez","tag-mein-mladen","tag-mladen-petric","tag-pleitegeiger","tag-saison-20112012","tag-schnucki"],"_links":{"self":[{"href":"http:\/\/www.nedsblog.de\/index.php?rest_route=\/wp\/v2\/posts\/4613","targetHints":{"allow":["GET"]}}],"collection":[{"href":"http:\/\/www.nedsblog.de\/index.php?rest_route=\/wp\/v2\/posts"}],"about":[{"href":"http:\/\/www.nedsblog.de\/index.php?rest_route=\/wp\/v2\/types\/post"}],"author":[{"embeddable":true,"href":"http:\/\/www.nedsblog.de\/index.php?rest_route=\/wp\/v2\/users\/2"}],"replies":[{"embeddable":true,"href":"http:\/\/www.nedsblog.de\/index.php?rest_route=%2Fwp%2Fv2%2Fcomments&post=4613"}],"version-history":[{"count":20,"href":"http:\/\/www.nedsblog.de\/index.php?rest_route=\/wp\/v2\/posts\/4613\/revisions"}],"predecessor-version":[{"id":4633,"href":"http:\/\/www.nedsblog.de\/index.php?rest_route=\/wp\/v2\/posts\/4613\/revisions\/4633"}],"wp:attachment":[{"href":"http:\/\/www.nedsblog.de\/index.php?rest_route=%2Fwp%2Fv2%2Fmedia&parent=4613"}],"wp:term":[{"taxonomy":"category","embeddable":true,"href":"http:\/\/www.nedsblog.de\/index.php?rest_route=%2Fwp%2Fv2%2Fcategories&post=4613"},{"taxonomy":"post_tag","embeddable":true,"href":"http:\/\/www.nedsblog.de\/index.php?rest_route=%2Fwp%2Fv2%2Ftags&post=4613"}],"curies":[{"name":"wp","href":"https:\/\/api.w.org\/{rel}","templated":true}]}}