{"id":4857,"date":"2012-05-17T11:00:42","date_gmt":"2012-05-17T10:00:42","guid":{"rendered":"http:\/\/www.nedsblog.de\/?p=4857"},"modified":"2012-05-17T11:00:42","modified_gmt":"2012-05-17T10:00:42","slug":"bundesliga-20112012-die-saison-teil-ii-was-macht-eingentlich","status":"publish","type":"post","link":"http:\/\/www.nedsblog.de\/?p=4857","title":{"rendered":"Bundesliga 2011\/2012, die Saison Teil II, was macht eingentlich&#8230;"},"content":{"rendered":"<p>Die Rubrik hatte ich in meinen Blogeintr\u00e4gen zum Spieltag immer dabei. Gerade die Leihspieler darf man nicht aus den Augen verlieren. Bei einigen (Rost, Trochowski und Collo) hat es mich auch sehr interessiert, was sie im neuen Verein gemacht haben. Der Blick geht aber noch weiter, ich habe auch unsere Spieler f\u00fcr diesen Beitrag angeschaut, die uns letztes Jahr verlassen haben.<\/p>\n<p><strong>Unsere Leihspieler<\/strong><\/p>\n<p><em>Maxi Beister<\/em> Fortuna D\u00fcsseldorf<br \/>\nAls klar war, da\u00df er wieder zu uns zur\u00fcckkommen soll, wurde gleich N\u00e4gel mit K\u00f6pfen gemacht: Sein Vertrag wurde bis 2016 verl\u00e4ngert.<\/p>\n<p>Bei ihm hat sich das Leihgesch\u00e4ft in die zweite Liga ausgezahlt. Er bekam Spielpraxis und entwickelte sich gut weiter.<\/p>\n<p>Hatte zum Ende der Saison einen leichten H\u00e4nger, wie die gesamte Mannschaft der Fortuna.<\/p>\n<p>Ich freue mich auf ihn, als Konkurrenz f\u00fcr T\u00f6re\/Ivo\/Son bringt er Qualit\u00e4t mit, an denen sich die anderen messen m\u00fcssen. Ebenfalls kommt so kein neuer Heilsbringer zu uns, er wird also Zeit bekommen, sich an die Bundesliga zu gew\u00f6hnen.<\/p>\n<p>Das Relegationsspiel gegen die Hertha hat aber gezeigt, wie mutig er sein kann. Was f\u00fcr ein geiles Tor.<\/p>\n<p><em>Macauley Chrisantus<\/em> FSV Frankfurt<br \/>\nDas zweite Jahr in der zweiten Liga beim zweiten Verein. Ich habe ihn zu selten gesehen, um mir ein richtiges Bild von ihm machen zu k\u00f6nnen. Sein Vertrag l\u00e4uft noch bis 2013, ist also einer der Kandidaten, bei denen man entweder verl\u00e4ngern wird oder ihn verkaufen mu\u00df. Eine weitere Leihe ist nur m\u00f6glich, wenn sich kein K\u00e4ufer findet. War nie der Knipser, hat sich weder in Frankfurt noch das Jahr davor in Karlsruhe richtig durchsetzen k\u00f6nnen.<\/p>\n<p><em>Lennard Sowah<\/em> Millwall FC<br \/>\nIm Winter wechselte er zum Millwall FC in die zweite englische Liga. Er hat kein Spiel und war auch, soweit ich es \u00fcberblicken konnte, nicht ein Mal im Kader.<br \/>\nEntsprechende Meinungen habe ich dann auch gefunden:<\/p>\n<blockquote><p>Sowah was no-where to be seen<br \/>\n<small><a href=\"http:\/\/everything-millwall.blogspot.de\/search?q=sowah\" target=\"_blank\">Quelle<\/a><\/small><\/p><\/blockquote>\n<blockquote><p>Finally, Leonard Sowah. A German left-back signed on loan from Hamburg until the end of the season. Now this is a bizarre one. An agency recommended him to the club as they&#8217;d heard we&#8217;d been looking for a new left-back. So we signed him on loan, without anyone at the club even seeing him play. Now he&#8217;s struggling with a back problem. A back problem at 19 years of age? Oh dear. So I can&#8217;t even really judge this one, but maybe Jackett will learn his lesson. He shouldn&#8217;t just go on an agents recommendation without even seeing the boy play. 0 appearances then. Overall rating? 0\/10.<br \/>\n<small><a href=\"http:\/\/liams-lions-outlook.blogspot.de\/search?q=sowah\" target=\"_blank\">Quelle<\/a><\/small><\/p><\/blockquote>\n<p><strong>Unsere Ehemaligen<\/strong><\/p>\n<p><em>Frank Rost<\/em> Fu\u00dfballrenter<br \/>\nErst spielte er bei RedBull NewYork, dann fiel er mir im Doppelpass besonders <a href=\"http:\/\/www.goal.com\/de\/news\/827\/bundesliga\/2012\/04\/15\/3038032\/frank-rost-kritisiert-hsv-f%C3%BChrungsetage\" target=\"_blank\">negativ<\/a> auf. Klar, er war schon immer jemand, der gerne seine Meinung kund tut. Aber jetzt immer noch Beiersdorfer nachweinen ist keine L\u00f6sung! Meiner Meinung nach hat er nur gemosert aber in keinster Weise auf m\u00f6gliche L\u00f6sungen hingewiesen. Die jetzige F\u00fchrung wird ihn wohl nicht so schnell ins Boot holen. Immer nur meckern und nichts kontruktives beitragen kann ich auch! Daf\u00fcr brauche ich F\u00e4ustel nicht.<\/p>\n<p><em>Collin Benjamin<\/em> 1860 M\u00fcnchen<br \/>\nDer Collo. Die ersten 9 Spiele startete er und spielte davon auch 7 Spiele die vollen 90 Minuten. Aber das Problem eins vielseitig einsetzbaren Spielers: Alles kann er, aber nichts richtig gut. Er spielte mal im defensivem Mittelfeld, Inneverteidigung, Aussenverteidigung. Vielleicht ging es danach mit seinen Spielzeiten runter. Er kam in seinen letzten Spielen nur noch zu Kurzeins\u00e4tzen. Sein Vertrag l\u00e4uft bei den L\u00f6wen aus, ich hoffe er kommt zu uns zur\u00fcck. Nicht als Spieler aber in anderer Position. Seine Loylit\u00e4t kann nur ein Vorbild f\u00fcr die Jugend sein.<\/p>\n<p><em>Piotr Trochowski<\/em> FC Sevilla<br \/>\nDie Saison in Spanien ist noch nicht zu Ende, aber ich wage es trotzdem seine Leistung jetzt schon aufzuz\u00e4hlen. In 35 Spielen stand er im Schnitt 63 Minuten auf dem Platz, scho\u00df 1 Tor und gab 2 Torvorlagen. Das mag daran liegen, da\u00df er oft in der Rolle des defensiven Mittelfeldspielers auf dem Platz stand. Das finde ich dann sehr bemerkenswert, hatten wir das bei uns nicht auch mal ausprobiert?<br \/>\nEine tats\u00e4chliche Bewertung f\u00e4llt mir schwer, die Zahlen lesen sich nicht so gut, obwohl er in den letzten 4 Spielen immer 90 Minuten auf dem Platz stand.<\/p>\n<p><strong>Und da waren noch&#8230;<\/strong><br \/>\nAufgrund des Umbruchs haben uns viele Spieler zu Saisonbeginn verlassen. <\/p>\n<p><em>Joris Mathijsen<\/em> FC Malaga<br \/>\n28 Spiele, bis auf ein Spiel immer durchgespielt. Mit Malaga auf Platz 4 der spanischen Liga gelandet. Wer seine Statistiken lesen m\u00f6chte, schaue bitte <a href=\"http:\/\/www.ligabbva.com\/ficha\/133\/15496\" target=\"_blank\">hier<\/a>.<br \/>\nIch glaube er hat zur guten Saison von Malaga viel beigetragen. <\/p>\n<p><em>Guy Demel<\/em> West Ham United<br \/>\nVerletzte sich zu Saisonbeginn sehr schwer und verpasste quasi die gesamte Hinrunde.<br \/>\nSo ging es weiter: <\/p>\n<blockquote><p>Appeared in the development squad&#8217;s 2-2 draw at Tottenham Hotspur on 12 September 2011, only to suffer a hamstring injury&#8230;Made his first-team debut for West Ham United in a 2-0 npower Championship victory at Middlesbrough on 29 November 2011&#8230;Suffered a thigh injury in the 3-0 npower Championship defeat at Reading on 10 December 2011&#8230;Returned to first-team duty in the 4-0 npower Championship victory at Barnsley on 6 April 2012&#8230;Started five of West Ham United&#8217;s closing six npower Championship fixtures&#8230;Completed his first 90 minutes in a West Ham United shirt in the 2-1 final-day victory over Hull City at the Boleyn Ground on 28 April 2012&#8230;Started both legs of the npower Championship Play-Off semi-final victory over Cardiff City, assisting Ricardo Vaz Te&#8217;s goal in the second leg at the Boleyn Ground.<br \/>\n<a href=\"http:\/\/www.whufc.com\/articles\/guy-demel-west-ham_2228487_5486\" target=\"_blank\">Quelle<\/a>.<\/p><\/blockquote>\n<p>Ich bin gespannt, wie die n\u00e4chste Saison weiter geht bei ihm und werde auf einen meiner Lieblingsspieler weiter ein Auge haben.<\/p>\n<p><em>Z\u00e9 Roberto<\/em> Al-Gharafa Sports Club<br \/>\nSein Urlaub in den Emiraten hat er gemacht, nun geht es nach Brasilien zur\u00fcck. Ist wohl aber nur eine Zwischenstation, er will ja in die Bundesliga zur\u00fcck.<br \/>\nWenn einer Statistiken zu seiner Zeit bei Al-Gharafa findet, gerne her damit, ich habe auf die Schnelle nichts gefunden.<\/p>\n<p><em>\u00c4nis Ben-Hatira<\/em> Hertha BSC<br \/>\nDer Berliner Jung. Seine Geschichte faszinierte mich in der letzten Saison: War schon abgeschrieben und k\u00e4mpfte sich durch gute Trainingsleistung zur\u00fcck in die erste Mannschaft.<br \/>\nBei der Hertha sollte es nun besser f\u00fcr ihn werden. Es wurden 21 Spiele, mit im Schnitt 55 Minuten Spielzeit. 3 Tore und 4 Vorlagen waren seine Ausbeute.<br \/>\nEr fiel negativ auf, weil er im Training Lell an die W\u00e4sche ging.<br \/>\nSchade, ich dachte er schafft es in Berlin. Bin gespannt, wie er sich in der zeiten Liga machen wird, er kennt das ja eigentlich. Und ihm sollte nun klar sein, da\u00df er kein Spieler f\u00fcr die 1. Bundesliga ist. Oder kauft ihn ein Aufsteiger?<\/p>\n<p><em>Eric Maxim Choupo-Moting<\/em> Mainz 05<br \/>\n<a href=\"http:\/\/twitter.com\/05erfan\" target=\"_blank\">Jens<\/a> vom <a href=\"http:\/\/www05erfan.info\/blog\/\" target=\"_blank\">05er Fanblog<\/a> war so nett mir ein paar Zeilen \u00fcber Choupo zukommen zu lassen. <\/p>\n<blockquote><p>Als Mainz05 die Verpflichtung von &#8222;Choupo&#8220; vermeldete wusste ich erstmal nichts damit anzufangen. Gross aufgefallen war mir der Spieler bisher nicht &#8211; ausser das sein Name aussergew\u00f6hnlich klingt. In der ersten H\u00e4lfte hatte ich auch keine sonderlich hohe Meinung da Eric nicht unbedingt durch aussergew\u00f6hnliche Leistungen zu \u00fcberzeugen wusste. Das hat sich in der R\u00fcckrunde stark ver\u00e4ndert. Sein Selbstvertrauen war gewachsen und er traute sich auch endlich mal den einen oder anderen Torabschluss zu &#8211; und erzielte damit wichtige Tore im Abstiegskampf. Mittlerweile ist er ein fester Bestandteil des Stamm-Kaders und hat sich in die Herzen der 05-Fans gespielt. Im Gegensatz zu anderen Verpflichtungen von Mainz05 hat er seinen Wert eindeutig demonstriert. Wenn er diese Leistung auf mindestens diesem Niveau halten kann werden die Rheinhessen noch sehr viel Spa\u00df an ihm haben.<\/p><\/blockquote>\n<p>Es riecht f\u00fcr mich nach ankommen. Freut mich f\u00fcr ihn, vielleicht etabliert er sich in der Bundesliga und ich kann ihm applaudieren, wenn er zu Besuch ist.<\/p>\n<p><em>Jonathan Pitroipa<\/em> Stades Rennes<br \/>\n48 Spiele, 10 Tore, 11 Torvorlagen. Bei uns w\u00e4re er damit Topscorer! Stand im Schnitt 78 Minuten auf dem Platz. Alle 2,3 Spiele gab es einen Scorerpunkt f\u00fcr ihn. Bei uns war der Wert 2,8. Er scheint angekommen in Rennes und ein wesentlicher Bestandteil der Mannschaft zu sein. Der Wechsel hat sich definitiv f\u00fcr ihn gelohnt.<\/p>\n<p><em>Ruud van Nistelrooy<\/em> FC Malaga<br \/>\n4 Tore in 28 Spielen. Seine Zeit ist wohl dann tats\u00e4chlich vorbei. Er ist auch zur\u00fcck getreten. Statistiken <a href=\"http:\/\/www.ligabbva.com\/ficha\/133\/5349\" target=\"_blank\">hier<\/a>. Ich bin immer noch baff, da\u00df er mal im Rautentrikot aufgelaufen ist. Ein Gro\u00dfer verl\u00e4\u00dft die B\u00fchne! Mach es gut Ruud!<\/p>\n<p><em>Tunay Torun<\/em> Hertha BSC<br \/>\nHamburger Jung. Bei uns wollte er einen Vertrag mit 1,3 Mio. Euro Jahresgehalt. Da er bei uns nur Erg\u00e4nzungsspieler war, lie\u00df man ihn ziehen. Bei der Hertha kam er auf 23 Spiele, im Schnitt stand er gerade mal eine Halbzeit auf dem Platz. Dabei schaffte er 4 Tore (ein Tor scho\u00df er noch in der Regionalliga, weil er zwischenzeitlich von Otto Rehhagel dorthin verbannt wurde).<br \/>\nHamburger Jung, aber ich bin nicht traurig, da\u00df er nicht mehr bei uns spielt. Wenn ich vergleiche, da\u00df wir auf seiner Position Sala, T\u00f6re, Ilicevic und auch Son haben, dann vermisse ich ihn sogar noch weniger.<br \/>\nBin gespannt, ob er nach dem Abstieg bei der Hertha bleibt. Die 2. Liga k\u00f6nnte ihm besser liegen.<\/p>\n<p><em>Wolfgang Hesl<\/em> Dynamo Dresden<br \/>\n14 Spiele f\u00fcr Dynamo Dresden in der zweiten Liga. Vom 10 &#8211; 22 Spieltag stand er im Tor, dazu noch in der zweiten Runde des DFB Pokals gegen den BVB. Gegen Paderborn brach er sich den Finger und spielte seit dem nicht mehr. Wurde von Kirsten (nicht Ulf, Benjamin) verdr\u00e4ngt. Der Vertrag l\u00e4uft 2012 aus, bin gespannt wo er landen wird.<\/p>\n<p><em>Kai-Fabian Schulz<\/em> Carl-Zeiss Jena<br \/>\nSpielte eine Klasse h\u00f6her als mit dem HSV II. In der 3. Liga war er Stammspieler, 31 Spiele bei denen er nur einmal ein- und zwei mal ausgewechselt worden ist. Sein Vertrag l\u00e4uft 2012 aus, bin gespannt ob er sich verbessern (2. Liga) kann.<\/p>\n<p><em>Eljero Elia<\/em> Juventus Turin<br \/>\nHat sich so richtig <a href=\"http:\/\/www.mopo.de\/hsv\/ex-hsver-sagt-tschues-elia-verlaesst-juventus-turin,5067038,15206896.html\" target=\"_blank\">durchgesetzt<\/a>&#8230;<br \/>\nWurde zwar Meister mit Juve, spielte aber keine Rolle im Team. 5 Spiele, im Schnitt 25,5 Minuten. Wahrscheinlich lag es am fehlenden Respekt des Trainers. Wie immer liegt die Schuld nicht bei ihm. Er wurde nicht in die Elftal f\u00fcr die EM berufen. Auch bestimmt nicht seine Schuld.<br \/>\nIrgendwie bin ich froh, da\u00df er nicht mehr bei uns ist&#8230;<\/p>\n<p><em>David Rozehnal<\/em> OSC Lille<br \/>\nWechselte zum amtierenden Meister und Pokalsieger aus Frankreich. Landete auf Platz 3, was die CL Qualifikation bedeutet. Lille hat bis zum vorletzten Spielt die drittwenigsten Gegentore in der Liga gefangen. Sein Beitrag dazu: 15 Spiele und 18 Gegentore (knapp weniger als die H\u00e4lfte). So richtig nach Stammspieler sieht es bei ihm nicht aus, er schaffte 2 mal 4 Spiele am St\u00fcck. Im EM Kader steht er nicht.<\/p>\n<p>Das war es mit den Leihspielern und Ehemaligen. Weitere Teile folgen, unsere Spieler und auch die Gremien werden noch verbloggt.<\/p>\n<p>In diesem Sinne: <strong>Nur der HSV!<\/strong><\/p>\n","protected":false},"excerpt":{"rendered":"<p>Die Rubrik hatte ich in meinen Blogeintr\u00e4gen zum Spieltag immer dabei. Gerade die Leihspieler darf man nicht aus den Augen verlieren. Bei einigen (Rost, Trochowski und Collo) hat es mich auch sehr interessiert, was sie im neuen Verein gemacht haben. Der Blick geht aber noch weiter, ich habe auch unsere Spieler f\u00fcr diesen Beitrag angeschaut, [&hellip;]<\/p>\n","protected":false},"author":2,"featured_media":0,"comment_status":"open","ping_status":"open","sticky":false,"template":"","format":"standard","meta":{"footnotes":""},"categories":[4,165],"tags":[57,236,642,131,125,85,56,122,130,639,141,127,134,169,150,164,139,275,86,262,148,413,123,136],"class_list":["post-4857","post","type-post","status-publish","format-standard","hentry","category-hsv","category-kader-hsv","tag-anis-ben-hatira","tag-bilanz","tag-bundesliga","tag-collin-benjamin","tag-david-rozehnal","tag-eljero-elia","tag-eric-maxim-choupo-moting","tag-frank-rost","tag-guy-demel","tag-hsv","tag-jonathan-pitroipa","tag-joris-mathijsen","tag-kai-fabian-schulz","tag-lennard-sowah","tag-macauly-chrisantus","tag-maxi-beister","tag-piotr-trochowski","tag-ruckschau","tag-ruud-van-nistelrooy","tag-saison-20112012","tag-tunay-torun","tag-was-macht-eigentlich","tag-wolfgang-hesl","tag-ze-roberto"],"_links":{"self":[{"href":"http:\/\/www.nedsblog.de\/index.php?rest_route=\/wp\/v2\/posts\/4857","targetHints":{"allow":["GET"]}}],"collection":[{"href":"http:\/\/www.nedsblog.de\/index.php?rest_route=\/wp\/v2\/posts"}],"about":[{"href":"http:\/\/www.nedsblog.de\/index.php?rest_route=\/wp\/v2\/types\/post"}],"author":[{"embeddable":true,"href":"http:\/\/www.nedsblog.de\/index.php?rest_route=\/wp\/v2\/users\/2"}],"replies":[{"embeddable":true,"href":"http:\/\/www.nedsblog.de\/index.php?rest_route=%2Fwp%2Fv2%2Fcomments&post=4857"}],"version-history":[{"count":27,"href":"http:\/\/www.nedsblog.de\/index.php?rest_route=\/wp\/v2\/posts\/4857\/revisions"}],"predecessor-version":[{"id":4983,"href":"http:\/\/www.nedsblog.de\/index.php?rest_route=\/wp\/v2\/posts\/4857\/revisions\/4983"}],"wp:attachment":[{"href":"http:\/\/www.nedsblog.de\/index.php?rest_route=%2Fwp%2Fv2%2Fmedia&parent=4857"}],"wp:term":[{"taxonomy":"category","embeddable":true,"href":"http:\/\/www.nedsblog.de\/index.php?rest_route=%2Fwp%2Fv2%2Fcategories&post=4857"},{"taxonomy":"post_tag","embeddable":true,"href":"http:\/\/www.nedsblog.de\/index.php?rest_route=%2Fwp%2Fv2%2Ftags&post=4857"}],"curies":[{"name":"wp","href":"https:\/\/api.w.org\/{rel}","templated":true}]}}