{"id":5030,"date":"2012-07-11T19:41:12","date_gmt":"2012-07-11T18:41:12","guid":{"rendered":"http:\/\/www.nedsblog.de\/?p=5030"},"modified":"2012-07-11T20:33:04","modified_gmt":"2012-07-11T19:33:04","slug":"todo-lo-mejor-paolo","status":"publish","type":"post","link":"http:\/\/www.nedsblog.de\/?p=5030","title":{"rendered":"Todo lo mejor Paolo!"},"content":{"rendered":"<p>Die heutige Nachricht des <a href=\"http:\/\/www.hsv.de\/teams\/meldungen\/bundesliga\/2012\/juli\/guerrero-auf-dem-weg-nach-sao-paolo\/\" target=\"_blank\">HSV<\/a> beinhaltete den ersten Verkauf eines Spielers in dieser Saison.<\/p>\n<p>Paolo Guerrero verl\u00e4\u00dft uns, ihn zieht es nach <a href=\"http:\/\/www.corinthians.com.br\/portal\/noticias\/2012\/07\/09\/11h52-id15628-corinthians+x+botafogo+ingressos+a+venda+nas+bilheterias.shtml#.T_3CTpFIW95\" target=\"_blank\">Brasilien<\/a>.<\/p>\n<p>Nach 183 Spielen, 51 Toren, 29 Torvorlagen, 29 Gelben und einer (!) Roten Karte verl\u00e4\u00dft er uns. Sein Vertrag lief noch bis 2014. Als damals Armin Veh als Trainer und Bastian Reinhardt als Sportchef vorgestellt wurde, war ihre erste Aktion die Verl\u00e4ngerung des Vertrags von Paolo. Das waren noch Zeiten: Wir hatten noch Geld &#8211; jedenfalls erz\u00e4hlte man uns das &#8211; und den internationalen Wettbewerb. Entsprechend gro\u00dfz\u00fcgig fiel die Vertragsverl\u00e4ngerung aus: Paolo wurde ein, wenn nicht der, Topverdiener im Verein. In der Presse geisterten Betr\u00e4ge von 3,5 &#8211; 4 Mio. Euro Jahresgehalt herum.<\/p>\n<p>Warum ich das so ausf\u00fchre? Weil ich den Verkauf aus genau diesem Grund bef\u00fcrworte. Er schafft uns durch seine Abl\u00f6se nicht nur Luft f\u00fcr den Kauf weiterer Spieler sondern entlastet das Gehaltsbudget erheblich. Wir haben kein Geld mehr, die letzten 2 Gesch\u00e4ftsjahre haben wir eine rote Zahl &#8222;erwirtschaftet&#8220;. Das lag auch an den hohen Geh\u00e4ltern der Spieler. <\/p>\n<p>Ansonsten glaube ich, da\u00df uns Paolo sportlich fehlen wird. Er hat es zwar nie \u00fcber 10 Tore in einer Saison geschafft, aber sein Einsatz und seine Erfahrung wird dem Team fehlen. Seine Nachfolger (Berg, Son, Rudnevs) sind allesamt noch nicht so weit wie er es war. Seinen Aussetzer gegen den VfB werde ich nicht vermissen, dennoch wird er mir fehlen. Seit 2006 war er bei uns, damit ist wieder ein Profi gegangen, der lange bei uns war.<\/p>\n<p>Ich w\u00fcnsche ihm alles Gute und werde versuchen seine Leistungen in Brasilien ein wenig zu verfolgen.<\/p>\n<p>In diesem Sinne: <strong>Nur der HSV!<\/strong><\/p>\n","protected":false},"excerpt":{"rendered":"<p>Die heutige Nachricht des HSV beinhaltete den ersten Verkauf eines Spielers in dieser Saison. Paolo Guerrero verl\u00e4\u00dft uns, ihn zieht es nach Brasilien. Nach 183 Spielen, 51 Toren, 29 Torvorlagen, 29 Gelben und einer (!) Roten Karte verl\u00e4\u00dft er uns. Sein Vertrag lief noch bis 2014. Als damals Armin Veh als Trainer und Bastian Reinhardt [&hellip;]<\/p>\n","protected":false},"author":2,"featured_media":0,"comment_status":"open","ping_status":"open","sticky":false,"template":"","format":"standard","meta":{"footnotes":""},"categories":[4,165],"tags":[422,639,10,145,415,274],"class_list":["post-5030","post","type-post","status-publish","format-standard","hentry","category-hsv","category-kader-hsv","tag-corinthians-sao-paulo","tag-hsv","tag-kader","tag-paolo-guerrero","tag-saison-20122013","tag-transfer"],"_links":{"self":[{"href":"http:\/\/www.nedsblog.de\/index.php?rest_route=\/wp\/v2\/posts\/5030","targetHints":{"allow":["GET"]}}],"collection":[{"href":"http:\/\/www.nedsblog.de\/index.php?rest_route=\/wp\/v2\/posts"}],"about":[{"href":"http:\/\/www.nedsblog.de\/index.php?rest_route=\/wp\/v2\/types\/post"}],"author":[{"embeddable":true,"href":"http:\/\/www.nedsblog.de\/index.php?rest_route=\/wp\/v2\/users\/2"}],"replies":[{"embeddable":true,"href":"http:\/\/www.nedsblog.de\/index.php?rest_route=%2Fwp%2Fv2%2Fcomments&post=5030"}],"version-history":[{"count":5,"href":"http:\/\/www.nedsblog.de\/index.php?rest_route=\/wp\/v2\/posts\/5030\/revisions"}],"predecessor-version":[{"id":5035,"href":"http:\/\/www.nedsblog.de\/index.php?rest_route=\/wp\/v2\/posts\/5030\/revisions\/5035"}],"wp:attachment":[{"href":"http:\/\/www.nedsblog.de\/index.php?rest_route=%2Fwp%2Fv2%2Fmedia&parent=5030"}],"wp:term":[{"taxonomy":"category","embeddable":true,"href":"http:\/\/www.nedsblog.de\/index.php?rest_route=%2Fwp%2Fv2%2Fcategories&post=5030"},{"taxonomy":"post_tag","embeddable":true,"href":"http:\/\/www.nedsblog.de\/index.php?rest_route=%2Fwp%2Fv2%2Ftags&post=5030"}],"curies":[{"name":"wp","href":"https:\/\/api.w.org\/{rel}","templated":true}]}}