{"id":5060,"date":"2012-08-10T21:15:00","date_gmt":"2012-08-10T20:15:00","guid":{"rendered":"http:\/\/www.nedsblog.de\/?p=5060"},"modified":"2012-08-10T21:15:00","modified_gmt":"2012-08-10T20:15:00","slug":"aus-den-alpen-uber-die-insel-zu-uns","status":"publish","type":"post","link":"http:\/\/www.nedsblog.de\/?p=5060","title":{"rendered":"Aus den Alpen \u00fcber die Insel zu uns."},"content":{"rendered":"<p>Ich bin einfach gestrickt. W\u00e4re sonst ja auch kein HSV Fan ;-)<\/p>\n<p>Wenn jemand sowas sagt:<\/p>\n<blockquote><p>Ganz ehrlich? Wie ich die drei Buchstaben gelesen habe, da braucht man sich nicht gro\u00df informieren.<\/p><\/blockquote>\n<p>Da braucht es bei mir einfach nicht viel.<\/p>\n<p>Das Interview auf hsv.tv kann ich nicht verlinken, aber er kam super sympathisch r\u00fcber und aus dem was er sagt, kann ich erkennen, da\u00df er genau wei\u00df, worauf er sich einl\u00e4\u00dft. <\/p>\n<p>Zur\u00fcck zum Gesch\u00e4ft, Paul Scharner <a href=\"http:\/\/www.hsv.de\/saison\/meldungen-saison\/bundesliga\/2012\/august\/paul-scharner-der-ganz-normale-wahnsinn\/\" target=\"_blank\">unterschreibt f\u00fcr 2 Jahre<\/a> beim HSV.<\/p>\n<p>Es kommt ein erfahrener Profi um unsere Abwehr zu stabilisieren. Er bringt 207 Spiele aus der Premier League mit zu uns. Und das nicht bei Vereinen, die oben mit gespielt haben, sondern bei West Bromwich Albion und Wigan Athletic. F\u00fcr mich hei\u00dft das, er wei\u00df was es bedeutet um den Verbleib in der Liga zu k\u00e4mpfen. Mit 32 Jahren ist er nicht mehr der J\u00fcngste, aber wir haben letztes Jahr gesehen, wie wichtig Erfahrung ist um schwierige Situationen zu meistern.<\/p>\n<p>Neben der Erfahrung kommt aber auch ein Typ Spieler, den wir brauchen. Man wird nicht umsonst ein Liebling der Fans, das schafft man nur durch gute Leistungen und 100%igem Einsatz. So was wird honoriert, nicht dummschw\u00e4tzen vor der Kamera.<\/p>\n<p>Ein wenig Sorgen machen ich mir um Mancienne, weil ich denke, da\u00df Fink wenn Scharner und Bruma spielen lassen wird. Aber Michael als Backup lassen mich ruhiger schlafen.<\/p>\n<p>Eine tolle Verpflichtung! Warum ich das glaube? Nunja, in meinem Kopf ist mein Eintrag zur Saisonvorschau fast fertig. Darin werde ich beschreiben, was mir in der Mannschaft fehlt. Paul Scharner kann diese L\u00fccke meiner Meinung nach f\u00fcllen.<\/p>\n<p>Jetzt noch ein defensiver Mittelfeldspieler (ich blogge erst \u00fcber neue Spieler, wenn ich es mit hsv.de verlinken kann!), ein St\u00fcrmer und jemand f\u00fcr das offensive Mittelfeld.<\/p>\n<p>Das wird. Gut gemacht Frank Arnesen!<\/p>\n<p>In diesem Sinnen: <strong>Nur der HSV!<\/strong><\/p>\n","protected":false},"excerpt":{"rendered":"<p>Ich bin einfach gestrickt. W\u00e4re sonst ja auch kein HSV Fan ;-) Wenn jemand sowas sagt: Ganz ehrlich? Wie ich die drei Buchstaben gelesen habe, da braucht man sich nicht gro\u00df informieren. Da braucht es bei mir einfach nicht viel. Das Interview auf hsv.tv kann ich nicht verlinken, aber er kam super sympathisch r\u00fcber und [&hellip;]<\/p>\n","protected":false},"author":2,"featured_media":0,"comment_status":"open","ping_status":"open","sticky":false,"template":"","format":"standard","meta":{"footnotes":""},"categories":[4,165],"tags":[266,639,10,426,415],"class_list":["post-5060","post","type-post","status-publish","format-standard","hentry","category-hsv","category-kader-hsv","tag-frank-arnesen","tag-hsv","tag-kader","tag-paul-scharner","tag-saison-20122013"],"_links":{"self":[{"href":"http:\/\/www.nedsblog.de\/index.php?rest_route=\/wp\/v2\/posts\/5060","targetHints":{"allow":["GET"]}}],"collection":[{"href":"http:\/\/www.nedsblog.de\/index.php?rest_route=\/wp\/v2\/posts"}],"about":[{"href":"http:\/\/www.nedsblog.de\/index.php?rest_route=\/wp\/v2\/types\/post"}],"author":[{"embeddable":true,"href":"http:\/\/www.nedsblog.de\/index.php?rest_route=\/wp\/v2\/users\/2"}],"replies":[{"embeddable":true,"href":"http:\/\/www.nedsblog.de\/index.php?rest_route=%2Fwp%2Fv2%2Fcomments&post=5060"}],"version-history":[{"count":4,"href":"http:\/\/www.nedsblog.de\/index.php?rest_route=\/wp\/v2\/posts\/5060\/revisions"}],"predecessor-version":[{"id":5064,"href":"http:\/\/www.nedsblog.de\/index.php?rest_route=\/wp\/v2\/posts\/5060\/revisions\/5064"}],"wp:attachment":[{"href":"http:\/\/www.nedsblog.de\/index.php?rest_route=%2Fwp%2Fv2%2Fmedia&parent=5060"}],"wp:term":[{"taxonomy":"category","embeddable":true,"href":"http:\/\/www.nedsblog.de\/index.php?rest_route=%2Fwp%2Fv2%2Fcategories&post=5060"},{"taxonomy":"post_tag","embeddable":true,"href":"http:\/\/www.nedsblog.de\/index.php?rest_route=%2Fwp%2Fv2%2Ftags&post=5060"}],"curies":[{"name":"wp","href":"https:\/\/api.w.org\/{rel}","templated":true}]}}