{"id":5067,"date":"2012-08-13T21:48:05","date_gmt":"2012-08-13T20:48:05","guid":{"rendered":"http:\/\/www.nedsblog.de\/?p=5067"},"modified":"2012-08-14T10:41:49","modified_gmt":"2012-08-14T09:41:49","slug":"dobrodosli-u-hamburgu-milan-badelj","status":"publish","type":"post","link":"http:\/\/www.nedsblog.de\/?p=5067","title":{"rendered":"<strike>dobrodo\u0161li<\/strike> dobrodo\u0161ao u Hamburgu, Milan Badelj"},"content":{"rendered":"<p>Eben noch geweigert dr\u00fcber zu schreiben (insider, meine Vorschau beinhaltete einen entsprechenden Zusatz zum Spieler, weil ja noch nichts auf hsv.de stand) schon macht es der HSV <a href=\"http:\/\/www.hsv.de\/teams\/meldungen\/bundesliga\/2012\/august\/milan-badelj-mit-cl-rueckenwind-zum-hsv\/\" target=\"_blank\">perfekt<\/a>. Milan Badelj spielt ab dem 01.09.2012 bei uns. Er wird die Qualifikationsrunde f\u00fcr seinen alten\/derzeitigen Club Dinamo Zagreb noch hoffentlich erfolgreich zu Ende bringen und dann zu uns nach Hamburg sto\u00dfen.<\/p>\n<p>Milan Badelj ist ein offensiver (aber nicht DER) Mittelfeldspieler, der aber auch als zweiter Sechser spielen kann. Im Spielbericht zum letzten Ligaspiel gegen Hajduk Split spielte er im 4-2-3-1 als Mittelfeldspieler hinter der einzigen Spitze. Seine Leistungsdaten in der bisherigen Saison lesen sich au\u00dferordentlich gut (6 Spiele in Liga und CL Quali, 1 Tor und 4 Torvorlagen).<br \/>\nAuch die Jahre vorher sind vielversprechend: 175 Spiele (78 Min. im Schnitt), 30 Tore, 25 Vorlagen. Und das alles nicht nur in der kroatischen Liga sondern auch in CL (Quali und Gruppenphase) sowie in der Europa League. Mit 23 Jahren schon reichlich viel Erfahrung. <\/p>\n<p>Bisher habe ich lediglich ein Spiel von ihm live und ganz gegen Ludogorets Razgrad in der CL Qualifikation gesehen. Er gefiel mir da sehr gut, war immer anspielbar, hatte sehr gute Ideen nach vorne. Allerdings mu\u00df man auch sagen, da\u00df diese Ideen von den Mitspielern angenommen und umgesetzt worden sind. Da mu\u00df ich auf die Spielintelligenz von Jansen\/Ilicevic\/Son\/Beister und den St\u00fcrmern Berg\/Rudnevs hoffen. <\/p>\n<p>F\u00fcr mich sieht es so aus: Sollte noch ein zentraler offensiver Mittelfeldspieler kommen, sehen wir Milan eher auf der 6 als Partner neben dem Kapit\u00e4n. Kommt keiner mehr, so werden wir ihn wohl bald auf der 10 sehen, allerdings wird er wohl eher zur\u00fcckfallen als vorne auf B\u00e4lle zu warten.<\/p>\n<p>Die Erwartungshaltung d\u00fcrfen wir auch bei ihm nicht zu hoch schrauben, auch er wird sich erst an die Geschwindigkeit und die Intensit\u00e4t der Bundesliga gew\u00f6hnen m\u00fcssen. Ein Nachteil ist es nat\u00fcrlich, da\u00df er erst Ende August am Training teilnehmen kann. Er ist dann fit, mu\u00df aber noch die Mannschaft und das System des Trainers kennen lernen.<\/p>\n<p>Ich freue mich auf ihn und hoffe er w\u00e4hlt seine R\u00fcckennummer weise. <\/p>\n<p>In diesem Sinne: <strong>Nur der HSV!<\/strong><\/p>\n<p><small>Und wie immer gilt: Wenn die \u00dcberschrift nicht richtig ist, korrigiert mich gerne.<\/small><\/p>\n","protected":false},"excerpt":{"rendered":"<p>Eben noch geweigert dr\u00fcber zu schreiben (insider, meine Vorschau beinhaltete einen entsprechenden Zusatz zum Spieler, weil ja noch nichts auf hsv.de stand) schon macht es der HSV perfekt. Milan Badelj spielt ab dem 01.09.2012 bei uns. Er wird die Qualifikationsrunde f\u00fcr seinen alten\/derzeitigen Club Dinamo Zagreb noch hoffentlich erfolgreich zu Ende bringen und dann zu [&hellip;]<\/p>\n","protected":false},"author":2,"featured_media":0,"comment_status":"open","ping_status":"open","sticky":false,"template":"","format":"standard","meta":{"footnotes":""},"categories":[1],"tags":[639,10,429,415],"class_list":["post-5067","post","type-post","status-publish","format-standard","hentry","category-allgemein","tag-hsv","tag-kader","tag-milan-badelj","tag-saison-20122013"],"_links":{"self":[{"href":"http:\/\/www.nedsblog.de\/index.php?rest_route=\/wp\/v2\/posts\/5067","targetHints":{"allow":["GET"]}}],"collection":[{"href":"http:\/\/www.nedsblog.de\/index.php?rest_route=\/wp\/v2\/posts"}],"about":[{"href":"http:\/\/www.nedsblog.de\/index.php?rest_route=\/wp\/v2\/types\/post"}],"author":[{"embeddable":true,"href":"http:\/\/www.nedsblog.de\/index.php?rest_route=\/wp\/v2\/users\/2"}],"replies":[{"embeddable":true,"href":"http:\/\/www.nedsblog.de\/index.php?rest_route=%2Fwp%2Fv2%2Fcomments&post=5067"}],"version-history":[{"count":9,"href":"http:\/\/www.nedsblog.de\/index.php?rest_route=\/wp\/v2\/posts\/5067\/revisions"}],"predecessor-version":[{"id":5075,"href":"http:\/\/www.nedsblog.de\/index.php?rest_route=\/wp\/v2\/posts\/5067\/revisions\/5075"}],"wp:attachment":[{"href":"http:\/\/www.nedsblog.de\/index.php?rest_route=%2Fwp%2Fv2%2Fmedia&parent=5067"}],"wp:term":[{"taxonomy":"category","embeddable":true,"href":"http:\/\/www.nedsblog.de\/index.php?rest_route=%2Fwp%2Fv2%2Fcategories&post=5067"},{"taxonomy":"post_tag","embeddable":true,"href":"http:\/\/www.nedsblog.de\/index.php?rest_route=%2Fwp%2Fv2%2Ftags&post=5067"}],"curies":[{"name":"wp","href":"https:\/\/api.w.org\/{rel}","templated":true}]}}