{"id":5077,"date":"2012-08-14T20:06:57","date_gmt":"2012-08-14T19:06:57","guid":{"rendered":"http:\/\/www.nedsblog.de\/?p=5077"},"modified":"2012-08-14T20:06:57","modified_gmt":"2012-08-14T19:06:57","slug":"hakan-calhanoglu-kommt-zum-hsv-bald","status":"publish","type":"post","link":"http:\/\/www.nedsblog.de\/?p=5077","title":{"rendered":"Hakan Calhanoglu kommt zum HSV. Bald"},"content":{"rendered":"<p>Frank Arnesen <a href=\"http:\/\/www.hsv.de\/teams\/meldungen\/bundesliga\/2012\/august\/der-hsv-verpflichtet-hakan-calhanoglu\/\" target=\"_blank\">verpflichtet<\/a> fleissig weiter Spieler. Diesmal ist es ein 18 j\u00e4hriges Talent aus Mannheim: Hakan Calhanoglu. Es ist aber ein gro\u00dfes Aber bei dieser Verpflichtung zu beachten: Er wechselt zwar per sofort zu uns, wird aber gleich wieder zur\u00fcck verliehen an seinen derzeitigen Verein. Ab der Saison 2013\/2014 wird er dann bei uns spielen.<\/p>\n<p>Hinter dem Talent waren einige Bundesligisten interessiert, er entschied sich dann aber f\u00fcr uns. Die Frage, die sich mir stellt: Schmei\u00dfen wir ihm und dem KSC viel Geld hinterher oder sieht ein junger Spieler mit viel Talent eine Perspektive bei uns. Ich bin da eher Skeptiker und denke ersteres. <\/p>\n<p>Aber das soll mir egal sein, ein vielversprechender Spieler wechselt zu uns und bekommt vorher noch Zeit sich weiter zu entwickeln. Ich h\u00e4tte ihn lieber in der 2. Liga Spielpraxis sammeln sehen, aber wer bin ich schon. Die dritte Liga ist nicht so schlecht und besser als die Regionalliga Nord wo unsere Zweite spielt. <\/p>\n<p>Also Herzlich Willkommen beim HSV, Hakan Calhanoglu. Bald. Ich w\u00fcnsche dir eine gute Entwicklung beim KSC. Am Sonntag darfst du dann bitte dein schlechtestes Saisonspiel auspacken.<\/p>\n<p>In diesem Sinne: <strong>Nur der HSV!<\/strong><\/p>\n","protected":false},"excerpt":{"rendered":"<p>Frank Arnesen verpflichtet fleissig weiter Spieler. Diesmal ist es ein 18 j\u00e4hriges Talent aus Mannheim: Hakan Calhanoglu. Es ist aber ein gro\u00dfes Aber bei dieser Verpflichtung zu beachten: Er wechselt zwar per sofort zu uns, wird aber gleich wieder zur\u00fcck verliehen an seinen derzeitigen Verein. Ab der Saison 2013\/2014 wird er dann bei uns spielen. [&hellip;]<\/p>\n","protected":false},"author":2,"featured_media":0,"comment_status":"open","ping_status":"open","sticky":false,"template":"","format":"standard","meta":{"footnotes":""},"categories":[1],"tags":[432,430,639,10,63,415,431],"class_list":["post-5077","post","type-post","status-publish","format-standard","hentry","category-allgemein","tag-3-liga","tag-hakan-calhanoglu","tag-hsv","tag-kader","tag-ksc","tag-saison-20122013","tag-saison-20132014"],"_links":{"self":[{"href":"http:\/\/www.nedsblog.de\/index.php?rest_route=\/wp\/v2\/posts\/5077","targetHints":{"allow":["GET"]}}],"collection":[{"href":"http:\/\/www.nedsblog.de\/index.php?rest_route=\/wp\/v2\/posts"}],"about":[{"href":"http:\/\/www.nedsblog.de\/index.php?rest_route=\/wp\/v2\/types\/post"}],"author":[{"embeddable":true,"href":"http:\/\/www.nedsblog.de\/index.php?rest_route=\/wp\/v2\/users\/2"}],"replies":[{"embeddable":true,"href":"http:\/\/www.nedsblog.de\/index.php?rest_route=%2Fwp%2Fv2%2Fcomments&post=5077"}],"version-history":[{"count":3,"href":"http:\/\/www.nedsblog.de\/index.php?rest_route=\/wp\/v2\/posts\/5077\/revisions"}],"predecessor-version":[{"id":5080,"href":"http:\/\/www.nedsblog.de\/index.php?rest_route=\/wp\/v2\/posts\/5077\/revisions\/5080"}],"wp:attachment":[{"href":"http:\/\/www.nedsblog.de\/index.php?rest_route=%2Fwp%2Fv2%2Fmedia&parent=5077"}],"wp:term":[{"taxonomy":"category","embeddable":true,"href":"http:\/\/www.nedsblog.de\/index.php?rest_route=%2Fwp%2Fv2%2Fcategories&post=5077"},{"taxonomy":"post_tag","embeddable":true,"href":"http:\/\/www.nedsblog.de\/index.php?rest_route=%2Fwp%2Fv2%2Ftags&post=5077"}],"curies":[{"name":"wp","href":"https:\/\/api.w.org\/{rel}","templated":true}]}}