{"id":5201,"date":"2012-09-26T22:11:55","date_gmt":"2012-09-26T21:11:55","guid":{"rendered":"http:\/\/www.nedsblog.de\/?p=5201"},"modified":"2012-09-26T22:11:55","modified_gmt":"2012-09-26T21:11:55","slug":"ein-punkt-wie-eine-niederlage-bundesliga-20122013-spieltag-5","status":"publish","type":"post","link":"http:\/\/www.nedsblog.de\/?p=5201","title":{"rendered":"Ein Punkt wie eine Niederlage, Bundesliga 2012\/2013 Spieltag 5"},"content":{"rendered":"<h2>Wie war&#8217;s?<\/h2>\n<p>Gut, bis auf das Ergebnis. Ja, ich h\u00e4tte den Punkt in Gladbach letzte Woche noch mit Ku\u00dfhand genommen, aber nach dem Spiel bin ich doch entt\u00e4uscht. Wobei entt\u00e4uscht bin ich vom Ergebnis, nicht von unserem Spiel.<\/p>\n<p>Die ersten 20 Minuten waren langsam und beh\u00e4big, die Flanken wurden zu &#8222;einfach&#8220; geschlagen, die Angriffe nicht konzentriert zu Ende gebracht. Dann sah es aber nach Fu\u00dfball aus, es wurde schnell kombiniert und der Weg zum Tor gesucht.<\/p>\n<p>In der 23 Minute f\u00e4llt dann das einsnull. Westermann mit einer Kopfballvorlage, van der Vaart l\u00e4uft und zieht von der linken Strafraumecke ab. Geiles Tor!<\/p>\n<p>Danach gab es kurz ein Aufb\u00e4umen von Gladbach, aber wir versuchten sofort die Kontrolle wieder zu gewinnen. Das klappte gut, wir suchten weiter den Weg nach vorne. Das Pressing wurde weiter durchgezogen und die Gladbacher zu Fehlern gezwungen.<\/p>\n<p>Nach einer Ecke kassieren wir dann den v\u00f6llig unverdienten Ausgleich, nach dem erst Westermann im Strafraum umgewamst wird und dann die anschlie\u00dfende Ecke zum einseins f\u00fchrt. Auch der Kopfball selber war irregul\u00e4r, wie es Stranzl selbst zugegeben hat. Respekt f\u00fcr diese Aussage. Aytikin h\u00e4tte aber zweimal auf Foul entscheiden m\u00fcssen, tat es aber nicht.<\/p>\n<p>K\u00f6nnen wir eigentlich auch mal ohne Gegentor bestehen? Das w\u00e4re echt klasse.<\/p>\n<p>Aber das ist ja egal, weil wir Tore schie\u00dfen, aus dem Spiel heraus. Ecken und Freist\u00f6\u00dfe sind im Moment noch keine Waffe. Flanke von Badelj, Kopfball Rudi, zwoeins. Geil! <\/p>\n<p>Das war auch verdient, wir hatten den Gegner im Griff, das Pressing funktionierte, wir gewannen Zweik\u00e4mpfe und erspielten uns Chancen. <\/p>\n<p>Dann der uns\u00e4gliche Auftritt vom Schiedsrichter. Stranzl gr\u00e4tscht im Strafraum von hinten Ivo, der nimmt die Einladung an und es gibt Elfmeter und die rote Karte. Es war kein Foul, was der Schiri aber nicht sehen kann. Eine rote Karte h\u00e4tte ich nicht gegeben.<br \/>\nDas Geschenk wollten wir aber nicht annehmen, van der Vaart verscho\u00df den Elfmeter. Pfosten. Mist.<\/p>\n<p>Das nicht gegebene Tor von Rudi konnte ich leider nicht sehen, weil mein Router meinte, er m\u00fc\u00dfte die Verbindung zum Internet trennen.<\/p>\n<p>Gladbach riskierte dann alles, versuchte alles nach vorne zu bringen. Wir brachten unsere Angriffe nicht mehr zu Ende, versuchten die Zeit runter zu spielen. Und dann mu\u00df es ja passieren, in der letzten Minuten bekommen wir den Ausgleich. <\/p>\n<p>Ein Standard, das ist unsere Achillesferse. <\/p>\n<p>Eine tolle Leistung von uns, auch wenn das Ergebnis es nicht hergibt. Die Spieler waren sauer und entt\u00e4uscht, was aber gut sein kann. So wissen sie, da\u00df sie bis zur 93. Minute voll konzentriert sein m\u00fcssen. Wir sind noch lange keine Spitzenmannschaft, die so einen Vorsprung locker zu Ende spielt.<\/p>\n<p><strong>Tor<\/strong><\/p>\n<p>Nichts zu tun, zwei Gegentore. Gemeines Spiel f\u00fcr einen Torwart.<\/p>\n<p><strong>Abwehr<\/strong><\/p>\n<p>Wackelig bis stabil, in dem Spiel war alles dring. Diekmeier und Jansen bekamen wenig zu tun. Mancienne und Westermann schon mehr, l\u00f6sten aber alle Situationen sehr gut. Bis auf die Gegentore sah es aber schon nach was aus da hinten.<\/p>\n<p><strong>Mittelfeld<\/strong><\/p>\n<p>Milan Badelj. Wow.<br \/>\nTolgay Arslan, ebenso wow.<br \/>\nSon etwas unauff\u00e4lliger aber mit viel Laufarbeit. Ivo forderte den Ball oft, brachte aber die Angriffe nicht immer gut zu Ende. van der Vaart mit einem geilen Tor und einem verschossenem Elfer. Am Ende hatte ich das Gef\u00fchl, da\u00df die Luft bei ihm raus war.<\/p>\n<p><strong>Sturm<\/strong><\/p>\n<p>Der Nachteil beim Spiel mit einem St\u00fcrmer: Er rennt und rennt und rennt auch in der Defensive, um das Pressing zu starten. Die Kondition leidet darunter und damit dann auch die Konzentration vor dem Tor in der Offensive. Bei der Flanke von Milan war er aber an der richtigen Stelle und dr\u00fcckte den Ball \u00fcber die Linie. Tolle Leistung. Mit fast 12 km ist er sehr viel gelaufen.<\/p>\n<p><strong>Taktik<\/strong><\/p>\n<p>Alles beim alten, das erste Mal in dieser Saison stand die gleiche Elf auf dem Platz.<br \/>\nIch h\u00e4tte van der Vaart fr\u00fcher ausgewechselt, ebenso Ivo. Die beiden wirkten nach 75 Minuten recht platt.<\/p>\n<p><strong>Einwechslungen<\/strong><\/p>\n<p>Berg f\u00fcr Rudi, wieder undankbar. Hielt den Ball aber diesmal besser. Sala und Beister sollten dann nur Zeit schinden.<\/p>\n<p><strong>Spieler des Spiels:<\/strong><\/p>\n<p>Milan Badelj. Defensiv r\u00e4umt er alles ab und bringt die offensiven Impulse. Stark!<\/p>\n<p><strong>P\u00f6bler des Spiels:<\/strong><\/p>\n<p>Erneut der Schiri. Aytikin lag meiner Meinung nach oft falsch, auf beiden Seiten. Das einseins, die rote Karte (ich denke, den Elfer kann er so geben, aus seiner Sicht ein Foul) die Aktion von Xhaka gegen Adler, es gab sehr viel, was er falsch gemacht hat.<\/p>\n<h2>Was sagt die Statistik?<\/h2>\n<p><iframe width='490' height='380' frameborder='0' src='https:\/\/docs.google.com\/spreadsheet\/pub?key=0Av4ETf833YNgdFU5SmdQa3VFMWlZV3VJbjNlcVVYMGc&#038;single=true&#038;gid=5&#038;range=A1%3AS22&#038;output=html'><\/iframe><br \/>\n<small><small>2K\u00e4mpfe gew-Zweik\u00e4mpfe gewonnen; ges-Gesamt; %-Prozent gewonnen (Beim Torwart: Torsch\u00fcsse geh-Torsch\u00fcsse gehalten; ges-gesamt; %-Prozent gehalten), BK-Ballkontakte, TS-Torsch\u00fcsse (Beim Torwart AF-abgefangene Flanken), P\u00e4sse a-P\u00e4sse angekommen; g-gespielt; %-Prozent angekommen, FL-Flanken, TSV-Torschussvorlagen, Tor-Tore, TVO-Torvorlagen, LF-Laufleistung in km, Sp-Sprints >-raus, < -rein, Min-Minuten, OF-Offensivfaktor; Quelle: <a href=\"http:\/\/www.bundesliga.de\">bundesliga.de<\/a> f\u00fcr die Offensiven Daten (TS, TSV, Tor; TVO) und <a href=\"http:\/\/www.sky.de\" target=\"_blank\">sky.de<\/a> f\u00fcr den Rest<\/small><\/small><\/p>\n<h2>Was ich gelesen habe?<\/h2>\n<p>Keine Zeit heute abend, Fu\u00dfball war erst kurz vor Blogbeitragschreiben beendet.<\/p>\n<p>Samstag ist Geburtstag. Das wird gut werden, ich freue mich drauf.<\/p>\n<p>In diesem Sinne: <strong>Nur der HSV!<\/strong><\/p>\n<p style=\"font-size: x-small\">\n","protected":false},"excerpt":{"rendered":"<p>Wie war&#8217;s? Gut, bis auf das Ergebnis. Ja, ich h\u00e4tte den Punkt in Gladbach letzte Woche noch mit Ku\u00dfhand genommen, aber nach dem Spiel bin ich doch entt\u00e4uscht. Wobei entt\u00e4uscht bin ich vom Ergebnis, nicht von unserem Spiel. Die ersten 20 Minuten waren langsam und beh\u00e4big, die Flanken wurden zu &#8222;einfach&#8220; geschlagen, die Angriffe nicht [&hellip;]<\/p>\n","protected":false},"author":2,"featured_media":0,"comment_status":"open","ping_status":"open","sticky":false,"template":"","format":"standard","meta":{"footnotes":""},"categories":[23,4],"tags":[406,642,639,429,415],"class_list":["post-5201","post","type-post","status-publish","format-standard","hentry","category-bundesliga","category-hsv","tag-borussia-monchengladbach","tag-bundesliga","tag-hsv","tag-milan-badelj","tag-saison-20122013"],"_links":{"self":[{"href":"http:\/\/www.nedsblog.de\/index.php?rest_route=\/wp\/v2\/posts\/5201","targetHints":{"allow":["GET"]}}],"collection":[{"href":"http:\/\/www.nedsblog.de\/index.php?rest_route=\/wp\/v2\/posts"}],"about":[{"href":"http:\/\/www.nedsblog.de\/index.php?rest_route=\/wp\/v2\/types\/post"}],"author":[{"embeddable":true,"href":"http:\/\/www.nedsblog.de\/index.php?rest_route=\/wp\/v2\/users\/2"}],"replies":[{"embeddable":true,"href":"http:\/\/www.nedsblog.de\/index.php?rest_route=%2Fwp%2Fv2%2Fcomments&post=5201"}],"version-history":[{"count":6,"href":"http:\/\/www.nedsblog.de\/index.php?rest_route=\/wp\/v2\/posts\/5201\/revisions"}],"predecessor-version":[{"id":5207,"href":"http:\/\/www.nedsblog.de\/index.php?rest_route=\/wp\/v2\/posts\/5201\/revisions\/5207"}],"wp:attachment":[{"href":"http:\/\/www.nedsblog.de\/index.php?rest_route=%2Fwp%2Fv2%2Fmedia&parent=5201"}],"wp:term":[{"taxonomy":"category","embeddable":true,"href":"http:\/\/www.nedsblog.de\/index.php?rest_route=%2Fwp%2Fv2%2Fcategories&post=5201"},{"taxonomy":"post_tag","embeddable":true,"href":"http:\/\/www.nedsblog.de\/index.php?rest_route=%2Fwp%2Fv2%2Ftags&post=5201"}],"curies":[{"name":"wp","href":"https:\/\/api.w.org\/{rel}","templated":true}]}}