{"id":5220,"date":"2012-09-30T22:29:05","date_gmt":"2012-09-30T21:29:05","guid":{"rendered":"http:\/\/www.nedsblog.de\/?p=5220"},"modified":"2012-09-30T22:29:05","modified_gmt":"2012-09-30T21:29:05","slug":"serienheimsieg-zum-geburtstag-bundesliga-20122013-spieltag-6","status":"publish","type":"post","link":"http:\/\/www.nedsblog.de\/?p=5220","title":{"rendered":"Serienheimsieg zum Geburtstag, Bundesliga 2012\/2013 Spieltag 6"},"content":{"rendered":"<h2>Wie war&#8217;s?<\/h2>\n<p>Eines Geburtstages w\u00fcrdig war es. <\/p>\n<p>Zu Beginn des Spieles gab es einen Weltrekord. 45.000 Doppelhalter wurden in die Luft gehalten. Ein Beeindruckendes Bild! Mein Teil der Choreo war dieser Doppeltr\u00e4ger:<br \/>\n<a href=\"http:\/\/www.nedsblog.de\/wp-content\/uploads\/P9300002.jpg\" target=\"_blank\"><img loading=\"lazy\" decoding=\"async\" src=\"http:\/\/www.nedsblog.de\/wp-content\/uploads\/P9300002-225x300.jpg\" alt=\"\" title=\"Mein Doppelhalter Jubil\u00e4umschoreo\" width=\"225\" height=\"300\" class=\"alignnone size-medium wp-image-5222\" srcset=\"http:\/\/www.nedsblog.de\/wp-content\/uploads\/P9300002-225x300.jpg 225w, http:\/\/www.nedsblog.de\/wp-content\/uploads\/P9300002-768x1024.jpg 768w, http:\/\/www.nedsblog.de\/wp-content\/uploads\/P9300002.jpg 1920w\" sizes=\"auto, (max-width: 225px) 100vw, 225px\" \/><\/a><\/p>\n<p>Bildergalerie zur Choreo: <a href=\"http:\/\/cfhh.net\/?page_id=3586&#038;album=26&#038;gallery=259\" target=\"_blank\">eins<\/a> &#038; <a href=\"http:\/\/www.ultras-tifo.net\/photo-news\/1106-hamburger-sv-hannover-29092012.html\" target=\"_blank\">zwei<\/a>.<\/p>\n<p>Das Spiel selber war dann auch ein Geschenk. Ein Heimsieg! Der zweite hintereinander! Das hatten wir letzte Saison nur am 13. und 15. Spieltag! Damals gegen Hoffenheim und den Glubb (jeweils 2:0).<br \/>\nLange ist es also her, da\u00df wir zu Hause zweimal hintereinander gewonnen haben. <\/p>\n<p>Das Spiel war einfach klasse. Die Mannschaft tat alles, um diese drei Punkte in Hamburg zu lassen. Nein, wir haben den Gegner nicht dominiert, aber wir haben dagegen gehalten. Wir haben hinten alles dicht gemacht und die wenigen Chancen, die dann durchgingen, vereitelte Adler.<\/p>\n<p>Das Tor habe ich \u00fcbrigens herbei orakelt! In der 20. Minute drehte ich mich zu den anderen und sagte: &#8222;Nach 2 Minuten schie\u00dfen wir wohl heute kein Tor.&#8220; Im Anschlu\u00df fiel das Tor. Scooter und Torkonfetti und ich war daf\u00fcr irgendwie verantwortlich daf\u00fcr :-)<\/p>\n<p>Mehr mu\u00df ich nicht schreiben. Wir haben gewonnen. Das war wichtig und das ist, was z\u00e4hlt. <\/p>\n<p>Jetzt m\u00fcssen wir anfangen, die n\u00e4chsten Spiele besser anzugehen und in der Offensive konzentriertere Aktionen starten. Gerade gegen die Westvorstadt erwarte ich 3 Punkte. <\/p>\n<p>Die Mannschaft entwickelt sich weiter, das Spielsystem mu\u00df sich finden, ich hoffe der Trainer hat das noch was in Petto. Wir k\u00f6nnen uns nicht immer auf gute Einzelleistungen verlassen.<\/p>\n<p>Und noch eine Frage an die Presse bez\u00fcglich unseres Sportchefs: Adler, Badelj und Rudnevs, sind das keine guten Verpflichtungen? Finde die Quote doch recht gut.<\/p>\n<p><strong>Tor<\/strong><\/p>\n<p>Was soll ich noch schreiben? Weltklassespiel. Wie er sich schon in der ersten Halbzeit Ivo geschnappt hat um ihn zurecht zu weisen. Das gef\u00e4llt mir sehr gut.<\/p>\n<p><strong>Abwehr<\/strong><\/p>\n<p>Huszti aus dem Spiel genommen. Was will man mehr? Tolle Zweikampfwerte der Innenverteidiger. Diekmeier wirkt defensiv weiter gut, auch wenn er manchmal zu langsam zur\u00fcck kommt. Jansen hingengen mu\u00df besonders gelobt werden, er macht seine Sache da hinten links richtig richtig gut! (Ja, das Lob kommt von mir, obwohl ich immer meine, da\u00df er eigentlich kein LAV ist. Aber wenn er es so weiter macht, will ich ihn da gar nicht weg denken!). Mancienne und Westermann beide sicher, solide ein richtiges Bollwerk.<\/p>\n<p><strong>Mittelfeld<\/strong><\/p>\n<p>Milan ist ne Wucht. Ich schaue ihm echt gerne beim Fu\u00dfball spielen zu. Tolgay macht seine Sache auf der ungewohnten Position richtig gut!<br \/>\nIvo schon in der zweiten Minute mit einem rotw\u00fcrdigem Foul, fand danach keine Bindung zum Spiel. Son lief viel, produzierte aber zu wenig. So lange er aber im n\u00e4chsten Spiel dann wieder 2 Tore macht&#8230;<br \/>\nvan der Vaart ist erneut die Leitstelle des Mittelfeldes, wie tief er sich in der ersten Halbzeit hat fallen lassen, um die B\u00e4lle zu holen und zu verteilen, klasse. Das war man so von ihm nicht gewohnt. Aber ich behaupte mal: Ohne Milan w\u00e4re Rafael nur halb so viel Wert.<\/p>\n<p><strong>Sturm<\/strong><\/p>\n<p>Rudi, das Laufwunder. Rei\u00dft wieder viele Kilometer und schie\u00dft dazu noch das entscheidende Tor. Klasse!<\/p>\n<p><strong>Taktik<\/strong><\/p>\n<p>Nichts neues hier, ich w\u00fcrde gegen die Westvorstadt gerne mal mit zwei St\u00fcrmern spielen, das wird wohl er nicht passieren.<br \/>\nIm dritten Spiel hintereinander hat der Trainer die gleichen Klamotten an, erm ich meine spielt die gleiche Elf von Anfang an. Das merkt man aber auch, wir wirken insgesamt eingespielter und stabiler.<\/p>\n<p><strong>Einwechslungen<\/strong><\/p>\n<p>Maxi Beister kam zur zweiten H\u00e4lfte, der Trainer hat wie die 57.000 Zuschauer mitbekommen, da\u00df Ivo kein gutes Spiel abgeliefert hat. Jiracek dann f\u00fcr Arslan, Petr wollte dann gleich zeigen, da\u00df er unverzichtbar werden kann. Sehr \u00fcbermotiviert, ich finde es aber sehr gut, so jemand wie ihn bringen zu k\u00f6nnen. Sala am Ende f\u00fcr Son, ich war gl\u00fccklich, da\u00df der Trainer nicht van der Vaart runter genommen hat. Sonst w\u00e4re der letzte Pfiff im Spiel kein Handspiel gewesen, sonder ein Freisto\u00df f\u00fcr den Gegner. Nein, ich bin so gar nicht abergl\u00e4ubig&#8230;<\/p>\n<p><strong>Spieler des Spiels:<\/strong><\/p>\n<p>Rene Adler. Was f\u00fcr eine Leistung!<\/p>\n<p><strong>P\u00f6bler des Spiels:<\/strong><\/p>\n<p>Son. Mal im ernst, was ist mit ihm los? Warum geht er allen Zweik\u00e4mpfen aus dem Weg, bei denen er sich eventuell weh tun k\u00f6nnte? Das war sehr auff\u00e4llig. Aber egal wird das alles, wenn er im n\u00e4chsten Spiel seine Tore macht.<\/p>\n<h2>Was sagt die Statistik?<\/h2>\n<p><iframe width='490' height='380' frameborder='0' src='https:\/\/docs.google.com\/spreadsheet\/pub?key=0Av4ETf833YNgdFU5SmdQa3VFMWlZV3VJbjNlcVVYMGc&#038;single=true&#038;gid=6&#038;range=A1%3AS22&#038;output=html'><\/iframe><br \/>\n<small><small>2K\u00e4mpfe gew-Zweik\u00e4mpfe gewonnen; ges-Gesamt; %-Prozent gewonnen (Beim Torwart: Torsch\u00fcsse geh-Torsch\u00fcsse gehalten; ges-gesamt; %-Prozent gehalten), BK-Ballkontakte, TS-Torsch\u00fcsse (Beim Torwart AF-abgefangene Flanken), P\u00e4sse a-P\u00e4sse angekommen; g-gespielt; %-Prozent angekommen, FL-Flanken, TSV-Torschussvorlagen, Tor-Tore, TVO-Torvorlagen, LF-Laufleistung in km, Sp-Sprints >-raus, < -rein, Min-Minuten, OF-Offensivfaktor; Quelle: <a href=\"http:\/\/www.bundesliga.de\">bundesliga.de<\/a> f\u00fcr die Offensiven Daten (TS, TSV, Tor; TVO) und <a href=\"http:\/\/www.sky.de\" target=\"_blank\">sky.de<\/a> f\u00fcr den Rest<\/small><\/small><\/p>\n<h2>Was ich gelesen habe?<\/h2>\n<p>Dogfood ist der HSV ein <a href=\"http:\/\/www.allesaussersport.de\/archiv\/2012\/09\/29\/bundesliga-201213-hsv-hannover\/\" target=\"_blank\">R\u00e4tsel<\/a>. Es ist kein System erkennbar, aber er erkennt, da\u00df man eine Empathie f\u00fcr die Mannschaft entwickeln kann.<br \/>\nBeim <a href=\"http:\/\/burnster.de\/2012\/09\/30\/brennerpass-bundesliga-2012-2013-6\/\" target=\"_blank\">Brennerpass<\/a> wird dem HSV alles Gute zum Geburtstag gew\u00fcnscht, dem Spieler Pinto aber nichts Gutes an den Hals f\u00fcr das Nachtreten gegen Rafael van der Vaart.<\/p>\n<h2>Leihspielercheck<\/h2>\n<p>Hier ein kurzer Blick auf die verliehenen Spieler.<br \/>\n<em>Hakan Calhanoglu<\/em>, KSC<br \/>\nSpielte wieder 90 Minuten, SPN 1.<\/p>\n<h2>Was macht eigentlich &#8230;?<\/h2>\n<p>\n<em>Mladen Petric<\/em><br \/>\nMladen schie\u00dft bei Fulham einen Elfer. Das kann er ja, wissen wir. Trotzdem wird das Spiel gegen City 1:2 verloren.<br \/>\n<em>David Jarol\u00edm<\/em><br \/>\nOhne Einsatz am letzten Spieltag.<\/p>\n<p>In diesem Sinne: <strong>Nur der HSV!<\/strong><\/p>\n<p style=\"font-size: x-small\">Dont&#8217;t mention the M\u00e4nntschen! What happens in the Kypros, stays in the Kypros.<br \/>\nNoch mal Danke an alle Anwesenden f\u00fcr diesen tollen Geburtstagsabend! Es war echt klasse!<\/p>\n","protected":false},"excerpt":{"rendered":"<p>Wie war&#8217;s? Eines Geburtstages w\u00fcrdig war es. Zu Beginn des Spieles gab es einen Weltrekord. 45.000 Doppelhalter wurden in die Luft gehalten. Ein Beeindruckendes Bild! Mein Teil der Choreo war dieser Doppeltr\u00e4ger: Bildergalerie zur Choreo: eins &#038; zwei. Das Spiel selber war dann auch ein Geschenk. Ein Heimsieg! Der zweite hintereinander! Das hatten wir letzte [&hellip;]<\/p>\n","protected":false},"author":2,"featured_media":0,"comment_status":"open","ping_status":"open","sticky":false,"template":"","format":"standard","meta":{"footnotes":""},"categories":[23,4],"tags":[445,642,448,227,639,446,416,415],"class_list":["post-5220","post","type-post","status-publish","format-standard","hentry","category-bundesliga","category-hsv","tag-125-jahre","tag-bundesliga","tag-choreo","tag-hannover-96","tag-hsv","tag-jubilaum","tag-rene-adler","tag-saison-20122013"],"_links":{"self":[{"href":"http:\/\/www.nedsblog.de\/index.php?rest_route=\/wp\/v2\/posts\/5220","targetHints":{"allow":["GET"]}}],"collection":[{"href":"http:\/\/www.nedsblog.de\/index.php?rest_route=\/wp\/v2\/posts"}],"about":[{"href":"http:\/\/www.nedsblog.de\/index.php?rest_route=\/wp\/v2\/types\/post"}],"author":[{"embeddable":true,"href":"http:\/\/www.nedsblog.de\/index.php?rest_route=\/wp\/v2\/users\/2"}],"replies":[{"embeddable":true,"href":"http:\/\/www.nedsblog.de\/index.php?rest_route=%2Fwp%2Fv2%2Fcomments&post=5220"}],"version-history":[{"count":13,"href":"http:\/\/www.nedsblog.de\/index.php?rest_route=\/wp\/v2\/posts\/5220\/revisions"}],"predecessor-version":[{"id":5235,"href":"http:\/\/www.nedsblog.de\/index.php?rest_route=\/wp\/v2\/posts\/5220\/revisions\/5235"}],"wp:attachment":[{"href":"http:\/\/www.nedsblog.de\/index.php?rest_route=%2Fwp%2Fv2%2Fmedia&parent=5220"}],"wp:term":[{"taxonomy":"category","embeddable":true,"href":"http:\/\/www.nedsblog.de\/index.php?rest_route=%2Fwp%2Fv2%2Fcategories&post=5220"},{"taxonomy":"post_tag","embeddable":true,"href":"http:\/\/www.nedsblog.de\/index.php?rest_route=%2Fwp%2Fv2%2Ftags&post=5220"}],"curies":[{"name":"wp","href":"https:\/\/api.w.org\/{rel}","templated":true}]}}