{"id":5252,"date":"2012-10-07T22:21:31","date_gmt":"2012-10-07T21:21:31","guid":{"rendered":"http:\/\/www.nedsblog.de\/?p=5252"},"modified":"2012-10-07T22:21:31","modified_gmt":"2012-10-07T21:21:31","slug":"drei-punkte-sind-drei-punkte-sind-drei-bundesliga-20122013-spieltag-7","status":"publish","type":"post","link":"http:\/\/www.nedsblog.de\/?p=5252","title":{"rendered":"Drei Punkte sind drei Punkte sind drei&#8230; Bundesliga 2012\/2013, Spieltag 7"},"content":{"rendered":"<h2>Wie war&#8217;s?<\/h2>\n<p>Anstrengend, uninspiriert und trotzdem gewonnen.<\/p>\n<p>Nach den 3 Spielen gegen drei der Top 4 Mannschaften aus dem letzten Jahr stand jetzt die Pflichtaufgabe auf dem Programm. Unser erstes Spiel gegen die Spielvereinigung Greuther F\u00fcrth. Die sind damit \u00fcbrigens unser 51. Gegner in der Bundesligageschichte. Die gesamte Mannschaft und auch die Verantwortlichen betonten, wie schwer das Spiel werden w\u00fcrde. <\/p>\n<p>Das wurde es dann auch.<\/p>\n<p>F\u00fcrth war spielerisch nicht so richtig gut, aber taktisch und k\u00e4mpferisch hielten sie voll dagegen. Unsere Angriffe wurden durch hohes Pressing und vielen vielen Fouls im Keim erstickt. In der ersten Halbzeit holte sich van der Vaart einige B\u00e4lle fast am eigenen 16er ab, damit er \u00fcberhaupt mal ins Spiel kommen konnte.<\/p>\n<p>Es passiert bei uns aber auch wenig, bis auf lange B\u00e4lle nach vorne war da offensiv viel zu wenig zu sehen. Ich hoffe es lag am hoch pressendem Gegner und nicht an unserer Unf\u00e4higkeit ein Spiel vern\u00fcnftig aufzubauen.<\/p>\n<p>Die Torchancen waren in der Regel Kontersituationen, so wie das einsnull von Son. Was ein Alleingang, was ein Tor. Man sah ihm gar nicht an, da\u00df er bis dahin (und auch danach) im Spiel nicht stattgefunden hatte.<\/p>\n<p>Die restlichen 73 Minuten nach dem Tor waren dann durch viel Abwehrarbeit gepr\u00e4gt, Entlastung nach vorne gab es nicht mehr. Auch die Spieler und der Trainer haben nach dem Spiel in den Medien verlauten lassen, da\u00df es ein sehr schlechtes Spiel von uns war. Aber wie in der \u00dcberschrift schon geschrieben, am Ende sind es dann drei Punkte und das reicht.<\/p>\n<p>Viel wichtiger: Es sind die ersten zwei Siege zu null hintereinander seit der Saison 2010\/2011. Damals gewannen wir unter Armin Veh auch jeweils einsnull gegen Schalke und Frankfurt.<\/p>\n<p>Jetzt haben wir wieder diese d\u00e4mliche L\u00e4nderspielpause die keiner braucht. Leider haben wir trotz unser schlechten Saison im letzten Jahr viele Nationalspieler im Kader und daher wird mit einer Rumpftruppe trainiert. Da wird das Trainieren von offensiven Spielz\u00fcgen nicht m\u00f6glich sein.<\/p>\n<p><strong>Tor<\/strong><\/p>\n<p>Was soll ich noch \u00fcber ihn schreiben? Klasse 7 Spiele bisher, rettete uns die 2 Punkte. Erneut, wiederholt.<\/p>\n<p><strong>Abwehr<\/strong><\/p>\n<p>Wir wirkten echt richtig stabil. Mancienne und Westermann mit einem sehr gutem Spiel. Ich habe selten einen Kommentator so oft die beiden Namen (und er hat nicht M\u00e4nntschn gesagt) positiv belegt aussprechen h\u00f6ren. Klasse! Auch die beiden Au\u00dfen machten ihre Sache gut, zusammen kommen sie zwar nur auf 5 Flanken, aber immerhin.<\/p>\n<p><strong>Mittelfeld<\/strong><\/p>\n<p>Badelj. Was ein Klassespieler! Und in der Kombination mit Arslan, einfach genial. Was als Notl\u00f6sung mit Tolgay begann, m\u00f6chte ich mir nicht mehr weg denken.<br \/>\nDie offensiven Au\u00dfen waren nicht oft zu sehen. Jiracek wirkte irgendwie wie ein Fehlk\u00f6rper auf dem Platz, Son bis auf sein Tor sehr bla\u00df. Auch von van der Vaart hat man nichts gesehen. Das lag aber auch daran, da\u00df die Mitte und somit sein Spielraum sehr gut zu gemacht wurde.<br \/>\nSon hat den Zweikampf vor dem einsnull angenommen und gewonnen, obwohl sein Gegenspieler sehr robust eingestiegen ist. H\u00f6rt also das Zur\u00fcckziehen nun endlich auf?<\/p>\n<p><strong>Sturm<\/strong><\/p>\n<p>Rudi mit der gro\u00dfen Chance zum zweinull, aber anscheinend kann entweder nur er oder Son in einem Spiel treffen.<\/p>\n<p><strong>Taktik<\/strong><\/p>\n<p>Ich h\u00e4tte ja anders gespielt, aber ich habe ja auch keine Ahnung vom Fu\u00dfball. Badelj kann die Au\u00dfenposition glaube ich besser spielen als Jiracek, aber warum wechseln.<br \/>\nRene Adler sagte im Aktuellem Sportstudio, da\u00df seine langen Abschl\u00e4ge gerade in solchen Spielen als taktisches Mittel eingesetzt werden soll. Da uns aber die langen, robusten St\u00fcrmer fehlen, die dann den Ball halten, wird vor allem der zweite Ball als Ziel dieser Abschl\u00e4ge genannt. Das habe ich aber bei noch keinem Spiel so gesehen.<\/p>\n<p><strong>Einwechslungen<\/strong><\/p>\n<p>Da wir nun 14 Tage Pause haben, wurden alle 11 Starter lange auf dem Platz gelassen. Die Wechsel gingen dann so in Ordnung.<br \/>\nWobei Berg seinen einzigen Zweikampf verliert, der dann auch wieder zu einem Konter f\u00fchrt. Das mu\u00df besser werden, mein Herz macht das sonst nicht mehr lange mit.<\/p>\n<p><strong>Spieler des Spiels:<\/strong><\/p>\n<p>Ihr habt Milan Badelj <a href=\"http:\/\/www.nedsblog.de\/?p=5246\" title=\"Spieler des Spieltags, Bundesliga 2012\/2013 Spieltag 7\" target=\"_blank\">gew\u00e4hlt<\/a>. Meine Stimme bekam Michael Mancienne, aber ich beuge mich eurer Wahl. Verdient ist es allemal. Wieder hat er sehr gute statistische Werte, ich frage mich wie das wird, wenn er sich dann richtig an die Bundesliga gew\u00f6hnt hat und sich weiter entwickelt. Ich freue mich darauf.<\/p>\n<p><strong>P\u00f6bler des Spiels:<\/strong><\/p>\n<p>Auf gegnerische Spieler schimpfen ist immer leicht, aber ganz ehrlich, ich werde kein Freund von Gerald Asamoah mehr werden.<\/p>\n<h2>Was sagt die Statistik?<\/h2>\n<p><iframe width='490' height='380' frameborder='0' src='https:\/\/docs.google.com\/spreadsheet\/pub?key=0Av4ETf833YNgdFU5SmdQa3VFMWlZV3VJbjNlcVVYMGc&#038;single=true&#038;gid=7&#038;range=A1%3AS22&#038;output=html'><\/iframe><br \/>\nDie Laufleistung ist bei bundesliga.de nicht gemessen\/aufgef\u00fchrt an diesem Spieltag.<br \/>\n<small><small>2K\u00e4mpfe gew-Zweik\u00e4mpfe gewonnen; ges-Gesamt; %-Prozent gewonnen (Beim Torwart: Torsch\u00fcsse geh-Torsch\u00fcsse gehalten; ges-gesamt; %-Prozent gehalten), BK-Ballkontakte, TS-Torsch\u00fcsse (Beim Torwart AF-abgefangene Flanken), P\u00e4sse a-P\u00e4sse angekommen; g-gespielt; %-Prozent angekommen, FL-Flanken, TSV-Torschussvorlagen, Tor-Tore, TVO-Torvorlagen, LF-Laufleistung in km, Sp-Sprints >-raus, < -rein, Min-Minuten, OF-Offensivfaktor; Quelle: <a href=\"http:\/\/www.bundesliga.de\">bundesliga.de<\/a> f\u00fcr die Offensiven Daten (TS, TSV, Tor; TVO) und <a href=\"http:\/\/www.sky.de\" target=\"_blank\">sky.de<\/a> f\u00fcr den Rest<\/small><\/small><\/p>\n<h2>Was ich gelesen habe?<\/h2>\n<p>Dinocontent gibt es beim <a href=\"http:\/\/burnster.de\/2012\/10\/07\/brennerpass-bundesliga-2012-2013-7\/\" target=\"_blank\">brennerpass<\/a>.<\/p>\n<h2>Leihspielercheck<\/h2>\n<p>Hier ein kurzer Blick auf die verliehenen Spieler.<br \/>\n<em>Hakan Calhanoglu<\/em>, KSC<br \/>\n90 Minuten gegen Unterhaching auf dem Platz, SPN 1.<\/p>\n<h2>Was macht eigentlich &#8230;?<\/h2>\n<p>\n<em>Paolo Guerrero<\/em><br \/>\nSchie\u00dft das 1:1 f\u00fcr Corinthians. Ich schreibe das, weil es seine dritte Torbeteiligung in drei Spielen war. So langsam kommt er in Fahrt in Brasilien.<br \/>\n<em>Micka\u00ebl Tavares<\/em><br \/>\nEs wurde ein Verein f\u00fcr ihn gefunden. Ohne Witz, er <a href=\"http:\/\/www.hsv.de\/news\/hsv-splitter\/\" target=\"_blank\">wechselt<\/a> in die Premier League zu Fulham an die Seite von Mladen Petric.<br \/>\n<em>David Jarol\u00edm<\/em><br \/>\nStand 58 Minuten gegen den amtierenden Meister auf dem Platz. Deswegen hat Evian auch gegen Montpellier gewonnen, davon gehe ich ganz fest aus.<\/p>\n<p>In diesem Sinne: <strong>Nur der HSV!<\/strong><\/p>\n<p style=\"font-size: x-small\">\n","protected":false},"excerpt":{"rendered":"<p>Wie war&#8217;s? Anstrengend, uninspiriert und trotzdem gewonnen. Nach den 3 Spielen gegen drei der Top 4 Mannschaften aus dem letzten Jahr stand jetzt die Pflichtaufgabe auf dem Programm. Unser erstes Spiel gegen die Spielvereinigung Greuther F\u00fcrth. Die sind damit \u00fcbrigens unser 51. Gegner in der Bundesligageschichte. Die gesamte Mannschaft und auch die Verantwortlichen betonten, wie [&hellip;]<\/p>\n","protected":false},"author":2,"featured_media":0,"comment_status":"open","ping_status":"open","sticky":false,"template":"","format":"standard","meta":{"footnotes":""},"categories":[23,4],"tags":[642,450,639,429,415],"class_list":["post-5252","post","type-post","status-publish","format-standard","hentry","category-bundesliga","category-hsv","tag-bundesliga","tag-greuther-furth","tag-hsv","tag-milan-badelj","tag-saison-20122013"],"_links":{"self":[{"href":"http:\/\/www.nedsblog.de\/index.php?rest_route=\/wp\/v2\/posts\/5252","targetHints":{"allow":["GET"]}}],"collection":[{"href":"http:\/\/www.nedsblog.de\/index.php?rest_route=\/wp\/v2\/posts"}],"about":[{"href":"http:\/\/www.nedsblog.de\/index.php?rest_route=\/wp\/v2\/types\/post"}],"author":[{"embeddable":true,"href":"http:\/\/www.nedsblog.de\/index.php?rest_route=\/wp\/v2\/users\/2"}],"replies":[{"embeddable":true,"href":"http:\/\/www.nedsblog.de\/index.php?rest_route=%2Fwp%2Fv2%2Fcomments&post=5252"}],"version-history":[{"count":5,"href":"http:\/\/www.nedsblog.de\/index.php?rest_route=\/wp\/v2\/posts\/5252\/revisions"}],"predecessor-version":[{"id":5257,"href":"http:\/\/www.nedsblog.de\/index.php?rest_route=\/wp\/v2\/posts\/5252\/revisions\/5257"}],"wp:attachment":[{"href":"http:\/\/www.nedsblog.de\/index.php?rest_route=%2Fwp%2Fv2%2Fmedia&parent=5252"}],"wp:term":[{"taxonomy":"category","embeddable":true,"href":"http:\/\/www.nedsblog.de\/index.php?rest_route=%2Fwp%2Fv2%2Fcategories&post=5252"},{"taxonomy":"post_tag","embeddable":true,"href":"http:\/\/www.nedsblog.de\/index.php?rest_route=%2Fwp%2Fv2%2Ftags&post=5252"}],"curies":[{"name":"wp","href":"https:\/\/api.w.org\/{rel}","templated":true}]}}