{"id":5284,"date":"2012-10-17T18:23:19","date_gmt":"2012-10-17T17:23:19","guid":{"rendered":"http:\/\/www.nedsblog.de\/?p=5284"},"modified":"2012-10-17T18:23:19","modified_gmt":"2012-10-17T17:23:19","slug":"der-nachste-gegner-ist","status":"publish","type":"post","link":"http:\/\/www.nedsblog.de\/?p=5284","title":{"rendered":"Der n\u00e4chste Gegner ist &#8230;"},"content":{"rendered":"<p>&#8230; okay, okay, ich zahle gerne 3 Euro in das Phrasenschwein, aber mir fiel keine bessere \u00dcberschrift ein.<\/p>\n<p>Am Sonntag kommt der VfB Stuttgart nach Hamburg. An einem Sonntag, im Oktober. Den 21. Das sind alles wichtige Informationen, zu denen ich sp\u00e4ter noch komme. <\/p>\n<p>Das Internet ist toll. Bei meinem letztem <a href=\"http:\/\/www.nedsblog.de\/?p=4471\" target=\"_blank\">Ausw\u00e4rtsspiel<\/a> gegen den VfB Stuttgart hatte ich das Vergn\u00fcgen einen meiner Follower bei Twitter pers\u00f6nlich kennen zu lernen: <a href=\"http:\/\/www.twitter.com\/jens1893\" target=\"_blank\">jens1893<\/a><\/p>\n<p>Und seit dem schaue ich mit mehr als einem Auge auf das, was in Stuttgart so passiert. Vor allem aber, was meine zahlreichen Follower und Blogger \u00fcber den VfB twittern und schreiben. Wenn der Verein dann verliert, fragt man sich, wie sich die Anh\u00e4nger des Gegners wohl f\u00fchlen. Sowas war mir fr\u00fcher egal, aber durch Twitter wird das alles pers\u00f6nlicher. <\/p>\n<p>Neben dem schlechtem Saisonstart scheint aber mehr nicht zu stimmen beim VfB. Dieser Vermutung wollte ich nachgehen und habe Jens gebeten, mir ein paar Fragen zum VfB zu beantworten.<\/p>\n<p>Hier die Fragen und Antworten. <\/p>\n<p><em><strong>Hallo Jens, ich glaube es ist immer bl\u00f6d so anzufangen, aber wie ist die Stimmung in Stuttgart?<br \/>\n<\/strong><\/em><\/p>\n<p>Gegenfrage, welche Stimmung erwartest du bei einem Verein, der nach 7 Spieltagen weniger Punkte wie Spiele hat, erst ein Spiel gewonnen hat und bis Oktober auf sein erstes Heimtor der Saison warten musste?<\/p>\n<p>Ich w\u00fcrde hier ausserdem zwischen der Stimmung im Verein und im Umfeld unterscheiden wollen. Der Verein scheint \u2013 bisweilen auch demonstrativ \u2013 die Reihen zu schliessen und einen auf Zusammenhalt zu machen, w\u00e4hrend die Leute im Umfeld ob der gebotenen Leistungen doch zunehmends unruhiger werden.<\/p>\n<p><em><strong>Ihr habt euch letztes Jahr dank einer guten R\u00fcckrunde f\u00fcr die EURO League qualifiziert. Warum kommt bei euch trotzdem keine Freude auf?<br \/>\n<\/strong><\/em><\/p>\n<p>Weil die letzte Saison Vergangenheit ist und man, im Gegensatz zu einer der Lieblingsaussagen des derzeitigen VfB-\u00dcbungsleiters, nicht wissen muss, wo man herkommt, sondern es doch eigentlich viel interessanter ist, wo man hinwill und es in meinen Augen in keinem Lebensbereich sonderlich f\u00f6rderlich ist, immer nur von der Vergangenheit zu schw\u00e4rmen, insbesondere wenn man mit 300km\/h auf einen Abgrund zu rast.<\/p>\n<p>F\u00fcr mich pers\u00f6nlich z\u00e4hlt nur die Bundesliga, der Rest ist maximal schm\u00fcckendes Beiwerk. \u201eDie Bundesliga ist unser t\u00e4glich Brot\u201c (Bobic) und der Tabellenstand dort d\u00fcrfte in den meisten Vereinen ma\u00dfgeblich die Stimmung beeinflussen.<\/p>\n<p>Abgesehen davon halte ich die Europa League im Jahr 2012 f\u00fcr reine Zeitverschwendung und das Argument, dass die Fans dann \u201etolle Reisen machen k\u00f6nnen\u201c, erscheint mir noch als schl\u00fcssigstes Pro-Argument f\u00fcr diesen mtlw. in meinen Augen leider komplett zu Tode reformierten Wettbewerb, in dem Aufwand und Ertrag f\u00fcr mich leider in keinem Verh\u00e4ltnis mehr zueinander stehen.<\/p>\n<p><em><strong>Wir haben mehrere gemeinsame Bekannte aus der Vergangenheit: Felix Magath, Armin Veh und euren aktuellen Trainer.<br \/>\nUnter Magath gab es die Jungen Wilden unter Veh die Meisterschaft. Was habt ihr gerade mit Bruno Labbadia?<br \/>\n<\/strong><\/em><\/p>\n<p>Die zweit\u00e4lteste Mannschaft der Bundesliga ohne viel Entwicklungsm\u00f6glichkeiten, die einen einschl\u00e4fernden Fussball spielt. Labbadia selber sagte vor einigen Wochen, dass man im Gegensatz zu vielen anderen Teams nicht auf schnelles Spiel und schnelles Abschl\u00fcsse raus will, sondern eher auf Dominanz und Ballbesitz. Im Jahr 2012. Diese Philosophie kann man in meinen Augen beim FC Barcelona oder Real Madrid verfolgen, nur haben die auch deutlich h\u00f6here Gehaltskosten wie der VfB Stuttgart und k\u00f6nnen sich einen Kader leisten, mit dem man erfolgreich diesen Fussball spielen kann. Stattdessen h\u00f6rt man dann hier jetzt von Ungenauigkeiten im Milimiterbereich beim Passspiel, weswegen einige Dinge nicht funktionieren.<\/p>\n<p><em><strong>H\u00e4ttest du Magath oder Veh gerne wieder zur\u00fcck? Was unterscheidet die beiden von Bruno?<br \/>\n<\/strong><\/em><\/p>\n<p>Magath w\u00fcrde ich zur\u00fccknehmen, ja, aber auch nur f\u00fcr 2 Wochen, weil man dann Finanzvorstand Uli Ruf endlich los w\u00e4re. Ruf und Magath waren zu Magaths Zeit hier absolute Intimfeinde.<\/p>\n<p>Aber im Ernst, ich w\u00fcrde keinen der beiden zur\u00fcck haben wollen. Bei Magath ging zum Ende viel zu viel Porzellan zu Bruch (man erinnere sich nur an seine Drohung, eine Babypause zu machen, wenn man ihm die Freigabe f\u00fcr den Wechsel nach M\u00fcnchen verweigert h\u00e4tte) und er hatte auch eine Machtf\u00fclle, die f\u00fcr den Verein nicht positiv war. Stellvertretend sei hier der Name Reinhold Fanz genannt, der unter R\u00fcssmann nach 2 Monaten als Trainer der Amateure wieder entlassen wurde und dann von Magath 2003 zur\u00fcckgeholt wurde. \u00dcberhaupt ist man glaube ich bei den meisten Vereinen froh, trotz seiner meistens zweifelsohne vorhandenen sportlichen Erfolge, Magath los zu sein.<\/p>\n<p>Veh habe ich als Mensch eben auch wegen seiner f\u00fcr das Fussballgesch\u00e4ft erfrischend ehrlichen Art sehr gemocht, nur hatte er sich einfach abgenutzt und hat auch auf mich nicht mehr den Eindruck erweckt, als ob er noch 1000%ig hinter seiner Aufgabe steht.<\/p>\n<p><em><strong>Der VfB als Verein hat sich als Motto &#8222;Junge Wilde&#8220; auf die Fahnen geschrieben. Warum ist dann Tunay Torun im Spiel gegen Fortuna D\u00fcsseldorf der einzige Spieler unter 24 auf dem Platz?<\/strong><\/em><\/p>\n<p>Weil der Trainer den vorgegebenen Weg des Vereins nicht mitgeht und es f\u00fcr den Verein keine gelebte Philosophie ist, sondern nur ein reines Lippenbekenntnis, weil man gemerkt hat, dass man sich hier zunehmends zur grauen Maus entwickelt und irgendwie ein Alleinstellungsmerkmal braucht. Also haben sich die Strategen hingesetzt und sind auf die grandiose Idee gekommen, einen 10 Jahre alten Slogan wieder aufzuw\u00e4rmen.<\/p>\n<p>Bruno hat bisher mit Ausnahme Bicakcic Spieler unter 23 quasi nur dann gebracht, wenn er wirklich keine andere Wahl mehr hatte. Der gelernte IV Bicakcic kam zwar in Brunos ersten VfB-Spiel gg. Bayern M\u00fcnchen im Dezember 2010 wg. der damaligen RV-Krise (7 verschiedene Spieler auf RV ausprobiert in 17 Spielen!!!) zu seinem Bundesligadeb\u00fct, hatte allerdings gg. Ribery eine wenig beneidenswerte Aufgabe und stand mehr oder minder auf verlorenem Posten. Dieter Hundt soll wegen Bicakcic Labbadia danach auf gut Deutsch zur Sau gemacht haben und ich denke, dass dies bei Bruno einen bleibenden Schaden hinterlassen hat. Ausserdem versucht Bruno hier den Fehler aus Leverkusen und Hamburg zu vermeiden, wo er sich fr\u00fcher oder sp\u00e4ter mit den etablierten Spielern im Kader \u00fcberworfen hat und dies wohl einer der Gr\u00fcnde f\u00fcr sein Scheitern war. Deswegen dreht es hier komplett um und schaukelt den etablierten Spieler auf Kosten der Jugend die Eier. Es ist in meinen Augen kein Zufall, dass wir den zweit\u00e4ltesten Kader der Bundesliga mit einer sehr interessanten Altersstruktur haben. Die Altersgruppe U23 gibt es quasi gar nicht, allerdings gibt es mit (Ziegler ausgenommen) Hajnal, Cacau und Maza auch nur 3 Spieler \u00fcber 30 im Kader.<br \/>\n<em><br \/>\n<strong>Holzhauser und R\u00fcdiger sind ein Beispiel f\u00fcr junge Spieler, die bestimmt die Chance haben sich in der Bundesliga durchzusetzen. Der Trainer setzt aber nicht auf sie. Liegt es nur am Trainer oder hat auch der Sportchef &#8222;Schuld&#8220; daran, da\u00df so wenig auf die Jugend gesetzt wird?<\/strong><\/em><\/p>\n<p>Ich w\u00fcrde hier gerne noch Kevin St\u00f6ger erw\u00e4hnen, der zwar wie Holzhauser aus \u00d6sterreich kommt und im Mittelfeld spielt, allerdings im Gegensatz zum \u201eAchter\u201c Rapha hinter den Spitzen besser aufgehoben ist und auch dynamischer ist.<\/p>\n<p>Die Frage nach der Rolle von Fredi Bobic in diesem Zusammenhang ist sehr legitim und eine, die ich mir in den letzten 24 Monaten schon selber h\u00e4ufiger gestellt habe, allerdings werde ich aus Bobic selber nicht ganz schlau und habe selber f\u00fcr mich noch keine definitive Antwort auf diese Frage gefunden. Es hat bei Bobic Dinge, die mir gefallen, allerdings auch mindestens genau so viele, bei denen ich mir die H\u00e4nde vorm Gesicht zusammen schlage. Einerseits gef\u00e4llt mir die im Vergleich zu Heldt, bei dessen Aussendarstellung mir tlw. schon das Wort devot in den Kopf kam, um einiges offensivere Aussendarstellung durchaus, andererseits \u00fcbertreibt er es tlw. gerne und erkl\u00e4rt jedem \u00f6ffentlich den Krieg, der Zweifel am eingeschlagenen Weg \u00e4ussert.<\/p>\n<p>Aber um der Frage nicht komplett aus dem Weg zu gehen, Bobic reagiert sehr, sehr d\u00fcnnh\u00e4utig auf Fragen nach dem Thema Jugend, beklagte j\u00fcngst eine gewisse Polemik in der Diskussion um dieses Thema in Stuttgart und meinte auf der Mitgliederversammlung, man w\u00fcrde hier schlie\u00dflich Erwachsenensport betreiben. Sicherlich werden die wenigsten Leute \u00f6ffentlich hier die kompletten Karten auf den Tisch legen, aber man kann sich auch zur\u00fcckhaltender \u00e4ussern.<\/p>\n<p><em><strong>Nach dem letzten Spiel hat der Trainer auf der Pressekonferenz zum Rundumschlag ausgeholt. Ich will es nicht Wutrede nennen, aber er hat schon sehr deutlich seine Meinung gesagt. Gegen wen eigentlich? Die Presse? Die Verantwortlichen? Gar gegen die eigenen Fans?<br \/>\n<\/strong><\/em><\/p>\n<p>Interessanter Punkt, dass du das Wort Wutrede vermeiden willst, denn es war auch keine. Es war ein in meinen Augen geplanter und inszenierter Auftritt, um von Dingen abzulenken und Zeit zu gewinnen.<\/p>\n<p>Die Rede richtete sich zu 99% an die Presse und dort an die Stuttgarter Zeitung, die wohl in den letzten Wochen Dinge verbreitet hat, die so nicht der Wahrheit entsprechen. Die StZ reagierte auf die Vorw\u00fcrfe letzte Woche auch mit einem Artikel, wo man Stellung bezog und dort hie\u00df es u.a., dass sich Labbadia den Auftritt vorher von M\u00e4user genehmigen lie\u00df. So viel zum Thema authentisch, emotional oder spontan.<\/p>\n<p>Mir pers\u00f6nlich haben bei dem Auftritt mehrere Dinge missfallen. Unterm Strich hat er impliziert, dass das Publikum einzig und allein das macht, was die Presse vorgibt (\u201ewurde aufgewiegelt\u201c) und zu dumm ist, sich eine eigene Meinung zu bilden und ausserdem war es auch beim ewig leidigen Thema Finanzen eine sehr einseitige Darstellung der Dinge. Ich will auf das Thema nicht n\u00e4her eingehen, aber mir geht es auch auf den Sack, wenn er hier meinen Verein andauernd als bettelnden Strassenpenner darstellt, der auf Almosen angewiesen ist. Der VfB Stuttgart ist von den Gehaltskosten her trotz der Einschnitte immer noch unter den Top 6 der Bundesliga und die Verpflichtung eines damals 27-j\u00e4hrigen Bosniers f\u00fcr den IMO doch sehr stolzen Betrag von 5m \u20ac im Januar hat er auch komplett unter den Tisch fallen lassen.<\/p>\n<p>Die Rede zeigt mir allerdings auch, dass Labbadia nicht f\u00fcr den Verein, sondern nur f\u00fcr sich selber arbeitet. Labbadia macht nicht das, was f\u00fcr den VfB Stuttgart am Besten ist, sondern was ihm Zeit bringt. Das sieht man beim Thema Jugend, wo er nur Risiken sieht und (langfristige) Potentiale komplett ignoriert und das sieht man auch hier. Es geht Labbadia nur um sich selber, da er genau wei\u00df, dass er bei einem Scheitern hier f\u00fcr zumindest halbwegs bessere Klubs komplett verbrannt ist.<\/p>\n<p><em><strong>Ich folge dir auf Twitter (<a href=\"http:\/\/www.twitter.com\/jens1893\" target=\"_blank\">@jens1893<\/a>) und bekomme mit, da\u00df du sehr niedergeschlagen bist. Was mu\u00df passieren, damit du wieder voller Enthusiasmus ins Stadion pilgerst? Liegt es nur am Trainer?<br \/>\n<\/strong><\/em><\/p>\n<p>Ich h\u00e4tte gerne einen Verein, der auf mich den Eindruck erweckt, dass f\u00fcr ihn sportlicher Erfolg das wichtigste ist und der diesem Ziel keine finanziellen Dinge unterordnet.<\/p>\n<p>Was mir fehlt ist ein klarer Weg und eine klare Philosophie, den man kompromisslos verfolgt, und nach dem man sich seine Mitarbeiter aussucht. Wof\u00fcr steht der VfB Stuttgart? Was will der VfB Stuttgart? Wie will der VfB Stuttgart das erreichen? Das sind Fragen, auf die mir derzeit die Antworten komplett fehlen.<\/p>\n<p><em><strong>Ihr habt ja neben Torun einen weiteren Hamburger im Kader: Martin Harnik. Wie zufrieden bist du mit Tunay und wie mit Martin?<br \/>\n<\/strong><\/em><\/p>\n<p>Torun ist in meinen Augen ein Durchschnittsfussballer, der den Verein keinen Zentimeter weiter nach vorne bringt und der nur hier gelandet ist, weil er eben im Sommer gerade abl\u00f6sefrei war und Bruno in Hamburg irgendwie einen Narren an ihm gefressen hat. Es muss der Anspruch sein, dass man Spieler dieser Klasse selber produziert und solche Spieler nicht von aussen holen muss. Der einzige Unterschied zwischen einem Tunay Torun und Manuel Janzer ist in meinen Augen, dass Torun vielseitiger ist, aber Transfers Marke Torun besetzen nur Kaderpl\u00e4tze, sonst nix.<\/p>\n<p>Harnik ist neben Tasci und Ulreich eines der Gesichter des Vereins und Publikumsliebling. Super umg\u00e4nglicher und authentischer Typ, \u00fcber den man so gut wie nichts negatives h\u00f6rt und der auch sportlich einer der wichtigsten und besten Spieler des Vereins ist, bei 17 Toren als Rechtsaussen auch kein grosses Wunder. Schw\u00e4chen wie eine auch von ihm selber bem\u00e4ngelte fehlende Konstanz und im technischen Bereich lasse ich deswegen hier unerw\u00e4hnt.<\/p>\n<p><em><br \/>\n<strong>Am Sonntag spielen wir in Hamburg gegeneinander. Wenn ich ehrlich bin gibt es nur zwei Spieler, die mir Kopfzerbrechen bereiten: Vedad Ibisevic und Martin Harnik. Wen habe ich vergessen? Welcher Spieler ist f\u00fcr dich in dieser Saison die St\u00fctze des Vereins?<br \/>\n<\/strong><\/em><\/p>\n<p>L\u00e4\u00dft sich Mitte Oktober bei diesem Saisonverlauf sehr schwer sagen. Es hat einige Spieler, die ich sehr sch\u00e4tze und die kicken k\u00f6nnen, die es allerdings wg. vielerlei Gr\u00fcnden bisher diese Saison noch nicht abrufen konnten. Stellvertretend sei hier Deutschjapaner Gotoku Sakai genannnt, der nach einer exzellenten R\u00fcckrunde wg. Olympia den wichtigsten Teil der Vorbereitung verpasste, seitdem quasi wg. irgendwelchen Zirkuskicks fleissig Meilen auf der Strecke Stuttgart \u2013 Tokyo sammelt und sich seine Fitness quasi \u00fcber die Spiele holen muss oder auch der in meinen Augen tlw. verkannte Kapit\u00e4n Serdar Tasci, bei dem seit seinem Handbruch in der EL-Quali ein Wehwehchen das n\u00e4chste sagt.<\/p>\n<p><em><strong>Wenn wir am Sonntag gewinnen, welcher Trainer leitet bei euch das Training am Montag darauf?<br \/>\n<\/strong><\/em><\/p>\n<p>Gar niemand, am Tag nach dem Spiel ist Auslaufen. ;-)<\/p>\n<p>Noch mal vielen Dank f\u00fcr die ausf\u00fchrlichen und ehrlichen Antworten Jens.<\/p>\n<p>Wie oben beschrieben spielen wir am Sonntag den 21. Oktober zu Hause gegen den VfB. Das Spiel fand in den letzten 50 Jahren schon einige Male statt, daher kam mir eine neue Idee f\u00fcr eine Statistik.<br \/>\nIch habe also alle Spiele des HSV seit der Saison 1963\/64 in eine Exceltabelle gehackt und mache daraus nun ein paar Auswertungen.<br \/>\nZu jedem Gegner gibt es ab jetzt immer folgendes zu sehen:<\/p>\n<p><iframe width='155' height='635' frameborder='0' src='https:\/\/docs.google.com\/spreadsheet\/pub?key=0Av4ETf833YNgdDNKSTNmTHVGTEhlRVg0aUJaTFJkbVE&#038;single=true&#038;gid=0&#038;range=A1%3AD37&#038;output=html'><\/iframe><\/p>\n<p>Ganz oben steht nat\u00fcrlich der Gegner, ob es ein (H)eim oder (A)usw\u00e4rtsspiel ist und das Datum.<br \/>\nEs folgt die Bilanz der letzten 50 Jahre (and counting) Bundesliga gegen den Gegner. Dabei zeige ich die (S)iege, (U)nentschieden und (N)iederlagen, sowie die geschossenen Tore (T+) und die Gegentore (T-) plus die Differenz.<\/p>\n<p>Das gleiche mache ich f\u00fcr die letzten 10 Spiele, allerdings schaue ich mir die gesamten (ges) und die (H)eim- bzw. (A)usw\u00e4rtspiele gegen den Gegner an. Was interessiert es mich, wenn wir die letzten 10 Ausw\u00e4rtsspiele gegen den Gegner gewonnen haben, wir aber zu Hause spielen.<\/p>\n<p>Und nun spiele ich richtig rum:<br \/>\nDie letzten vier Bilanzen stellen jeweils die gesamten Spiele gegen den N\u00e4chsten Gegner an einem Tag, in einem Monat, an dem Tag und Monat, sowie an dem Wochentag dar. Das gleiche dann noch mal f\u00fcr Heim- bzw. Ausw\u00e4rtsspiele, je nachdem was jetzt ansteht.<\/p>\n<p>F\u00fcr den VfB hei\u00dft das (mal nur in SUN gesprochen): An einem 21. (egal welcher Monat) haben wir 3 Spiele bestritten und alle gewonnen, 2 davon zu Hause. Im Oktober haben wir in der Bundesliga 11 mal gegen den VfB gespielt, Bilanz ist 7-1-3 (zu Hause 4-0-1). Am 21.10. haben wir bisher noch nie gegen den VfB gespielt. Sonntagsspiele gab es erst 4 in den letzten 50 Jahren, wovon wir keines gewinnen konnten.<\/p>\n<p>Was uns das jetzt am Sonntag hilft? Nichts. Fand das nur interessant. Basis sind die Daten von <a href=\"http:\/\/www.fussballdaten.de\" target=\"_blank\">fussballdaten.de<\/a><\/p>\n<p>Die Tabelle kommt in die Sidebar, wenn ich dann irgendwann mal ein neues Theme gefunden haben, auch immer ganz oben rechts.<\/p>\n<p>In diesem Sinne:<strong>Nur der HSV!<\/strong><\/p>\n","protected":false},"excerpt":{"rendered":"<p>&#8230; okay, okay, ich zahle gerne 3 Euro in das Phrasenschwein, aber mir fiel keine bessere \u00dcberschrift ein. Am Sonntag kommt der VfB Stuttgart nach Hamburg. An einem Sonntag, im Oktober. Den 21. Das sind alles wichtige Informationen, zu denen ich sp\u00e4ter noch komme. Das Internet ist toll. Bei meinem letztem Ausw\u00e4rtsspiel gegen den VfB [&hellip;]<\/p>\n","protected":false},"author":2,"featured_media":0,"comment_status":"open","ping_status":"open","sticky":false,"template":"","format":"standard","meta":{"footnotes":""},"categories":[23,4],"tags":[642,639,454,415,646,90],"class_list":["post-5284","post","type-post","status-publish","format-standard","hentry","category-bundesliga","category-hsv","tag-bundesliga","tag-hsv","tag-jens1893","tag-saison-20122013","tag-statistik","tag-vfb-stuttgart"],"_links":{"self":[{"href":"http:\/\/www.nedsblog.de\/index.php?rest_route=\/wp\/v2\/posts\/5284","targetHints":{"allow":["GET"]}}],"collection":[{"href":"http:\/\/www.nedsblog.de\/index.php?rest_route=\/wp\/v2\/posts"}],"about":[{"href":"http:\/\/www.nedsblog.de\/index.php?rest_route=\/wp\/v2\/types\/post"}],"author":[{"embeddable":true,"href":"http:\/\/www.nedsblog.de\/index.php?rest_route=\/wp\/v2\/users\/2"}],"replies":[{"embeddable":true,"href":"http:\/\/www.nedsblog.de\/index.php?rest_route=%2Fwp%2Fv2%2Fcomments&post=5284"}],"version-history":[{"count":12,"href":"http:\/\/www.nedsblog.de\/index.php?rest_route=\/wp\/v2\/posts\/5284\/revisions"}],"predecessor-version":[{"id":5296,"href":"http:\/\/www.nedsblog.de\/index.php?rest_route=\/wp\/v2\/posts\/5284\/revisions\/5296"}],"wp:attachment":[{"href":"http:\/\/www.nedsblog.de\/index.php?rest_route=%2Fwp%2Fv2%2Fmedia&parent=5284"}],"wp:term":[{"taxonomy":"category","embeddable":true,"href":"http:\/\/www.nedsblog.de\/index.php?rest_route=%2Fwp%2Fv2%2Fcategories&post=5284"},{"taxonomy":"post_tag","embeddable":true,"href":"http:\/\/www.nedsblog.de\/index.php?rest_route=%2Fwp%2Fv2%2Ftags&post=5284"}],"curies":[{"name":"wp","href":"https:\/\/api.w.org\/{rel}","templated":true}]}}