{"id":5354,"date":"2012-11-07T16:04:33","date_gmt":"2012-11-07T15:04:33","guid":{"rendered":"http:\/\/www.nedsblog.de\/?p=5354"},"modified":"2012-11-07T16:04:33","modified_gmt":"2012-11-07T15:04:33","slug":"live-aus-dem-edmund-plambeck-stadion","status":"publish","type":"post","link":"http:\/\/www.nedsblog.de\/?p=5354","title":{"rendered":"Live aus dem Edmund-Plambeck-Stadion"},"content":{"rendered":"<p>So sollte es eigentlich gestern hei\u00dfen. Ich entschied mich aber f\u00fcr das live twittern.<\/p>\n<p>Worum ging es?<br \/>\nRegionalliga Nord, Nachholspiel, Nordderby<\/p>\n<p>Der HSV steht nach 12 Spielen mit einer Bilanz von 4-4-4 (16 Punkte) auf Platz 11, der Gegner hat erst 11 Spiele aber 20 Punkte (6-2-3) und steht damit auf Platz 6.<\/p>\n<p>F\u00fcr den HSV ist neben dem Prestige nat\u00fcrlich wichtig den Abstand auf die unteren Pl\u00e4tze zu vergr\u00f6\u00dfern. Auf den 15. Platz sind es nur 5 Punkte, es sind zwar noch Spiele nachzuholen, aber wir wollen doch nicht mit dem so innig geliebten St. Adtteilverein die Pl\u00e4tze tauschen. Nein, das wollen wir nicht!<\/p>\n<p>Ein Aufstieg in die dritte Liga kann nicht das Ziel des HSV sein, aber zumindest sollte man gesichert im Mittelfeld stehen.<\/p>\n<p>Da ich nicht live gebloggt habe, werde ich hier mal die Tweets, die ich w\u00e4hrend des Spiels abgesetzt habe einstellen.<br \/>\n<script src=\"http:\/\/storify.com\/nedfuller\/hsv-ii-svwii.js\"><\/script><noscript>[<a href=\"http:\/\/storify.com\/nedfuller\/hsv-ii-svwii\" target=\"_blank\">View the story &#8222;HSV II &#8211; SVWII&#8220; on Storify<\/a>]<\/noscript><\/p>\n<p>Das Spiel war auf einem \u00fcberraschend hohem Niveau was die Geschwindigkeit und der K\u00f6rpereinsatz angeht. Fussballerisch wurde leider nicht viel geboten. Der Regen und die K\u00e4lte taten ihr \u00fcbriges.<\/p>\n<p>In der U23 spielt kein Spieler, den ich mir sofort in die erste Mannschaft w\u00fcnschen w\u00fcrde. Sternberg wu\u00dfte zu \u00fcberzeugen, ist auch der Kapit\u00e4n der Truppe und Rechtsaussen machte Hendrik Dettmann ein gutes Spiel. <\/p>\n<p>In der Offensive fanden wir viel zu selten statt. Kelbel und auch Pulido wurden zu wenig in Szene gesetzt. Uns fehlt auch in der zweiten Mannschaft eine Idee, den Ball nach vorne zu tragen. Da Kacar im Mittelfeld stand, habe ich mir da mehr versprochen. <\/p>\n<p>Was machten nun die Profis?<br \/>\nScharner dirigierte die Abwehr lautstark und sprach viel mit den jungen Spielern. Jeffrey Bruma war, nunja, wie umschreibe ich es so, da\u00df ich nicht abgemahnt werde, Bruma war eben Bruma. Kamikaze, keine klare Aktion nach vorne, viel zu l\u00e4ssig, im ernst, ich habe nur ein Ball gesehen, den er klar und dynamisch gekl\u00e4rt hat. Sein Hey, Du! brachte nichts und er wirkte so als ob er nicht dabei sein will. Nun kann ich verstehen, da\u00df wir Rajkovic wieder zur\u00fcck geholt haben, ich denke die Kaufoption f\u00fcr ihn werden wir nicht ziehen. Das hat doch auch was mit der Einstellung zu tun. Apropos Einstellung: Kacar war in der ersten Halbzeit noch recht bem\u00fcht, aber dann lie\u00df es bei ihm nach. Er blieb stehen und machte sich die Haare anstatt beim Konter mit zur\u00fcck zu laufen. Das sagt schon alles.<\/p>\n<p>Abschlie\u00dfen ein Lob an den sehr jungen Schiedsrichter Tim Skorczyk: Er hatte die Partie sehr gut im Griff, als Hektik aufkam, war er sofort da und machte den Spielern deutlich, wie weit sie gehen d\u00fcrfen. Klasse Leistung, ich hoffe er schafft es in die Bundesliga. Lustig war allerdings der Assistent, der wirklich alles und jeden kommentierte und ansagte. Das bekommt man in der Bundesliga nicht mit, aber war mal klasse zu h\u00f6ren. Und sehr sehr witzig.<\/p>\n<p>W\u00fcrde ich den P\u00f6bler des Spiels ausloben, Bruma h\u00e4tte ihn bekommen. Kacar folgt dann gleich danach. So wird das nichts mit dem Einsatz in der ersten Mannschaft, Frank Arnesen sa\u00df auf der Haupttrib\u00fcne und wird dem Trainer bestimmt berichten.<\/p>\n<p><a href=\"http:\/\/fussballdaten.de\/regionalliga\/nord\/2013\/2\/hamburgii-bremenii\/\" target=\"_blank\">Hier die Aufstellung und Auswechslungen des Spiels.<br \/>\n<\/a><br \/>\nAm Sonntag spielt die Zweite gegen Goslar, ich werde wieder im Stadion dabei sein.<\/p>\n<p>Hier noch eine Auswahl an Fotos vom Spiel.<br \/>\n\n\t\t<style type=\"text\/css\">\n\t\t\t#gallery-1 {\n\t\t\t\tmargin: auto;\n\t\t\t}\n\t\t\t#gallery-1 .gallery-item {\n\t\t\t\tfloat: left;\n\t\t\t\tmargin-top: 10px;\n\t\t\t\ttext-align: center;\n\t\t\t\twidth: 33%;\n\t\t\t}\n\t\t\t#gallery-1 img {\n\t\t\t\tborder: 2px solid #cfcfcf;\n\t\t\t}\n\t\t\t#gallery-1 .gallery-caption {\n\t\t\t\tmargin-left: 0;\n\t\t\t}\n\t\t\t\/* see gallery_shortcode() in wp-includes\/media.php *\/\n\t\t<\/style>\n\t\t<div id='gallery-1' class='gallery galleryid-5354 gallery-columns-3 gallery-size-thumbnail'><dl class='gallery-item'>\n\t\t\t<dt class='gallery-icon landscape'>\n\t\t\t\t<a href='http:\/\/www.nedsblog.de\/wp-content\/uploads\/2012-11-06-18.17.50.jpg'><img loading=\"lazy\" decoding=\"async\" width=\"150\" height=\"150\" src=\"http:\/\/www.nedsblog.de\/wp-content\/uploads\/2012-11-06-18.17.50-150x150.jpg\" class=\"attachment-thumbnail size-thumbnail\" alt=\"\" \/><\/a>\n\t\t\t<\/dt><\/dl><dl class='gallery-item'>\n\t\t\t<dt class='gallery-icon portrait'>\n\t\t\t\t<a href='http:\/\/www.nedsblog.de\/wp-content\/uploads\/2012-11-06-18.26.07.jpg'><img loading=\"lazy\" decoding=\"async\" width=\"150\" height=\"150\" src=\"http:\/\/www.nedsblog.de\/wp-content\/uploads\/2012-11-06-18.26.07-150x150.jpg\" class=\"attachment-thumbnail size-thumbnail\" alt=\"\" \/><\/a>\n\t\t\t<\/dt><\/dl><dl class='gallery-item'>\n\t\t\t<dt class='gallery-icon portrait'>\n\t\t\t\t<a href='http:\/\/www.nedsblog.de\/wp-content\/uploads\/2012-11-06-18.28.12.jpg'><img loading=\"lazy\" decoding=\"async\" width=\"150\" height=\"150\" src=\"http:\/\/www.nedsblog.de\/wp-content\/uploads\/2012-11-06-18.28.12-150x150.jpg\" class=\"attachment-thumbnail size-thumbnail\" alt=\"\" \/><\/a>\n\t\t\t<\/dt><\/dl><br style=\"clear: both\" \/><dl class='gallery-item'>\n\t\t\t<dt class='gallery-icon landscape'>\n\t\t\t\t<a href='http:\/\/www.nedsblog.de\/wp-content\/uploads\/2012-11-06-18.36.34.jpg'><img loading=\"lazy\" decoding=\"async\" width=\"150\" height=\"150\" src=\"http:\/\/www.nedsblog.de\/wp-content\/uploads\/2012-11-06-18.36.34-150x150.jpg\" class=\"attachment-thumbnail size-thumbnail\" alt=\"\" \/><\/a>\n\t\t\t<\/dt><\/dl><dl class='gallery-item'>\n\t\t\t<dt class='gallery-icon landscape'>\n\t\t\t\t<a href='http:\/\/www.nedsblog.de\/wp-content\/uploads\/2012-11-06-18.41.44.jpg'><img loading=\"lazy\" decoding=\"async\" width=\"150\" height=\"150\" src=\"http:\/\/www.nedsblog.de\/wp-content\/uploads\/2012-11-06-18.41.44-150x150.jpg\" class=\"attachment-thumbnail size-thumbnail\" alt=\"\" \/><\/a>\n\t\t\t<\/dt><\/dl><dl class='gallery-item'>\n\t\t\t<dt class='gallery-icon landscape'>\n\t\t\t\t<a href='http:\/\/www.nedsblog.de\/wp-content\/uploads\/2012-11-06-18.52.35.jpg'><img loading=\"lazy\" decoding=\"async\" width=\"150\" height=\"150\" src=\"http:\/\/www.nedsblog.de\/wp-content\/uploads\/2012-11-06-18.52.35-150x150.jpg\" class=\"attachment-thumbnail size-thumbnail\" alt=\"\" \/><\/a>\n\t\t\t<\/dt><\/dl><br style=\"clear: both\" \/><dl class='gallery-item'>\n\t\t\t<dt class='gallery-icon landscape'>\n\t\t\t\t<a href='http:\/\/www.nedsblog.de\/wp-content\/uploads\/2012-11-06-19.03.21.jpg'><img loading=\"lazy\" decoding=\"async\" width=\"150\" height=\"150\" src=\"http:\/\/www.nedsblog.de\/wp-content\/uploads\/2012-11-06-19.03.21-150x150.jpg\" class=\"attachment-thumbnail size-thumbnail\" alt=\"\" \/><\/a>\n\t\t\t<\/dt><\/dl>\n\t\t\t<br style='clear: both' \/>\n\t\t<\/div>\n<\/p>\n<p>In diesem Sinne:<strong> Nur der HSV!<\/strong><\/p>\n","protected":false},"excerpt":{"rendered":"<p>So sollte es eigentlich gestern hei\u00dfen. Ich entschied mich aber f\u00fcr das live twittern. Worum ging es? Regionalliga Nord, Nachholspiel, Nordderby Der HSV steht nach 12 Spielen mit einer Bilanz von 4-4-4 (16 Punkte) auf Platz 11, der Gegner hat erst 11 Spiele aber 20 Punkte (6-2-3) und steht damit auf Platz 6. F\u00fcr den [&hellip;]<\/p>\n","protected":false},"author":2,"featured_media":0,"comment_status":"open","ping_status":"open","sticky":false,"template":"","format":"standard","meta":{"footnotes":""},"categories":[184,456],"tags":[459,648,329,649,457,458],"class_list":["post-5354","post","type-post","status-publish","format-standard","hentry","category-hsvii","category-regionalliga-nord","tag-amateure","tag-hsvii","tag-nordderby","tag-regionalliga-nord","tag-u23","tag-werdaii"],"_links":{"self":[{"href":"http:\/\/www.nedsblog.de\/index.php?rest_route=\/wp\/v2\/posts\/5354","targetHints":{"allow":["GET"]}}],"collection":[{"href":"http:\/\/www.nedsblog.de\/index.php?rest_route=\/wp\/v2\/posts"}],"about":[{"href":"http:\/\/www.nedsblog.de\/index.php?rest_route=\/wp\/v2\/types\/post"}],"author":[{"embeddable":true,"href":"http:\/\/www.nedsblog.de\/index.php?rest_route=\/wp\/v2\/users\/2"}],"replies":[{"embeddable":true,"href":"http:\/\/www.nedsblog.de\/index.php?rest_route=%2Fwp%2Fv2%2Fcomments&post=5354"}],"version-history":[{"count":15,"href":"http:\/\/www.nedsblog.de\/index.php?rest_route=\/wp\/v2\/posts\/5354\/revisions"}],"predecessor-version":[{"id":5376,"href":"http:\/\/www.nedsblog.de\/index.php?rest_route=\/wp\/v2\/posts\/5354\/revisions\/5376"}],"wp:attachment":[{"href":"http:\/\/www.nedsblog.de\/index.php?rest_route=%2Fwp%2Fv2%2Fmedia&parent=5354"}],"wp:term":[{"taxonomy":"category","embeddable":true,"href":"http:\/\/www.nedsblog.de\/index.php?rest_route=%2Fwp%2Fv2%2Fcategories&post=5354"},{"taxonomy":"post_tag","embeddable":true,"href":"http:\/\/www.nedsblog.de\/index.php?rest_route=%2Fwp%2Fv2%2Ftags&post=5354"}],"curies":[{"name":"wp","href":"https:\/\/api.w.org\/{rel}","templated":true}]}}