{"id":5471,"date":"2013-01-08T19:25:03","date_gmt":"2013-01-08T18:25:03","guid":{"rendered":"http:\/\/www.nedsblog.de\/?p=5471"},"modified":"2013-03-03T11:53:27","modified_gmt":"2013-03-03T10:53:27","slug":"die-hinrunde-bundesliga-20122013","status":"publish","type":"post","link":"http:\/\/www.nedsblog.de\/?p=5471","title":{"rendered":"Die Hinrunde. Bundesliga 2012\/2013"},"content":{"rendered":"<h2>Wie war&#8217;s?<\/h2>\n<p>10. Platz, 12 Punkte Vorsprung auf den 16. Tabellenplatz<br \/>\nDas klingt f\u00fcr mich richtig gut. Vor der Saison h\u00e4tte ich nicht gedacht, da\u00df wir am Ende der Hinrunde so souver\u00e4n im Mittelfeld verweilen. Zumal der Anfang so schwierig war. 0 Punkte aus den ersten drei Spielen. Leicht macht es uns der HSV wohl nie.<br \/>\nAber dann holen wir in 14 Spielen 21 Punkte, schlagen den Deutschen Meister, schlagen Schalke und Hannover. Krass. <\/p>\n<p>Alles in allem liegen wir unter dem Schnitt was unsere Punkteausbeute angeht. In den letzten 50 Bundesligajahren haben wir in der Hinrunde im Schnitt 28 Punkte geholt. Mit Platz 10 liegen wir auch 2 Pl\u00e4tze unter der durchschnittlichen Platzierung: 8.<br \/>\n<!--more--><br \/>\nWas mir gut gefallen hat war die Entwicklung der Mannschaft, des Systems und der Spielweise. Dacht ich am Anfang noch, das hoch und weit sich zur Regel entwickelt, zeigte die Mannschaft und der Trainer vielversprechende Spiele: Ich habe gesehen, was die Mannschaft in der Offensive alles drauf hat. Welche Leistungen da noch drin sind. Toll. Davon bitte in der R\u00fcckrunde mehr.<\/p>\n<p>Mit 21 Gegentoren stehen wir sehr gut da, es waren allerdings 6 zu Null Spiele dabei, was bedeutet: Fangen wir ein Gegentor, sind es im Schnitt fast 2 (21 Tore in 11 Spielen). Da gibt es Verbesserungspotential.<\/p>\n<p>Auff\u00e4llig ist die gute Stimmung in Hamburg. Der Umbruch der letzten Saison hat auch bei den Fans und im Umfeld viel Kraft gekostet und nur eine so gute Hinrunde konnte daf\u00fcr sorgen, da\u00df alle wieder mit einem L\u00e4cheln ins Stadion gehen und sich auf die n\u00e4chsten Spiele freuen. Das liegt auch an der Verpflichtung von Raffael van der Vaart, aber meiner Meinung nach noch viel mehr an dem Auftreten der Mannschaft. Ich hatte nie das Gef\u00fchl, da\u00df sie nicht wollen. Wenn es nicht gut f\u00fcr uns ausging, dann konnten wir meist einfach nicht mehr leisten. Aber gewollt haben wir immer.<\/p>\n<p>Es gibt immer noch Baustellen, die dem Umbruch geschuldet immer noch nicht beendet sind: Der Kader ist weiter zu gro\u00df, die zweite Mannschaft ist noch nicht stabil, der Aufsichtsrat verliert ein Mitglied nach dem anderen und die letzten drei Mitgliederversammlungen haben gezeigt, da\u00df es weiterhin eine Spaltung in der Mitgliedschaft gibt. <\/p>\n<p>Die uns\u00e4gliche Geschichte mit viagogo ist aus der Welt geschafft, jedenfalls ist der Vertrag gek\u00fcndigt (worden). Im Gegenzug werden die Dauerkartenpreise erh\u00f6ht. Ich finde das nicht schlimm, es ist die erste Erh\u00f6hung seit Jahren. H\u00e4tte man meiner Meinung nach noch anders machen k\u00f6nnen, aber so ist wengistens ein \u00dcbel weniger.<\/p>\n<p>Sicher habe ich mich auch im Stadion gef\u00fchlt, die Debatte um die Richtlinie &#8222;Sicheres Stadionerlebnis&#8220; wird uns wohl weiter begleiten. Hoffentlich f\u00fchrt es nicht zur Spaltung innerhalb der Fans. Die Ultras in ihrer extremen Position hatten bei der Aktion 12:12 viel Unterst\u00fctzung, diese werden sie aber nicht mehr bekommen, weitere Aktionen werden nicht auf viel Gegenliebe sto\u00dfen.<\/p>\n<p>Der Vorstand macht seine Arbeit sehr gut, es ist viel ruhiger geworden in den letzten Wochen, was nat\u00fcrlich auch mit der guten Position in der Tabelle zusammen h\u00e4ngt. Frank Arnesen ist jetzt wieder gefordert. Der Kader mu\u00df weiter umgebrochen werden.<\/p>\n<p>Schauen wir in die Mannschaftsteile<\/p>\n<p><strong>Tor<\/strong><\/p>\n<p>Unsere Nummer <del>eins<\/del> 15 ist einer der herausragenden Spieler der Hinrunde. Das best\u00e4tigt eure Wahl zum <a href=\"http:\/\/www.nedsblog.de\/?p=5563\" title=\"Der Adler ist gelandet\" target=\"_blank\">Spieler der Hinrunde<\/a>. Ich mache das hier noch nicht all zu lange, aber so einen Vorsprung wie Adler ihn hatte, gab es noch nie.<br \/>\nSoll ich weiter lobhudeln? Ich denke diese Aussage reicht: Seit ich HSV Fan bin, habe ich noch nie einen so guten Torwart bei uns zwischen den Pfosten stehen sehen. Ja, mein Start war nicht einfach (1987 mit Mladen Pralija), aber Rost sowie Drobny hatten schon eine hohe Qualit\u00e4t.<\/p>\n<p>Drobny, Neuhaus und Mickel alle ohne Einsatz.<\/p>\n<p>Tom Mickel wechselt nach F\u00fcrth, wird sich dort mit Wolfgang Hesl ein Duell um die Nummer eins geben. Ich kann ihn verstehen, seine Perspektive bei uns regelm\u00e4ssig in der Startelf zu stehen ist mit der Verpflichtung von Adler auf 0 gesunken. Jaroslav wird uns wohl nicht im Winter verlassen, der Verein wird da kein Risiko eingehen und sich &#8222;nur&#8220; auf Neuhaus und Stritzel verlassen.<\/p>\n<p><strong>Abwehr<\/strong><\/p>\n<p>Wow.<br \/>\nWelche Entwicklung. Die viertwenigsten Gegentore von 17 Vereinen.<br \/>\nDie Innenverteidigung steht stabil, es wirkt alles viel weniger klopsig als in der letzten Saison. Mit Mancienne und Westermann haben wir ein stabiles Duo, Zweikampfstark und taktisch klasse. Die Au\u00dfen sind ein klein wenig unsere Problemposition, rechts ist Dennis Diekmeier stabiler geworden, aber ein echter Rechtsverteidiger wird er wohl leider nicht mehr werden. Links startete Aogo in die Saison um dann aber eine l\u00e4ngere Auszeit zu nehmen. Die hat ihm offensichtlich sehr gut getan, er wirbelt nun im Mittelfeld und macht seine Sache da richtig gut. Marcell Jansen hat auf der Position richtig gute Spiele gemacht (ja, ich schreibe das gerade) und ist eine echte Alternative. Leider verletzte er sich dann. Zhi Gin Lam spielte 3 mal auf dieser Position und machte es auch gut. Dennoch sind die Au\u00dfen unsere gr\u00f6\u00dfte Schwachstelle. <\/p>\n<p>Paul Scharner ist noch nicht so richtig auf dem Platz angekommen, im Moment mu\u00df er sich aber sowieso mit einer Ersatzrolle zufrieden geben. Gleiches gilt f\u00fcr Kamikaze Jeffrey, er wird rumgereicht von Position zu Position, seinen Stammplatz hat er verloren. Ich denke der Verein wird sich am Ende der Saison auch nicht darum bem\u00fchen, ihn von Chelsea zu kaufen. Ich hatte eigentlich gedacht, da\u00df er eine bessere Entwicklung als Mancienne bei uns macht, aber da habe ich mich get\u00e4uscht.<\/p>\n<p>Kein Einsatz in der Hinrunde f\u00fcr Rajkovic, Besic und Sternberg. Die ersten beiden haben seit dem Beginn der ersten Transferperiode ein &#8222;Zu verkaufen&#8220; Schild um den Hals.<br \/>\nWobei ich das bei Boban kritisch sehe: Mancienne weckt mit seinen Leistungen Begehrlichkeiten in England (hey, ein so guter IV aus England, der nicht in England spielt?), Bruma ist nur geliehen und Westermann wird nicht j\u00fcnger. Da w\u00e4re es gut einen Boban in der Hinterhand zu haben. Der Trainer hat ihm ja auch verziehen.\n<\/p>\n<p><strong>Mittelfeld<\/strong><\/p>\n<p>Was eine Steigerung zur letzten Saison. Mit Milan Badelj, Raffael van der Vaart und Petr Jiracek haben wir ein super Angebot im defensiven und offensiven Mittelfeld. Gerade Milan bringt eine Sicherheit in unsere Mannschaft, die man in Zahlen schwer ausdr\u00fccken kann. van der Vaart hat eine Euphorie in die Mannschaft und das Umfeld gebracht, die auch schwer an Zahlen fest zu machen ist. Nehmen wir Tolgay Arslan. Seine Entwicklung ist der Hammer, er wird auf eine Position gestellt, auf der ihn niemand erwartet hat. Toll.<\/p>\n<p>Maxi Beister brauchte Zeit und vor allem die richtige Position um sich in der Bundesliga zurecht zu finden. Aber auch da sehe ich eine Entwicklung, die ich so nicht mehr erwartet h\u00e4tte. Er wirkte mir zu arrogant und nicht bereit dazu zu lernen. Das hat der Trainer sehr gut hinbekommen.<\/p>\n<p>Apropos hinbekommen: Per Skjelbred. Unfassbar. Auf der Verkaufsliste, niemand hat ihn auf dem Zettel und dann bringt er diese Leistungen auf den Platz. Klasse. Auch wenn ich glaube, da\u00df er immer noch abgegeben werden soll. <\/p>\n<p>Ein Problemkind ist Jacopo Sala. Sein Platz scheint nicht gefunden und die Kurzeins\u00e4tze sind immer ordentlich, aber er dr\u00e4ngt sich anscheinend nicht auf. Bei Sala vermute ich, da\u00df er zu vielseitig ist, aber nichts richtig gut kann. So einen Spieler braucht man, aber er hat eben meist ein Mannschaftskamerad vor sich, der die spezielle Position eben besser ausf\u00fcllt.<\/p>\n<p>Ivo will jetzt ja angreifen, er war lange verletzt ist aber im Moment auch zweite Wahl. Ich bin gespannt, ob da noch was kommt. So richtig daran glaube ich nicht, aber ich lasse mich gerne eines besseren belehren.<\/p>\n<p>Einzig ohne Einsatz: Kacar und N\u00f6rgaard. Ich hoffe Christian N\u00f6rgaard wird in die zweite Bundesliga verliehen und, da bin ich sehr offen und ehrlich, Gojko Kacar wird verkauft. Die bisherigen Nachrichten zu ihm lesen sich aber nicht so, verdient er bei uns ja noch ein Haufen Geld, den er verst\u00e4ndlicher Weise nicht aufgeben will. <\/p>\n<p><strong>Sturm<\/strong><\/p>\n<p>Tost\u00fcrmer ist Artjoms Rudnevs mit 6 Toren und 3 Vorlagen. Heung Min Son folgt mit ebenfalls 6 Toren aber keiner Vorlage. Marcus Berg hat beides nicht.<\/p>\n<p>Wenn ich jetzt hier alles schreiben w\u00fcrde, was ich zu Marcus Berg im Kopf habe, dann w\u00fcrde das den Rahmen sprengen. Er hatte es hier nie leicht und wird es wohl aber auch leider hier nie schaffen. Schade. Ich glaube er ist ein guter St\u00fcrmer und hoffe er findet einen Verein, in dem er es zeigen kann.<\/p>\n<p>Rudi ist eine \u00dcberraschung f\u00fcr mich. Ich hatte erst in der n\u00e4chsten Saison mit einer solchen Leistung gerechnet und bin echt gl\u00fccklich \u00fcber seine 6 Tore. Er mu\u00df sich noch steigern, das wird er auch.<br \/>\nHeung Min Son ist immer noch jung. Aber meiner Meinung nach entwickelt er sich nicht mehr weiter. Wir haben nun einige Positionen mit ihm ausprobiert und so richtig f\u00fchlt er sich nirgens zugeh\u00f6rig. Ich dachte im pa\u00dft es als h\u00e4ngende Spitze zu spielen, aber auch da verdaddelt er den Ball viel zu oft und trifft zu oft falsche Entscheidungen. Klar, auch er hat 6 Tore auf dem Konto, aber mehr eben auch nicht. Wir werden sehen, wie er sich entwickelt.<\/p>\n<p>Kein St\u00fcrmer ohne Einsatz. Alle haben mal spielen d\u00fcrfen.<\/p>\n<p><strong>Taktik<\/strong><\/p>\n<p>4-2-3-1, 4-3-3 und 4-4-2 waren unsere Systeme in der Hinrunde. Wobei wir das 4-3-3 nur gegen die Bayern probiert haben.<br \/>\nWas habe ich noch gemotzt, da\u00df der Trainer nicht variiert und versucht die Spieler so einzusetzen, da\u00df sie ihre Qualit\u00e4ten ausspielen k\u00f6nnen. Und dann machte er es. War die Taktik gegen Bayern noch kritisiert worden, konnte man ihm beim 4-4-2 in den letzten Spielen keinen Vorwurf machen. Auch Spieler auf Positionen zu stellen, auf denen man sie nicht erwartet. Arslan, Lam und vor allem Aogo haben ihre Sache allesamt richtig gut gemacht und der Trainer gewinnt so Vertrauen in seine Entscheidungen. <\/p>\n<p>Ich finde Thorsten Fink macht seine Sache richtig gut. Das meint der Verein wohl auch, ist er doch schon \u00fcber ein Jahr im Amt. Wie waren die Quoten auf eine vorzeitige Entlassung vor der Saison? Und wer ist alles geflogen? Das l\u00e4\u00dft mich l\u00e4cheln und allen Kritikern einen bestimmten Finger zeigen :)<\/p>\n<p>Die Entwicklung ist aber noch nicht am Ende. N\u00e4chste Lektion: W\u00e4hrend des Spiels reagieren und die Taktik umstellen. Da kommen wir auch noch hin. Der moderne Fu\u00dfball verlangt es von einem Team, da\u00df mit seinem System noch nicht dominieren kann.<\/p>\n<p><strong>Einwechslungen<\/strong><\/p>\n<p>Bisher habe ich keine Probleme mit der Art zu wechseln. Es gab da die Einwechslung von Tesche, die niemand verstanden hat, aber das kam nur einmal vor. Danach fand ich es immer sehr stimmig, was von der Bank kam.<\/p>\n<p><strong>Spiel\/Spieler der Hinrunde:<\/strong><\/p>\n<p>Rene Adler, verdient und zu recht.<\/p>\n<p><strong>P\u00f6bler der Hinrunde:<\/strong><\/p>\n<p>F\u00fcr mich Robert Tesche, auch wenn man ihm kein Vorwurf machen kann, seinen Arbeitsvertrag erf\u00fcllt haben zu wollen. Also an sich kein P\u00f6bler sondern eine Entt\u00e4uschung.<\/p>\n<h2>Was sagt die Statistik?<\/h2>\n<p>Das k\u00f6nnt ihr <a href=\"http:\/\/www.nedsblog.de\/?p=5493\" title=\"Die Statistiken der Hinrunde. Bundesliga 2012\/2013\" target=\"_blank\">hier<\/a> lesen.<\/p>\n<h2>Leihspielercheck<\/h2>\n<p>Hier ein kurzer Blick auf die verliehenen Spieler.<br \/>\n<em>Hakan Calhanoglu<\/em>, KSC<br \/>\nWow. Gegen Ende der Hinrunde zog seine Leistung richtig an, er war in der Offensive der Karlsruher der Dreh- und Angelpunkt. Alles in allem hat er 21 Spiele in der 3. Liga gemacht, stand 86 Minuten im Schnitt auf dem Platz. Dabei brachte er es auf 7 Tore und 9 Vorlagen. Wow, wie ich Eingangs schrieb.<\/p>\n<h2>Was macht eigentlich &#8230;?<\/h2>\n<p>\n<em>G\u00f6khan T\u00f6re<\/em><br \/>\n6 Spiele f\u00fcr Rubin Kazan, 4 in der Liga, 2 in der Europa League. Spielt keine Rolle in seinem neuen Verein.<br \/>\n<em>Macauley Chrisantus<\/em><br \/>\nAuch in der zweiten spanischen Liga spielt er keine Rolle. 5 Spiele in der Startelf, den Rest seine Spiele als Einwechselspieler. 5 Tore und 2 Vorlagen sind dann okay, aber eben auch nicht mehr.<br \/>\n<em>Paolo Guerrero<\/em><br \/>\nAch wie sch\u00f6n es doch in Brasilien ist. Immer warm, niemals Regen und der Fu\u00dfball ist einfach viel besser. So ungef\u00e4hr interpretiere ich seine letzten Worte in der MoPo.<br \/>\nLeistungstechnisch hat er 15 Spiele, 6 Tore und 2 Vorlagen auf dem Konto. Nunja, kennen wir dieses Niveau.<br \/>\n<em>Romeo Castelen<\/em><br \/>\nMir ist nicht bekannt, da\u00df er ein Verein gefunden hat.<br \/>\n<em>Micka\u00ebl Tavares<\/em><br \/>\nSpielte vier mal in der Reserve von Fulham.<br \/>\n<em>Miroslav Stepanek<\/em><br \/>\nSpielt bei FK Senica keine Rolle. Er galt mal als Riesentalent.<br \/>\n<em>Mladen Petric<\/em><br \/>\n12 Spiele, 5 Tore und eine Vorlage. Die Quote ist gut, richtiger Stammspieler ist er in London wohl aber nicht.<br \/>\n<em>David Jarol\u00edm<\/em><br \/>\nSCHALALALALA!<br \/>\nEr wurde mit Kaiserslautern in Verbindung gebracht, wird ab der n\u00e4chsten Saison bei uns im Jugendbereich arbeiten. Sein Vertrag mit Evian l\u00f6ste er w\u00e4hrend der Saison auf.<br \/>\nIch finde es gut, da\u00df er nicht in die erste Liga wechselt, k\u00f6nnt ihr euch vorstellen, er l\u00e4uft gegen uns auf? Das geht nicht! So gar nicht!<br \/>\n<em>S\u00f6ren Bertram<\/em><br \/>\n10 Spiele in der Regionalliga h\u00e4tte er auch bei uns haben k\u00f6nnen. Reicht selbst bei Bochum wohl nicht f\u00fcr die zweite Liga.<br \/>\n<em>D\u00e1niel Nagy<\/em><br \/>\nEr spielt in der 3. Liga machte dort 21 Spiele. Das h\u00e4tte er bei uns nicht haben k\u00f6nnen. Schafft er den Absprung eine Liga h\u00f6her? Ich werde da ein Auge drauf haben, er gilt als talentierter Mittelfeldspieler.\n<\/p>\n<p>Die Winterpause ist endlich bald rum, ich freue mich riesig auf die R\u00fcckrunde der Saison 2012\/2013!<\/p>\n<p>In diesem Sinne: <strong>Nur der HSV!<\/strong><\/p>\n<p style=\"font-size: x-small\">\n","protected":false},"excerpt":{"rendered":"<p>Wie war&#8217;s? 10. Platz, 12 Punkte Vorsprung auf den 16. Tabellenplatz Das klingt f\u00fcr mich richtig gut. Vor der Saison h\u00e4tte ich nicht gedacht, da\u00df wir am Ende der Hinrunde so souver\u00e4n im Mittelfeld verweilen. Zumal der Anfang so schwierig war. 0 Punkte aus den ersten drei Spielen. Leicht macht es uns der HSV wohl [&hellip;]<\/p>\n","protected":false},"author":2,"featured_media":0,"comment_status":"open","ping_status":"open","sticky":false,"template":"","format":"standard","meta":{"footnotes":""},"categories":[23,4],"tags":[642,79,639,10,415],"class_list":["post-5471","post","type-post","status-publish","format-standard","hentry","category-bundesliga","category-hsv","tag-bundesliga","tag-hinrunde","tag-hsv","tag-kader","tag-saison-20122013"],"_links":{"self":[{"href":"http:\/\/www.nedsblog.de\/index.php?rest_route=\/wp\/v2\/posts\/5471","targetHints":{"allow":["GET"]}}],"collection":[{"href":"http:\/\/www.nedsblog.de\/index.php?rest_route=\/wp\/v2\/posts"}],"about":[{"href":"http:\/\/www.nedsblog.de\/index.php?rest_route=\/wp\/v2\/types\/post"}],"author":[{"embeddable":true,"href":"http:\/\/www.nedsblog.de\/index.php?rest_route=\/wp\/v2\/users\/2"}],"replies":[{"embeddable":true,"href":"http:\/\/www.nedsblog.de\/index.php?rest_route=%2Fwp%2Fv2%2Fcomments&post=5471"}],"version-history":[{"count":11,"href":"http:\/\/www.nedsblog.de\/index.php?rest_route=\/wp\/v2\/posts\/5471\/revisions"}],"predecessor-version":[{"id":5712,"href":"http:\/\/www.nedsblog.de\/index.php?rest_route=\/wp\/v2\/posts\/5471\/revisions\/5712"}],"wp:attachment":[{"href":"http:\/\/www.nedsblog.de\/index.php?rest_route=%2Fwp%2Fv2%2Fmedia&parent=5471"}],"wp:term":[{"taxonomy":"category","embeddable":true,"href":"http:\/\/www.nedsblog.de\/index.php?rest_route=%2Fwp%2Fv2%2Fcategories&post=5471"},{"taxonomy":"post_tag","embeddable":true,"href":"http:\/\/www.nedsblog.de\/index.php?rest_route=%2Fwp%2Fv2%2Ftags&post=5471"}],"curies":[{"name":"wp","href":"https:\/\/api.w.org\/{rel}","templated":true}]}}